{"id":14834,"date":"2017-01-21T17:20:30","date_gmt":"2017-01-21T16:20:30","guid":{"rendered":"https:\/\/vozcomoarma.noblogs.org\/?p=14834"},"modified":"2017-01-21T17:20:30","modified_gmt":"2017-01-21T16:20:30","slug":"musica-primera-maqueta-de-tenue","status":"publish","type":"post","link":"https:\/\/vozcomoarma.noblogs.org\/?p=14834","title":{"rendered":"[M\u00fasica] Primera maqueta de Tenue"},"content":{"rendered":"<p align=\"justify\"><a href=\"https:\/\/vozcomoarma.noblogs.org\/files\/2017\/01\/a1347054091_10.jpg\"><img loading=\"lazy\" decoding=\"async\" class=\"size-medium wp-image-14837 alignleft\" src=\"https:\/\/vozcomoarma.noblogs.org\/files\/2017\/01\/a1347054091_10-300x300.jpg\" alt=\"\" width=\"300\" height=\"300\" srcset=\"https:\/\/vozcomoarma.noblogs.org\/files\/2017\/01\/a1347054091_10-300x300.jpg 300w, https:\/\/vozcomoarma.noblogs.org\/files\/2017\/01\/a1347054091_10-768x768.jpg 768w, https:\/\/vozcomoarma.noblogs.org\/files\/2017\/01\/a1347054091_10-1024x1024.jpg 1024w, https:\/\/vozcomoarma.noblogs.org\/files\/2017\/01\/a1347054091_10.jpg 1200w\" sizes=\"auto, (max-width: 300px) 100vw, 300px\" \/><\/a>Coincidiendo con la celebraci\u00f3n un a\u00f1o m\u00e1s de la tradicional marcha a la prisi\u00f3n de Teixeiro en solidaridad con las personas presas, Tenue present\u00f3 y difundi\u00f3 su primera maqueta, compuesta de cuatro canciones.<\/p>\n<p align=\"justify\">Tenue son una reciente banda nacida entre Compostela y la zona de Baixo Mi\u00f1o, y hacen un neo-crust con bastantes toques screamo y aires ambientales, y voz en galego. Para descargar su maqueta u obtener m\u00e1s informaci\u00f3n, pod\u00e9is hacerlo clickando <strong><a href=\"https:\/\/mediafire.com\/file\/cfz30p6o8033fxh\/Tenue+-+Demo+MMXVII.rar\">aqu\u00ed<\/a><\/strong> o en <strong><a href=\"https:\/\/tenuepunx.bandcamp.com\">tenuepunx.bandcamp.com<\/a><\/strong><\/p>\n<p align=\"justify\">Les compa\u00f1eres presentan su proyecto de la siguiente forma.<\/p>\n<p align=\"justify\">&#8212;&#8212;&#8212;&#8212;&#8212;&#8212;&#8212;<\/p>\n<p align=\"justify\"><em>\u00ab\u00bfCu\u00e1ndo comenzar\u00e1 el gran baile de m\u00e1scaras? \u00bfCu\u00e1ndo estallar\u00e1 el horrendo escaparate &#8211; esa barrera de cristal que nos impide ser, que anula nuestra esencia? \u00bfCu\u00e1ndo nos conoceremos de veras, al margen de las relaciones espectaculares y mercantiles? El teatro debe cesar. Nuestras acciones deben hacer chirriar el mundo. Una lucha a muerte contra nosotrxs mismxs est\u00e1 llamando por nosotrxs. La guerra es clara. Comencemos ya.\u00bb<\/em><\/p>\n<p align=\"justify\"><em>Somos tres punks del rural llorando. Hacemos nihil pop veraniego para gente enfadada. Nos gustan las fotos de fil\u00f3sofxs con gatxs, el punk rural, los comedores veganos en okupas y el senderismo fino. Queremos destruir el capitalismo.<\/em><\/p>\n<p align=\"justify\"><em>Grabado, mezclado y masterizado por el gran Perku en casa de su abuela mientras ella descansaba, en el fr\u00edo Invierno gallego de 2017. Todo nuestro agradecimiento a este alquimista del silencio y el sonido por su dedicaci\u00f3n, paciencia y pr\u00e9stamos. Y por sus conocimientos de estraperlo inform\u00e1tico.<\/em><\/p>\n<p align=\"justify\"><em> Pinturas: Doyen, Eug\u00e8ne Louis \/ Bouchon, JP \/ Doyen, R. <\/em><br \/>\n<em> Atlas d&#8217;anatomie topographique. <\/em><br \/>\n<em> Paris, Maloine, 1911.<\/em><\/p>\n<p align=\"justify\">&#8212;&#8212;&#8212;&#8212;&#8212;&#8212;&#8212;&#8212;&#8212;&#8212;&#8212;&#8212;&#8212;&#8212;<\/p>\n<p align=\"justify\">A continuaci\u00f3n, una muestra:<\/p>\n<p align=\"justify\"><strong>Tenue &#8211; Solipsismo<\/strong><\/p>\n<audio class=\"wp-audio-shortcode\" id=\"audio-14834-1\" preload=\"none\" style=\"width: 100%;\" controls=\"controls\"><source type=\"audio\/mpeg\" src=\"https:\/\/vozcomoarma.noblogs.org\/files\/2017\/01\/Tenue-Solipsismo.mp3?_=1\" \/><a href=\"https:\/\/vozcomoarma.noblogs.org\/files\/2017\/01\/Tenue-Solipsismo.mp3\">https:\/\/vozcomoarma.noblogs.org\/files\/2017\/01\/Tenue-Solipsismo.mp3<\/a><\/audio>\n<p><strong>Letra en galego:<\/strong><\/p>\n<p><em>A orde dos Estados non tolera <\/em><br \/>\n<em> a desorde dos coraz\u00f3ns. <\/em><\/p>\n<p><em> \u00abBosques de acacias&#8230; <\/em><br \/>\n<em> s\u00f3 son deserto. <\/em><br \/>\n<em> S\u00f3 hai deserto.\u00bb <\/em><\/p>\n<p><em> O delirio v\u00f3lvese palpable. <\/em><br \/>\n<em> As ausencias inevitables. <\/em><br \/>\n<em> Cando comezou a guerra? <\/em><br \/>\n<em> Quen \u00e9 o inimigo?<\/em><\/p>\n<p><em> Distinguir os bandos, <\/em><br \/>\n<em> \u00e9 cada vez m\u00e1is complexo.<br \/>\n<\/em><em>O espectro subxectivo <\/em><br \/>\n<em> delimita os novos par\u00e1metros <\/em><br \/>\n<em> dun capitalismo encuberto. <\/em><br \/>\n<em> Radicalismo acad\u00e9mico, <\/em><br \/>\n<em> despotismo ilustrado: <\/em><br \/>\n<em> neocolonialismo. <\/em><\/p>\n<p><em> A megam\u00e1quina <\/em><br \/>\n<em> recupera todos os discursos <\/em><br \/>\n<em> que pretenden atentar contra ela. <\/em><br \/>\n<em> Niso reside o seu poder. <\/em><br \/>\n<em> Todo o absorbe, <\/em><br \/>\n<em> nada est\u00e1 exento. <\/em><br \/>\n<em> Ningu\u00e9n est\u00e1 exento. <\/em><\/p>\n<p><em> Todo se dil\u00fae. <\/em><br \/>\n<em> Todo. <\/em><br \/>\n<em> Onde est\u00e1 o inimigo? <\/em><br \/>\n<em> Somos n\u00f3s? <\/em><br \/>\n<em> Todo se dil\u00fae. <\/em><br \/>\n<em> Todo se dil\u00fae. <\/em><\/p>\n<p><strong> Letra traducida<\/strong><\/p>\n<p><em> El orden de los Estados <\/em><br \/>\n<em> no tolera el desorden de los corazones.<\/em><\/p>\n<p><em> \u00abBosques de acacias&#8230; <\/em><br \/>\n<em> s\u00f3lo son desierto. <\/em><br \/>\n<em> S\u00f3lo hay desierto.\u00bb <\/em><\/p>\n<p><em> El delirio se vuelve palpable, <\/em><br \/>\n<em> las ausencias inevitables. <\/em><br \/>\n<em> \u00bfCu\u00e1ndo empez\u00f3 la guerra? <\/em><br \/>\n<em> \u00bfQui\u00e9n es el enemigo? <\/em><\/p>\n<p><em> Distinguir los bandos <\/em><br \/>\n<em> es cada vez m\u00e1s complejo. <\/em><br \/>\n<em> El espectro subjetivo <\/em><br \/>\n<em> delimita los nuevos par\u00e1metros <\/em><br \/>\n<em> de un capitalismo encubierto. <\/em><br \/>\n<em> Radicalismo acad\u00e9mico, <\/em><br \/>\n<em> despotismo ilustrado: <\/em><br \/>\n<em> neocolonialismo. <\/em><\/p>\n<p><em> \u00abLa megam\u00e1quina recupera todos los discursos <\/em><br \/>\n<em> que pretenden atentar contra ella. En eso reside <\/em><br \/>\n<em> su poder. Todo lo absorbe, nada est\u00e1 exento. <\/em><br \/>\n<em> Nadie est\u00e1 exento.\u00bb <\/em><\/p>\n<p><em> Todo se diluye. <\/em><br \/>\n<em> Todo. <\/em><br \/>\n<em> \u00bfD\u00f3nde est\u00e1 el enemigo? <\/em><br \/>\n<em> \u00bfSomos nosotrxs? <\/em><br \/>\n<em> Todo se diluye. <\/em><br \/>\n<em> Todo se diluye.<\/em><\/p>\n","protected":false},"excerpt":{"rendered":"<p>Coincidiendo con la celebraci\u00f3n un a\u00f1o m\u00e1s de la tradicional marcha a la prisi\u00f3n de Teixeiro en solidaridad con las personas presas, Tenue present\u00f3 y difundi\u00f3 su primera maqueta, compuesta de cuatro canciones. Tenue son una reciente banda nacida entre &hellip; <a href=\"https:\/\/vozcomoarma.noblogs.org\/?p=14834\">Sigue leyendo <span class=\"meta-nav\">&rarr;<\/span><\/a><\/p>\n","protected":false},"author":7045,"featured_media":0,"comment_status":"closed","ping_status":"open","sticky":false,"template":"","format":"standard","meta":{"footnotes":""},"categories":[108,61,9],"tags":[18],"class_list":["post-14834","post","type-post","status-publish","format-standard","hentry","category-musica","category-noticias","category-noticias-y-comunicados","tag-galicia"],"_links":{"self":[{"href":"https:\/\/vozcomoarma.noblogs.org\/index.php?rest_route=\/wp\/v2\/posts\/14834","targetHints":{"allow":["GET"]}}],"collection":[{"href":"https:\/\/vozcomoarma.noblogs.org\/index.php?rest_route=\/wp\/v2\/posts"}],"about":[{"href":"https:\/\/vozcomoarma.noblogs.org\/index.php?rest_route=\/wp\/v2\/types\/post"}],"author":[{"embeddable":true,"href":"https:\/\/vozcomoarma.noblogs.org\/index.php?rest_route=\/wp\/v2\/users\/7045"}],"replies":[{"embeddable":true,"href":"https:\/\/vozcomoarma.noblogs.org\/index.php?rest_route=%2Fwp%2Fv2%2Fcomments&post=14834"}],"version-history":[{"count":2,"href":"https:\/\/vozcomoarma.noblogs.org\/index.php?rest_route=\/wp\/v2\/posts\/14834\/revisions"}],"predecessor-version":[{"id":14839,"href":"https:\/\/vozcomoarma.noblogs.org\/index.php?rest_route=\/wp\/v2\/posts\/14834\/revisions\/14839"}],"wp:attachment":[{"href":"https:\/\/vozcomoarma.noblogs.org\/index.php?rest_route=%2Fwp%2Fv2%2Fmedia&parent=14834"}],"wp:term":[{"taxonomy":"category","embeddable":true,"href":"https:\/\/vozcomoarma.noblogs.org\/index.php?rest_route=%2Fwp%2Fv2%2Fcategories&post=14834"},{"taxonomy":"post_tag","embeddable":true,"href":"https:\/\/vozcomoarma.noblogs.org\/index.php?rest_route=%2Fwp%2Fv2%2Ftags&post=14834"}],"curies":[{"name":"wp","href":"https:\/\/api.w.org\/{rel}","templated":true}]}}