{"id":14893,"date":"2017-01-30T12:32:56","date_gmt":"2017-01-30T11:32:56","guid":{"rendered":"https:\/\/vozcomoarma.noblogs.org\/?p=14893"},"modified":"2017-01-30T12:32:56","modified_gmt":"2017-01-30T11:32:56","slug":"paises-bajos-9-cajeros-automaticos-saboteados-como-gesto-de-solidaridad-con-les-anarquistas-acusades-de-expropiar-un-banco-en-alemania","status":"publish","type":"post","link":"https:\/\/vozcomoarma.noblogs.org\/?p=14893","title":{"rendered":"Pa\u00edses Bajos &#8211; 9 cajeros autom\u00e1ticos saboteados como gesto de solidaridad con les anarquistas acusades de expropiar un banco en Alemania"},"content":{"rendered":"<p align=\"justify\">Recojo traducido del blog de les compas de <strong><a href=\"http:\/\/www.inventati.org\/instintosalvaje\/holanda-cajeros-automaticos-destruidos-en-solidaridad-con-las-anarquistas-acusadas-de-robo-de-bancos-en-aachen-alemania\/\">Instinto Salvaje<\/a><\/strong> y difundo el siguiente comunicado, asumiendo la responsabilidad por el sabotaje de 9 cajeros autom\u00e1ticos de la ciudad de La Haya, en Pa\u00edses Bajos, en solidaridad con les dos anarquistas de Barcelona encarcelades en Alemania bajo acusaciones de haber expropiado una sucursal de Pax Bank, banco propiedad del Vaticano, en Aachen, Alemania:<\/p>\n<p align=\"justify\">&#8212;&#8212;&#8212;&#8212;&#8212;&#8212;&#8212;&#8212;&#8212;&#8212;&#8212;&#8212;&#8212;-<\/p>\n<p align=\"justify\"><em>Anoche destruimos 9 cajeros autom\u00e1ticos en Den Haag, Holanda, en solidaridad con las anarquistas acusadas de robos de bancos en Aachen, Alemania. Su proceso judicial se iniciar\u00e1 el 23 de enero de 2017, y tomar\u00e1 alrededor de 26 d\u00edas repartidos en un per\u00edodo de 5 meses.<\/em><\/p>\n<p align=\"justify\"><em>No estamos interesados en saber si las compa\u00f1eras son realmente responsables de los robos de bancos o no. La expropiaci\u00f3n es una pr\u00e1ctica \u00e9ticamente justa y pol\u00edticamente leg\u00edtima, un m\u00e9todo de lucha que forma parte de la historia de todos los movimientos revolucionarios.<\/em><\/p>\n<p align=\"justify\"><em><strong>\u00a1Queremos que sean libres! \u00a1Amor, rabia y solidaridad!<\/strong><\/em><br \/>\n<em> <strong>\u00a1Destruye todos los bancos! \u00a1Fuego a las c\u00e1rceles!<\/strong><\/em><\/p>\n","protected":false},"excerpt":{"rendered":"<p>Recojo traducido del blog de les compas de Instinto Salvaje y difundo el siguiente comunicado, asumiendo la responsabilidad por el sabotaje de 9 cajeros autom\u00e1ticos de la ciudad de La Haya, en Pa\u00edses Bajos, en solidaridad con les dos anarquistas &hellip; <a href=\"https:\/\/vozcomoarma.noblogs.org\/?p=14893\">Sigue leyendo <span class=\"meta-nav\">&rarr;<\/span><\/a><\/p>\n","protected":false},"author":7045,"featured_media":0,"comment_status":"closed","ping_status":"open","sticky":false,"template":"","format":"standard","meta":{"footnotes":""},"categories":[58,288,61,9,272],"tags":[51,107,48,16,26,94,10,11],"class_list":["post-14893","post","type-post","status-publish","format-standard","hentry","category-acciones","category-companero-detenido-el-21-junio-en-barcelona","category-noticias","category-noticias-y-comunicados","category-presa-15-de-abril-barcelona","tag-alemania","tag-barcelona","tag-cataluna","tag-guerra-social","tag-insurreccionalismo","tag-paises-bajos","tag-sabotaje","tag-solidaridad"],"_links":{"self":[{"href":"https:\/\/vozcomoarma.noblogs.org\/index.php?rest_route=\/wp\/v2\/posts\/14893","targetHints":{"allow":["GET"]}}],"collection":[{"href":"https:\/\/vozcomoarma.noblogs.org\/index.php?rest_route=\/wp\/v2\/posts"}],"about":[{"href":"https:\/\/vozcomoarma.noblogs.org\/index.php?rest_route=\/wp\/v2\/types\/post"}],"author":[{"embeddable":true,"href":"https:\/\/vozcomoarma.noblogs.org\/index.php?rest_route=\/wp\/v2\/users\/7045"}],"replies":[{"embeddable":true,"href":"https:\/\/vozcomoarma.noblogs.org\/index.php?rest_route=%2Fwp%2Fv2%2Fcomments&post=14893"}],"version-history":[{"count":1,"href":"https:\/\/vozcomoarma.noblogs.org\/index.php?rest_route=\/wp\/v2\/posts\/14893\/revisions"}],"predecessor-version":[{"id":14894,"href":"https:\/\/vozcomoarma.noblogs.org\/index.php?rest_route=\/wp\/v2\/posts\/14893\/revisions\/14894"}],"wp:attachment":[{"href":"https:\/\/vozcomoarma.noblogs.org\/index.php?rest_route=%2Fwp%2Fv2%2Fmedia&parent=14893"}],"wp:term":[{"taxonomy":"category","embeddable":true,"href":"https:\/\/vozcomoarma.noblogs.org\/index.php?rest_route=%2Fwp%2Fv2%2Fcategories&post=14893"},{"taxonomy":"post_tag","embeddable":true,"href":"https:\/\/vozcomoarma.noblogs.org\/index.php?rest_route=%2Fwp%2Fv2%2Ftags&post=14893"}],"curies":[{"name":"wp","href":"https:\/\/api.w.org\/{rel}","templated":true}]}}