{"id":14895,"date":"2017-01-30T13:08:02","date_gmt":"2017-01-30T12:08:02","guid":{"rendered":"https:\/\/vozcomoarma.noblogs.org\/?p=14895"},"modified":"2017-01-30T13:08:02","modified_gmt":"2017-01-30T12:08:02","slug":"mas-muestras-de-solidaridad-con-les-anarquistas-acusades-de-expropiacion-bancaria-en-alemania","status":"publish","type":"post","link":"https:\/\/vozcomoarma.noblogs.org\/?p=14895","title":{"rendered":"M\u00e1s muestras de solidaridad con les anarquistas acusades de expropiaci\u00f3n bancaria en Alemania"},"content":{"rendered":"<p align=\"justify\">Recojo estos dos comunicados reivindicando gestos solidarios en Navarra y Lleida respectivamente en apoyo a les anarquistas de Barcelona encarcelades en Alemania, acusades de haber expropiado un banco hace unos a\u00f1os.<\/p>\n<p align=\"justify\">&#8212;&#8212;&#8212;&#8212;&#8212;&#8212;&#8212;<\/p>\n<p align=\"justify\"><em><strong>Pancartas en solidaridad con lxs compa\u00f1erxs anarquistas que ser\u00e1n juzgadxs desde el 23 de enero en adelante en Alemania.<\/strong><\/em><\/p>\n<p align=\"justify\"><em>Se encuentran en Bakaikoa \u2013 Valle de Sakana (Navarra), entre Gasteiz y Iru\u00f1a.<\/em><\/p>\n<p align=\"justify\"><em>\u00c1nimo y pa\u2019 lante.<\/em><\/p>\n<p align=\"justify\"><em>Dicen:<\/em><br \/>\n<em>Libertad para los anarquistas encerrados en Alemania. Gora ekintza anarkista (viva la acci\u00f3n anarkista).<\/em><\/p>\n<p align=\"justify\"><a href=\"https:\/\/vozcomoarma.noblogs.org\/files\/2017\/01\/20170123_174832-544x326.jpg\"><img loading=\"lazy\" decoding=\"async\" class=\"aligncenter wp-image-14896 size-full\" src=\"https:\/\/vozcomoarma.noblogs.org\/files\/2017\/01\/20170123_174832-544x326.jpg\" width=\"544\" height=\"326\" srcset=\"https:\/\/vozcomoarma.noblogs.org\/files\/2017\/01\/20170123_174832-544x326.jpg 544w, https:\/\/vozcomoarma.noblogs.org\/files\/2017\/01\/20170123_174832-544x326-300x180.jpg 300w\" sizes=\"auto, (max-width: 544px) 100vw, 544px\" \/><\/a> <a href=\"https:\/\/vozcomoarma.noblogs.org\/files\/2017\/01\/20170123_174834-544x326.jpg\"><img loading=\"lazy\" decoding=\"async\" class=\"alignnone wp-image-14897 size-full aligncenter\" src=\"https:\/\/vozcomoarma.noblogs.org\/files\/2017\/01\/20170123_174834-544x326.jpg\" width=\"544\" height=\"326\" srcset=\"https:\/\/vozcomoarma.noblogs.org\/files\/2017\/01\/20170123_174834-544x326.jpg 544w, https:\/\/vozcomoarma.noblogs.org\/files\/2017\/01\/20170123_174834-544x326-300x180.jpg 300w\" sizes=\"auto, (max-width: 544px) 100vw, 544px\" \/><\/a>&#8212;&#8212;&#8212;&#8212;&#8212;&#8212;&#8212;<\/p>\n<p align=\"justify\"><strong><em>Sabotajes<\/em> a cerraduras de bancos y medios de la prensa burguesa en Lleida.<\/strong><\/p>\n<p align=\"justify\"><em><strong>Extra\u00eddo y traducido de <a href=\"https:\/\/anon.espivblogs.net\/?http:\/\/barcelona.indymedia.org\/?lang=es_ES\" target=\"_blank\">Indymedia Barcelona<\/a> por <a href=\"http:\/\/contramadriz.espivblogs.net\/2017\/01\/30\/lleida-accion-solidaria-con-lxs-encausadxs-en-alemania\/\">ContraMadriz<\/a>.<\/strong><\/em><\/p>\n<p align=\"justify\"><em>Hoy por la ma\u00f1ana [26 de enero] Lleida se despertaba con la oficina de TV3 y una sesentena de bancos sellados. La acci\u00f3n ha sido acompa\u00f1ada de unas octavillas en las que dec\u00eda <strong>\u201c\u00bfQu\u00e9 delito es robar un banco comparado con fundarlo?. Solidaridad con lxs compas encausadxs de robar un banco en Aachen (Alemania)\u201d<\/strong>.<\/em><\/p>\n","protected":false},"excerpt":{"rendered":"<p>Recojo estos dos comunicados reivindicando gestos solidarios en Navarra y Lleida respectivamente en apoyo a les anarquistas de Barcelona encarcelades en Alemania, acusades de haber expropiado un banco hace unos a\u00f1os. &#8212;&#8212;&#8212;&#8212;&#8212;&#8212;&#8212; Pancartas en solidaridad con lxs compa\u00f1erxs anarquistas que &hellip; <a href=\"https:\/\/vozcomoarma.noblogs.org\/?p=14895\">Sigue leyendo <span class=\"meta-nav\">&rarr;<\/span><\/a><\/p>\n","protected":false},"author":7045,"featured_media":0,"comment_status":"closed","ping_status":"open","sticky":false,"template":"","format":"standard","meta":{"footnotes":""},"categories":[58,288,61,9,272],"tags":[51,107,48,133,16,269,19,10,11],"class_list":["post-14895","post","type-post","status-publish","format-standard","hentry","category-acciones","category-companero-detenido-el-21-junio-en-barcelona","category-noticias","category-noticias-y-comunicados","category-presa-15-de-abril-barcelona","tag-alemania","tag-barcelona","tag-cataluna","tag-euskal-herria","tag-guerra-social","tag-navarra","tag-represion","tag-sabotaje","tag-solidaridad"],"_links":{"self":[{"href":"https:\/\/vozcomoarma.noblogs.org\/index.php?rest_route=\/wp\/v2\/posts\/14895","targetHints":{"allow":["GET"]}}],"collection":[{"href":"https:\/\/vozcomoarma.noblogs.org\/index.php?rest_route=\/wp\/v2\/posts"}],"about":[{"href":"https:\/\/vozcomoarma.noblogs.org\/index.php?rest_route=\/wp\/v2\/types\/post"}],"author":[{"embeddable":true,"href":"https:\/\/vozcomoarma.noblogs.org\/index.php?rest_route=\/wp\/v2\/users\/7045"}],"replies":[{"embeddable":true,"href":"https:\/\/vozcomoarma.noblogs.org\/index.php?rest_route=%2Fwp%2Fv2%2Fcomments&post=14895"}],"version-history":[{"count":1,"href":"https:\/\/vozcomoarma.noblogs.org\/index.php?rest_route=\/wp\/v2\/posts\/14895\/revisions"}],"predecessor-version":[{"id":14898,"href":"https:\/\/vozcomoarma.noblogs.org\/index.php?rest_route=\/wp\/v2\/posts\/14895\/revisions\/14898"}],"wp:attachment":[{"href":"https:\/\/vozcomoarma.noblogs.org\/index.php?rest_route=%2Fwp%2Fv2%2Fmedia&parent=14895"}],"wp:term":[{"taxonomy":"category","embeddable":true,"href":"https:\/\/vozcomoarma.noblogs.org\/index.php?rest_route=%2Fwp%2Fv2%2Fcategories&post=14895"},{"taxonomy":"post_tag","embeddable":true,"href":"https:\/\/vozcomoarma.noblogs.org\/index.php?rest_route=%2Fwp%2Fv2%2Ftags&post=14895"}],"curies":[{"name":"wp","href":"https:\/\/api.w.org\/{rel}","templated":true}]}}