{"id":14901,"date":"2017-01-30T14:41:46","date_gmt":"2017-01-30T13:41:46","guid":{"rendered":"https:\/\/vozcomoarma.noblogs.org\/?p=14901"},"modified":"2017-01-30T14:52:07","modified_gmt":"2017-01-30T13:52:07","slug":"video-video-convocatoria-para-las-movilizaciones-contra-la-cumbre-del-g-20-en-hamburgo-julio-2017","status":"publish","type":"post","link":"https:\/\/vozcomoarma.noblogs.org\/?p=14901","title":{"rendered":"[V\u00eddeo] V\u00eddeo convocatoria para las movilizaciones contra la cumbre del G-20 en Hamburgo (julio 2017)"},"content":{"rendered":"<p align=\"justify\">Hace casi dos meses, a comienzos del mes de diciembre del a\u00f1o pasado, <strong><a href=\"https:\/\/vozcomoarma.noblogs.org\/?p=14468\">se difund\u00eda en este blog un comunicado<\/a><\/strong> de compa\u00f1eres alemanes convocando a acudir a Hamburgo en julio para participar en las acciones y movilizaciones contra la cumbre que el G-20 planea realizar en la ciudad, invitando tambi\u00e9n a realizar ya desde aquel momento acciones descentralizadas para preparar el terreno para las protestas contra la cumbre.<\/p>\n<p align=\"justify\">Ahora, recojo de <strong><a href=\"https:\/\/325.nostate.net\/2017\/01\/25\/anarchist-call-for-g20-come-to-hamburg-germany\/\">325<\/a><\/strong> y difundo el siguiente v\u00eddeo, que incluye el comunicado (en ingl\u00e9s) junto con algunas im\u00e1genes de la barbarie y miseria que este sistema genocida, que esos 20 gobiernos que acudir\u00e1n a Hamburgo representan y gestionan, provoca a diario. Un recordatorio necesario para mantener presentes motivos y urgencias del conflicto.<\/p>\n<div style=\"width: 640px;\" class=\"wp-video\"><video class=\"wp-video-shortcode\" id=\"video-14901-1\" width=\"640\" height=\"360\" preload=\"metadata\" controls=\"controls\"><source type=\"video\/mp4\" src=\"https:\/\/vozcomoarma.noblogs.org\/files\/2017\/01\/G20.mp4?_=1\" \/><a href=\"https:\/\/vozcomoarma.noblogs.org\/files\/2017\/01\/G20.mp4\">https:\/\/vozcomoarma.noblogs.org\/files\/2017\/01\/G20.mp4<\/a><\/video><\/div>\n","protected":false},"excerpt":{"rendered":"<p>Hace casi dos meses, a comienzos del mes de diciembre del a\u00f1o pasado, se difund\u00eda en este blog un comunicado de compa\u00f1eres alemanes convocando a acudir a Hamburgo en julio para participar en las acciones y movilizaciones contra la cumbre &hellip; <a href=\"https:\/\/vozcomoarma.noblogs.org\/?p=14901\">Sigue leyendo <span class=\"meta-nav\">&rarr;<\/span><\/a><\/p>\n","protected":false},"author":7045,"featured_media":0,"comment_status":"closed","ping_status":"open","sticky":false,"template":"","format":"standard","meta":{"footnotes":""},"categories":[59,95,61,9],"tags":[51,35,16,26,24,19],"class_list":["post-14901","post","type-post","status-publish","format-standard","hentry","category-convocatorias","category-documentales","category-noticias","category-noticias-y-comunicados","tag-alemania","tag-asesinato-de-estado","tag-guerra-social","tag-insurreccionalismo","tag-reflexion","tag-represion"],"_links":{"self":[{"href":"https:\/\/vozcomoarma.noblogs.org\/index.php?rest_route=\/wp\/v2\/posts\/14901","targetHints":{"allow":["GET"]}}],"collection":[{"href":"https:\/\/vozcomoarma.noblogs.org\/index.php?rest_route=\/wp\/v2\/posts"}],"about":[{"href":"https:\/\/vozcomoarma.noblogs.org\/index.php?rest_route=\/wp\/v2\/types\/post"}],"author":[{"embeddable":true,"href":"https:\/\/vozcomoarma.noblogs.org\/index.php?rest_route=\/wp\/v2\/users\/7045"}],"replies":[{"embeddable":true,"href":"https:\/\/vozcomoarma.noblogs.org\/index.php?rest_route=%2Fwp%2Fv2%2Fcomments&post=14901"}],"version-history":[{"count":3,"href":"https:\/\/vozcomoarma.noblogs.org\/index.php?rest_route=\/wp\/v2\/posts\/14901\/revisions"}],"predecessor-version":[{"id":14905,"href":"https:\/\/vozcomoarma.noblogs.org\/index.php?rest_route=\/wp\/v2\/posts\/14901\/revisions\/14905"}],"wp:attachment":[{"href":"https:\/\/vozcomoarma.noblogs.org\/index.php?rest_route=%2Fwp%2Fv2%2Fmedia&parent=14901"}],"wp:term":[{"taxonomy":"category","embeddable":true,"href":"https:\/\/vozcomoarma.noblogs.org\/index.php?rest_route=%2Fwp%2Fv2%2Fcategories&post=14901"},{"taxonomy":"post_tag","embeddable":true,"href":"https:\/\/vozcomoarma.noblogs.org\/index.php?rest_route=%2Fwp%2Fv2%2Ftags&post=14901"}],"curies":[{"name":"wp","href":"https:\/\/api.w.org\/{rel}","templated":true}]}}