{"id":14925,"date":"2017-02-01T02:19:53","date_gmt":"2017-02-01T01:19:53","guid":{"rendered":"https:\/\/vozcomoarma.noblogs.org\/?p=14925"},"modified":"2017-02-01T03:39:57","modified_gmt":"2017-02-01T02:39:57","slug":"acerca-de-la-operacion-represiva-contra-el-companero-gabriel-pombo-da-silva-en-galicia","status":"publish","type":"post","link":"https:\/\/vozcomoarma.noblogs.org\/?p=14925","title":{"rendered":"Acerca de la Operaci\u00f3n Buyo, contra el compa\u00f1ero Gabriel Pombo da Silva en Galicia"},"content":{"rendered":"<p align=\"justify\">La semana pasada, varies compa\u00f1eres nos enter\u00e1bamos por la escoria mentirosa de la prensa burguesa de que un nuevo \u00abespect\u00e1culo\u00bb represivo, protagonizado esta vez por la Guardia Civil (que habr\u00eda costado m\u00e1s de 200000 euros en apenas 8 horas de operativo) culmin\u00f3 con la detenci\u00f3n del compa\u00f1ero Gabriel Pombo da Silva (al cual los picoletos asaltaron su casa en Mos, donde el compa\u00f1ero lleva meses trabajando para habilitar el espacio con la intenci\u00f3n de abrir un ateneo anarquista, y destrozaron todo, incluyendo el huerto, con el pretexto de la supuesta \u00abb\u00fasqueda de las armas\u00bb) as\u00ed como tambi\u00e9n con la detenci\u00f3n de una segunda persona, a la que algunas fuentes, con su buena intenci\u00f3n de difundir cuanto antes el incidente represivo pero yendo demasiado r\u00e1pido y cayendo en el error de la inmediatez (\u00e9sto no lo digo como un reproche, compas, sino como una cr\u00edtica constructiva a tener en cuenta en pr\u00f3ximas situaciones) erraron en definir apresuradamente como \u00abcompa\u00f1era\u00bb.<\/p>\n<p align=\"justify\">En este blog (y en otros medios contrainformativos concretos) se opt\u00f3 por no difundir nada en aquel momento y esperar a que el compa\u00f1ero Gabriel se pronunciase, debido a lo extra\u00f1o y sospechoso del asunto y a que toda la informaci\u00f3n disponible entonces proced\u00eda de la prensa comercial y burguesa.<\/p>\n<p align=\"justify\">Ahora que el compa ha hablado, difundo sus palabras, no sin antes aclarar\/advertir una cosa que me parece muy importante resaltar y tener en cuenta de ahora en adelante.<\/p>\n<p align=\"justify\">La mujer detenida junto a Gabriel en esta operaci\u00f3n, denominada Operaci\u00f3n Buyo, es Mar\u00eda del Carmen Otero, la misma mujer que ya hab\u00eda sido detenida en 2013 en relaci\u00f3n a un ataque incendiario contra el Club Financiero de Vigo, y que no s\u00f3lo delat\u00f3 a los otros dos acusados (no presentes en el juicio) afirmando que eran ellos quienes se hab\u00edan encargado de la acci\u00f3n y que ella lo \u00fanico que hab\u00eda hecho era ofrecer su vivienda para alojarles esa noche y colaborar en la elaboraci\u00f3n del comunicado de reivindicaci\u00f3n, sino que adem\u00e1s, una vez fuera del juzgado y con la sentencia de 2 a\u00f1os que le permiti\u00f3 no entrar a prisi\u00f3n se hizo fotograf\u00edas (y las fotos aparecieron en todos los peri\u00f3dicos) abraz\u00e1ndose al empresario de dicha instituci\u00f3n, y pidiendo perd\u00f3n p\u00fablicamente y arrepinti\u00e9ndose de todo. Para m\u00e1s informaci\u00f3n de esto, pod\u00e9is consultar este <strong><a href=\"https:\/\/vozcomoarma.noblogs.org\/?p=14931\">otro post<\/a><\/strong>, recuperando una nota del blog <strong><a href=\"https:\/\/abordaxe.wordpress.com\/2015\/10\/15\/vigo-reconciliase-co-club-financeiro-tras-lanzarlles-dous-cocteles-molotov-a-acusada-agradece-a-compresion-dos-empresarios-porque-se-librou-do-carcere\/\">Abordaxe!<\/a><\/strong> que en aquel momento inform\u00f3 de estos hechos y que ahora es importante tener en mente.<\/p>\n<p align=\"justify\"><strong>\u00a1Ojo con a qui\u00e9nes llamamos compa\u00f1eres!<\/strong><br \/>\n<strong>\u00a1Fuerza al compa\u00f1ero Gabriel Pombo da Silva y a la compa\u00f1era Elisa di Bernardo!<br \/>\n<\/strong><\/p>\n<p align=\"justify\">&#8212;&#8212;&#8212;&#8212;&#8212;&#8212;&#8212;&#8212;&#8211;<\/p>\n<p align=\"justify\"><em>\u00abDentro como fuera\u00bb se palpa esta arrogancia reaccionaria. Se nota que lxs esbirrxs de toda raza y condici\u00f3n necesitan \u00abaditivos y colorantes\u00bb para endulzar toda la \u00abrealidad\u00bb que resulta para ellxs inconveniente.<\/em><\/p>\n<p align=\"justify\"><em>\u00abLos periodistas\u00bb m\u00e1s preocupados por vender su propia mierda impresa que de verificar la veracidad de lo que publican. \u00abLa polic\u00eda\u00bb m\u00e1s interesada en organizar especulaciones que en demostrar sus propias hip\u00f3tesis.<\/em><\/p>\n<p align=\"justify\"><em>Lo que realmente es \u00absorprendente\u00bb (o tambi\u00e9n no), es que desde que me dejaron ir (por no hablar de todo lo que encierra esta tremenda historia) tuviera m\u00e1s \u00abprotecci\u00f3n\u00bb en el \u00abpoder judicial\u00bb que dentro del as\u00ed llamado \u00abmovimiento libertario\u00bb.<\/em><\/p>\n<p align=\"justify\"><em>Desde el 2012 ya hay 3 Operaciones (Osad\u00eda, Scripta Manent y \u00abnuestra\u00bb Operaci\u00f3n Buyo) en mi contra.<\/em><\/p>\n<p align=\"justify\"><em>En italiano \u00abbuio\u00bb significa \u00aboscuro\u00bb y s\u00ed, \u00aboscura\u00bb es toda esta operaci\u00f3n en la que una \u00abtipa\u00bb (de pasado oscuro) se nos acerca con la cuesti\u00f3n de ser \u00abcompa\u00f1era\u00bb para luego quererme lapidar vivo. Aquellxs que quieran informaci\u00f3n sobre esta \u00abtipa\u00bb que lea los siguientes enlaces y se hab\u00eda respondido solx. Yo no son ni un juez ni un fiscal.<\/em><\/p>\n<p align=\"justify\"><em>En relaci\u00f3n a las tonter\u00edas sobre el \u00abcampo de entrenamiento\u00bb, sobre la \u00abc\u00e9lula terrorista\u00bb, sobre la \u00abposesi\u00f3n de armas\u00bb y o tr\u00e1fico de las mismas&#8230; bueno&#8230; creo que los hechos desmienten todo. Sin embargo, entiendo que en esta sociedad alienada y este sistema corrupto se prefiera hablar\/mentir sobre las causas subyacentes de la pobreza que mirar el propio ombligo.<\/em><\/p>\n<p align=\"justify\"><em>A\u00fan estoy de pie. Sigo con mi l\u00ednea anarquista a pesar de todxs y tantxs. El ateneo Agust\u00edn Rueda, que pienso inaugurar en la casa de mis padres all\u00ed en Mos, no lo podr\u00e1n detener con este tipo de maniobras.<\/em><\/p>\n<p align=\"justify\"><em>En mi casa se incautaron: 5 coles de invierno, libros y revistas anarquistas.<\/em><br \/>\n<em>Es obvio que se encontraran en mi poder un solo cortau\u00f1as, Gabriel Pombo estar\u00eda escribiendo \u00abcomunicados\u00bb desde una celda y no en libertad.<\/em><br \/>\n<em>\u00a1A quien contin\u00faa apoy\u00e1ndome y mostr\u00e1ndome su amor incondicional: Estoy aqu\u00ed!<\/em><br \/>\n<em>\u00a1A quien contin\u00faa queri\u00e9ndome asesinar: Estoy aqu\u00ed!<\/em><\/p>\n<p align=\"justify\"><em><strong>\u00a1Nunca vencidx!<\/strong><\/em><br \/>\n<em><strong>\u00a1Nunca arrepentidx!<\/strong><\/em><br \/>\n<em><strong>\u00a1Por la anarqu\u00eda y el fin de la dominaci\u00f3n!<\/strong><\/em><\/p>\n<p align=\"justify\"><em><strong>Gabriel Pombo da Silva<\/strong><\/em><br \/>\n<em><strong>29 de de enero de 2017<\/strong><\/em><\/p>\n","protected":false},"excerpt":{"rendered":"<p>La semana pasada, varies compa\u00f1eres nos enter\u00e1bamos por la escoria mentirosa de la prensa burguesa de que un nuevo \u00abespect\u00e1culo\u00bb represivo, protagonizado esta vez por la Guardia Civil (que habr\u00eda costado m\u00e1s de 200000 euros en apenas 8 horas de &hellip; <a href=\"https:\/\/vozcomoarma.noblogs.org\/?p=14925\">Sigue leyendo <span class=\"meta-nav\">&rarr;<\/span><\/a><\/p>\n","protected":false},"author":7045,"featured_media":0,"comment_status":"closed","ping_status":"open","sticky":false,"template":"","format":"standard","meta":{"footnotes":""},"categories":[8,61,9],"tags":[18,24,19,11],"class_list":["post-14925","post","type-post","status-publish","format-standard","hentry","category-gabriel-pombo-da-silva","category-noticias","category-noticias-y-comunicados","tag-galicia","tag-reflexion","tag-represion","tag-solidaridad"],"_links":{"self":[{"href":"https:\/\/vozcomoarma.noblogs.org\/index.php?rest_route=\/wp\/v2\/posts\/14925","targetHints":{"allow":["GET"]}}],"collection":[{"href":"https:\/\/vozcomoarma.noblogs.org\/index.php?rest_route=\/wp\/v2\/posts"}],"about":[{"href":"https:\/\/vozcomoarma.noblogs.org\/index.php?rest_route=\/wp\/v2\/types\/post"}],"author":[{"embeddable":true,"href":"https:\/\/vozcomoarma.noblogs.org\/index.php?rest_route=\/wp\/v2\/users\/7045"}],"replies":[{"embeddable":true,"href":"https:\/\/vozcomoarma.noblogs.org\/index.php?rest_route=%2Fwp%2Fv2%2Fcomments&post=14925"}],"version-history":[{"count":7,"href":"https:\/\/vozcomoarma.noblogs.org\/index.php?rest_route=\/wp\/v2\/posts\/14925\/revisions"}],"predecessor-version":[{"id":14944,"href":"https:\/\/vozcomoarma.noblogs.org\/index.php?rest_route=\/wp\/v2\/posts\/14925\/revisions\/14944"}],"wp:attachment":[{"href":"https:\/\/vozcomoarma.noblogs.org\/index.php?rest_route=%2Fwp%2Fv2%2Fmedia&parent=14925"}],"wp:term":[{"taxonomy":"category","embeddable":true,"href":"https:\/\/vozcomoarma.noblogs.org\/index.php?rest_route=%2Fwp%2Fv2%2Fcategories&post=14925"},{"taxonomy":"post_tag","embeddable":true,"href":"https:\/\/vozcomoarma.noblogs.org\/index.php?rest_route=%2Fwp%2Fv2%2Ftags&post=14925"}],"curies":[{"name":"wp","href":"https:\/\/api.w.org\/{rel}","templated":true}]}}