{"id":14963,"date":"2017-02-05T19:59:34","date_gmt":"2017-02-05T18:59:34","guid":{"rendered":"https:\/\/vozcomoarma.noblogs.org\/?p=14963"},"modified":"2017-02-05T20:03:24","modified_gmt":"2017-02-05T19:03:24","slug":"azadi-plataforma-organiza-un-ciclo-de-conferencias-en-solidaridad-con-la-lucha-del-kurdistan-en-el-cso-can-batllo-barcelona","status":"publish","type":"post","link":"https:\/\/vozcomoarma.noblogs.org\/?p=14963","title":{"rendered":"Azad\u00ed Plataforma organiza un Ciclo de conferencias en solidaridad con la lucha del Kurdist\u00e1n (Barcelona)"},"content":{"rendered":"<p align=\"justify\">Recojo y traduzco desde el <strong><a href=\"https:\/\/azadiplataforma.wordpress.com\/2017\/01\/17\/cicle\/\">blog de este colectivo<\/a><\/strong> la siguiente convocatoria para un ciclo de conferencias en apoyo a la lucha revolucionaria en Kurdist\u00e1n. Las charlas tendr\u00e1n lugar en el CSO Can Batll\u00f3 de Barcelona a lo largo de los siguientes meses, a excepci\u00f3n de algunas actividades cuyo lugar y hora aun est\u00e1n por confirmar.<\/p>\n<p align=\"justify\">Para m\u00e1s informaci\u00f3n, visitad el blog del colectivo haciendo click <strong><a href=\"https:\/\/azadiplataforma.wordpress.com\/2017\/01\/17\/cicle\/\">aqu\u00ed<\/a><\/strong>.<\/p>\n<p align=\"justify\">&#8212;&#8212;&#8212;&#8212;&#8212;&#8212;&#8212;&#8212;&#8212;&#8212;&#8212;&#8212;&#8212;-<\/p>\n<p align=\"justify\"><em>Desde Azad\u00ed Plataforma una de las actividades que m\u00e1s acostumbramos a hacer han sido las charlas de difusi\u00f3n sobre la lucha del pueblo kurdo. Es un tipo de actividad que consideramos imprescindible y de gran importancia para informar de la situaci\u00f3n y del proceso revolucionario que est\u00e1n llevando a cabo. No obstante, a veces nos encontramos que no podemos profundizar en cuestiones que en charlas de una o dos horas quedan al margen. Por otro lado, encontramos limitante el hecho de que las personas que hacen las charlas no son las propias implicadas en este proceso revolucionario.<\/em><\/p>\n<p align=\"justify\"><em>Es por eso que hemos decidido organizar este ciclo de charlas de cuatro meses, en las cuales intentaremos profundizar sobre temas concretos, intentado mostrar la realidad de la lucha kurda desde todos los \u00e1mbitos posibles. Tambi\u00e9n intentaremos que la mayor\u00eda de charlas las lleven a cabo las propias personas del movimiento kurdo, ya que es mucho m\u00e1s enriquecedor dar voz precisamente a quien est\u00e1 directamente implicade. Si hay aspectos que quer\u00e9is que tratemos tambi\u00e9n estamos abiertes a propuestas, intentaremos buscar la manera de cubrirlos.<\/em><\/p>\n<p align=\"justify\"><em>Las charlas se llevar\u00e1n a cabo generalmente los jueves en Can Batll\u00f2 (C\/ Constituci\u00f3 19, en el cruce de C\/ Moss\u00e8n Amadeu Oller y C\/ Olzinelles; Al lado de la parroquia de St. Medir) pero tambi\u00e9n algunos d\u00edas se har\u00e1n en s\u00e1bado. Revisad el lugar de cada charla para aseguraros.<\/em><\/p>\n<p><em>Programa de los meses de febrero y marzo (Pr\u00f3ximamente colgaremos el programa de los meses de abril y mayo):<\/em><\/p>\n<p align=\"justify\"><strong><em>9 de febrero \u00b7 Can Batll\u00f3 \u00b7 Nave 69 a las 18:00<\/em><\/strong><\/p>\n<p align=\"justify\"><em>Inauguraci\u00f3n del ciclo y contextualizaci\u00f3n sobre Kurdist\u00e1n (a cargo de Massoud Sharifi Dryaz, soci\u00f3logo kurdo).<\/em><\/p>\n<p align=\"justify\"><strong><em>11 de febrero \u00b7 Can Batll\u00f3 \u00b7 Nave 69 a las 18:00<\/em><\/strong><\/p>\n<p align=\"justify\"><em>Crecimiento de la guerra civil de baja intensidad en Turqu\u00eda entre 2014 y 2016 (a cargo de Baybars Kulebi, miembro de Col-lectiva!, grupo de traductores e interpretadores de Oriente Medio y Sur de Europa).<\/em><\/p>\n<p align=\"justify\"><strong><em>23 de febrero \u00b7 Can Batll\u00f3 \u00b7 Nave 69 a las 18:00<\/em><\/strong><\/p>\n<p align=\"justify\"><em>Les Iaziditas, un pueblo ancestral que ha sobrevivido a 72 genocidios (a cargo del Clemen, Centre Internacional Escarr\u00e9 per a les Minories \u00c8tniques).<\/em><\/p>\n<p align=\"justify\"><strong><em>9 de marzo \u00b7 Can Batll\u00f3 \u00b7 Nave 69 a las 18:00<\/em><\/strong><\/p>\n<p align=\"justify\"><em>El movimiento de liberaci\u00f3n de la mujer en Kurdist\u00e1n (a cargo de Zilan Diyar, miembro del comit\u00e9 de Jineolog\u00eda y del movimiento de mujeres kurdas).<\/em><\/p>\n<p align=\"justify\"><strong><em>11 de marzo \u00b7 Lugar a confirmar<\/em><\/strong><\/p>\n<p align=\"justify\"><em>Jineolog\u00eda, la ciencia de las mujeres (a cargo de Zilan Diyar, miembro del comit\u00e9 de Jineolog\u00eda y del movimiento de mujeres kurdas).<\/em><\/p>\n<p align=\"justify\"><strong><em>21 de marzo \u00b7 Lugar a confirmar<\/em><\/strong><\/p>\n<p align=\"justify\"><em>Celebraci\u00f3n del Newroz (con activistas culturales y l\u00fadicas, cena tradicional kurda y concierto de m\u00fasica kurda).<\/em><\/p>\n<p><img decoding=\"async\" class=\"alignnone size-full wp-image-511\" src=\"https:\/\/azadiplataforma.files.wordpress.com\/2017\/01\/xarxes_ciclexerrades1.jpg?w=663\" alt=\"xarxes_ciclexerrades\" \/><\/p>\n","protected":false},"excerpt":{"rendered":"<p>Recojo y traduzco desde el blog de este colectivo la siguiente convocatoria para un ciclo de conferencias en apoyo a la lucha revolucionaria en Kurdist\u00e1n. Las charlas tendr\u00e1n lugar en el CSO Can Batll\u00f3 de Barcelona a lo largo de &hellip; <a href=\"https:\/\/vozcomoarma.noblogs.org\/?p=14963\">Sigue leyendo <span class=\"meta-nav\">&rarr;<\/span><\/a><\/p>\n","protected":false},"author":7045,"featured_media":0,"comment_status":"closed","ping_status":"open","sticky":false,"template":"","format":"standard","meta":{"footnotes":""},"categories":[59,9],"tags":[107,48,188,16,42,24,11],"class_list":["post-14963","post","type-post","status-publish","format-standard","hentry","category-convocatorias","category-noticias-y-comunicados","tag-barcelona","tag-cataluna","tag-conflicto-kurdo","tag-guerra-social","tag-movimientos-sociales","tag-reflexion","tag-solidaridad"],"_links":{"self":[{"href":"https:\/\/vozcomoarma.noblogs.org\/index.php?rest_route=\/wp\/v2\/posts\/14963","targetHints":{"allow":["GET"]}}],"collection":[{"href":"https:\/\/vozcomoarma.noblogs.org\/index.php?rest_route=\/wp\/v2\/posts"}],"about":[{"href":"https:\/\/vozcomoarma.noblogs.org\/index.php?rest_route=\/wp\/v2\/types\/post"}],"author":[{"embeddable":true,"href":"https:\/\/vozcomoarma.noblogs.org\/index.php?rest_route=\/wp\/v2\/users\/7045"}],"replies":[{"embeddable":true,"href":"https:\/\/vozcomoarma.noblogs.org\/index.php?rest_route=%2Fwp%2Fv2%2Fcomments&post=14963"}],"version-history":[{"count":3,"href":"https:\/\/vozcomoarma.noblogs.org\/index.php?rest_route=\/wp\/v2\/posts\/14963\/revisions"}],"predecessor-version":[{"id":14968,"href":"https:\/\/vozcomoarma.noblogs.org\/index.php?rest_route=\/wp\/v2\/posts\/14963\/revisions\/14968"}],"wp:attachment":[{"href":"https:\/\/vozcomoarma.noblogs.org\/index.php?rest_route=%2Fwp%2Fv2%2Fmedia&parent=14963"}],"wp:term":[{"taxonomy":"category","embeddable":true,"href":"https:\/\/vozcomoarma.noblogs.org\/index.php?rest_route=%2Fwp%2Fv2%2Fcategories&post=14963"},{"taxonomy":"post_tag","embeddable":true,"href":"https:\/\/vozcomoarma.noblogs.org\/index.php?rest_route=%2Fwp%2Fv2%2Ftags&post=14963"}],"curies":[{"name":"wp","href":"https:\/\/api.w.org\/{rel}","templated":true}]}}