{"id":1504,"date":"2013-10-23T20:22:05","date_gmt":"2013-10-23T18:22:05","guid":{"rendered":"http:\/\/vozcomoarma.noblogs.org\/?p=1504"},"modified":"2013-10-27T20:46:16","modified_gmt":"2013-10-27T19:46:16","slug":"mas-solidaridad-con-noelia-cotelo","status":"publish","type":"post","link":"https:\/\/vozcomoarma.noblogs.org\/?p=1504","title":{"rendered":"M\u00e1s solidaridad con Noelia Cotelo."},"content":{"rendered":"<p style=\"text-align: justify\">Ayer os hablaba <a href=\"https:\/\/vozcomoarma.noblogs.org\/?p=1496\">aqu\u00ed<\/a> de la colocaci\u00f3n de una pancarta en solidaridad con Noelia Cotelo en un puente de la localidad valenciana de Villena.<\/p>\n<p style=\"text-align: justify\">Hoy, y tras una b\u00fasqueda m\u00e1s exhaustiva adem\u00e1s de los aportes de algunas afinidades, traigo algunas muestras m\u00e1s de solidaridad con esta compa\u00f1era.<\/p>\n<p style=\"text-align: justify\">Desde Murcia compas env\u00edan dos fotograf\u00edas de pintadas solidarias que dejo a continuaci\u00f3n:<\/p>\n<p style=\"text-align: justify\"><a href=\"https:\/\/vozcomoarma.noblogs.org\/files\/2013\/10\/20131021_1853091.jpg\"><img loading=\"lazy\" decoding=\"async\" class=\"aligncenter size-full wp-image-1531\" alt=\"Noelia Cotelo solidaridad Murcia 2\" src=\"https:\/\/vozcomoarma.noblogs.org\/files\/2013\/10\/20131021_1853091.jpg\" width=\"2560\" height=\"1920\" srcset=\"https:\/\/vozcomoarma.noblogs.org\/files\/2013\/10\/20131021_1853091.jpg 2560w, https:\/\/vozcomoarma.noblogs.org\/files\/2013\/10\/20131021_1853091-300x225.jpg 300w, https:\/\/vozcomoarma.noblogs.org\/files\/2013\/10\/20131021_1853091-1024x768.jpg 1024w\" sizes=\"auto, (max-width: 2560px) 100vw, 2560px\" \/><\/a><\/p>\n<p style=\"text-align: justify\"><a href=\"https:\/\/vozcomoarma.noblogs.org\/files\/2013\/10\/20131021_184638.jpg\"><img loading=\"lazy\" decoding=\"async\" class=\"aligncenter size-full wp-image-1508\" alt=\"20131021_184638\" src=\"https:\/\/vozcomoarma.noblogs.org\/files\/2013\/10\/20131021_184638.jpg\" width=\"2560\" height=\"1920\" srcset=\"https:\/\/vozcomoarma.noblogs.org\/files\/2013\/10\/20131021_184638.jpg 2560w, https:\/\/vozcomoarma.noblogs.org\/files\/2013\/10\/20131021_184638-300x225.jpg 300w, https:\/\/vozcomoarma.noblogs.org\/files\/2013\/10\/20131021_184638-1024x768.jpg 1024w\" sizes=\"auto, (max-width: 2560px) 100vw, 2560px\" \/><\/a> Tambi\u00e9n he recibido una foto de una pancarta colocada en Granada:<\/p>\n<p style=\"text-align: justify\"><a href=\"https:\/\/vozcomoarma.noblogs.org\/files\/2013\/10\/Granada.jpg\"><img loading=\"lazy\" decoding=\"async\" class=\"aligncenter size-full wp-image-1510\" alt=\"Granada\" src=\"https:\/\/vozcomoarma.noblogs.org\/files\/2013\/10\/Granada.jpg\" width=\"720\" height=\"540\" srcset=\"https:\/\/vozcomoarma.noblogs.org\/files\/2013\/10\/Granada.jpg 720w, https:\/\/vozcomoarma.noblogs.org\/files\/2013\/10\/Granada-300x225.jpg 300w\" sizes=\"auto, (max-width: 720px) 100vw, 720px\" \/><\/a>Adem\u00e1s, como ya alguien dijo una vez, la solidaridad no sabe nada de fronteras, ni de gentilicios, ni de distancias y por eso el Estado espa\u00f1ol no es el \u00fanico conjunto de territorios que ha querido mostrar su apoyo. Desde Brighton (Reino Unido) llega esta foto:<\/p>\n<p style=\"text-align: justify\"><a href=\"https:\/\/vozcomoarma.noblogs.org\/files\/2013\/10\/Brighton.jpg\"><img loading=\"lazy\" decoding=\"async\" class=\"aligncenter size-full wp-image-1511\" alt=\"Brighton\" src=\"https:\/\/vozcomoarma.noblogs.org\/files\/2013\/10\/Brighton.jpg\" width=\"640\" height=\"480\" srcset=\"https:\/\/vozcomoarma.noblogs.org\/files\/2013\/10\/Brighton.jpg 640w, https:\/\/vozcomoarma.noblogs.org\/files\/2013\/10\/Brighton-300x225.jpg 300w\" sizes=\"auto, (max-width: 640px) 100vw, 640px\" \/><\/a>Y ya para finalizar, tambi\u00e9n en Francia una pancarta grit\u00f3 por la libertad de la compa\u00f1era:<\/p>\n<p style=\"text-align: justify\"><a href=\"https:\/\/vozcomoarma.noblogs.org\/files\/2013\/10\/lons-aquitaine-francia.jpg\"><img loading=\"lazy\" decoding=\"async\" class=\"aligncenter size-full wp-image-1512\" alt=\"Lons Aquitaine Francia\" src=\"https:\/\/vozcomoarma.noblogs.org\/files\/2013\/10\/lons-aquitaine-francia.jpg\" width=\"537\" height=\"480\" srcset=\"https:\/\/vozcomoarma.noblogs.org\/files\/2013\/10\/lons-aquitaine-francia.jpg 537w, https:\/\/vozcomoarma.noblogs.org\/files\/2013\/10\/lons-aquitaine-francia-300x268.jpg 300w\" sizes=\"auto, (max-width: 537px) 100vw, 537px\" \/><\/a>Fuerza para todxs aquellxs que hacen de la solidaridad algo m\u00e1s que palabras escritas.<\/p>\n<p style=\"text-align: justify\">Carceleros torturadores, asesinos, cobardes.<\/p>\n","protected":false},"excerpt":{"rendered":"<p>Ayer os hablaba aqu\u00ed de la colocaci\u00f3n de una pancarta en solidaridad con Noelia Cotelo en un puente de la localidad valenciana de Villena. Hoy, y tras una b\u00fasqueda m\u00e1s exhaustiva adem\u00e1s de los aportes de algunas afinidades, traigo algunas &hellip; <a href=\"https:\/\/vozcomoarma.noblogs.org\/?p=1504\">Sigue leyendo <span class=\"meta-nav\">&rarr;<\/span><\/a><\/p>\n","protected":false},"author":7045,"featured_media":0,"comment_status":"closed","ping_status":"open","sticky":false,"template":"","format":"standard","meta":{"footnotes":""},"categories":[58,80,9,7],"tags":[17,16,19,11,71],"class_list":["post-1504","post","type-post","status-publish","format-standard","hentry","category-acciones","category-noelia-cotelo","category-noticias-y-comunicados","category-presxs","tag-carcel","tag-guerra-social","tag-represion","tag-solidaridad","tag-tortura"],"_links":{"self":[{"href":"https:\/\/vozcomoarma.noblogs.org\/index.php?rest_route=\/wp\/v2\/posts\/1504","targetHints":{"allow":["GET"]}}],"collection":[{"href":"https:\/\/vozcomoarma.noblogs.org\/index.php?rest_route=\/wp\/v2\/posts"}],"about":[{"href":"https:\/\/vozcomoarma.noblogs.org\/index.php?rest_route=\/wp\/v2\/types\/post"}],"author":[{"embeddable":true,"href":"https:\/\/vozcomoarma.noblogs.org\/index.php?rest_route=\/wp\/v2\/users\/7045"}],"replies":[{"embeddable":true,"href":"https:\/\/vozcomoarma.noblogs.org\/index.php?rest_route=%2Fwp%2Fv2%2Fcomments&post=1504"}],"version-history":[{"count":3,"href":"https:\/\/vozcomoarma.noblogs.org\/index.php?rest_route=\/wp\/v2\/posts\/1504\/revisions"}],"predecessor-version":[{"id":1530,"href":"https:\/\/vozcomoarma.noblogs.org\/index.php?rest_route=\/wp\/v2\/posts\/1504\/revisions\/1530"}],"wp:attachment":[{"href":"https:\/\/vozcomoarma.noblogs.org\/index.php?rest_route=%2Fwp%2Fv2%2Fmedia&parent=1504"}],"wp:term":[{"taxonomy":"category","embeddable":true,"href":"https:\/\/vozcomoarma.noblogs.org\/index.php?rest_route=%2Fwp%2Fv2%2Fcategories&post=1504"},{"taxonomy":"post_tag","embeddable":true,"href":"https:\/\/vozcomoarma.noblogs.org\/index.php?rest_route=%2Fwp%2Fv2%2Ftags&post=1504"}],"curies":[{"name":"wp","href":"https:\/\/api.w.org\/{rel}","templated":true}]}}