{"id":15150,"date":"2017-02-17T14:35:16","date_gmt":"2017-02-17T13:35:16","guid":{"rendered":"https:\/\/vozcomoarma.noblogs.org\/?p=15150"},"modified":"2017-02-17T14:36:43","modified_gmt":"2017-02-17T13:36:43","slug":"solidaridad-con-la-biblioteca-social-libre-albedrio-en-riesgo-de-desalojo-granada","status":"publish","type":"post","link":"https:\/\/vozcomoarma.noblogs.org\/?p=15150","title":{"rendered":"\u00a1Solidaridad con la Biblioteca Social Libre Albedr\u00edo, en riesgo de desalojo! (Granada)"},"content":{"rendered":"<p align=\"justify\">Les compas de la <strong><a href=\"http:\/\/bibliotecalibrealbedrio.blogspot.com.es\/\">Biblioteca Social Libre Albedr\u00edo de Granada<\/a><\/strong> enviaron dos correos electr\u00f3nicos, cuyo contenido reproduzco y difundo a continuaci\u00f3n, llamando al apoyo a su proyecto ahora que m\u00e1s que nunca se encuentra en peligro de desalojo.<\/p>\n<p align=\"justify\">&#8212;&#8212;&#8212;&#8212;&#8212;&#8212;&#8212;&#8212;&#8212;&#8212;&#8212;&#8212;&#8212;-<\/p>\n<p align=\"justify\"><em>Desde la Biblioteca Social Libre Albedr\u00edo actualizamos la informaci\u00f3n sobre la situaci\u00f3n en la que se encuentra el espacio y de la campa\u00f1a que iniciamos en Febrero de 2016.<\/em><\/p>\n<p align=\"justify\"><em>Como muchas sab\u00e9is, la biblioteca es un espacio okupado y autogestionado de Granada, situado en el barrio de San Ant\u00f3n, que lleva 5 a\u00f1os en funcionamiento brind\u00e1ndole a la ciudad un lugar donde encontrar libros, asistir a charlas, proyecciones, presentaciones de libros, jornadas, talleres, clases\u2026 Ha sido el punto de encuentro de muchas, el de organizaci\u00f3n de otras y entre sus paredes hemos asistido a la creaci\u00f3n en vivo de debates y alianzas. Ha dado cabida a todo tipo de tem\u00e1ticas e iniciativas cr\u00edticas y disidentes. La Libre Albedr\u00edo se ha hecho un hueco en el barrio y puesto voz a las luchas de muchas, nuestras luchas.<\/em><\/p>\n<p align=\"justify\"><em>En Marzo de 2015 este espacio sufri\u00f3 cambios en su situaci\u00f3n legal, debido a que Caja Granada (ahora Banco Mare Nostrum) adquiri\u00f3 la propiedad del inmueble donde se ubica. Ya antes de la adquisici\u00f3n dicha entidad amenaz\u00f3 con una denuncia y con un desalojo inminente. Resaltamos que cuando Caja Granada amenaz\u00f3 con el desalojo todav\u00eda no hab\u00eda adquirido el inmueble utilizando pr\u00e1cticas abusivas que son habituales. No hace falta resaltar que desahucios, desalojos, hipotecas esclavizantes, especulaci\u00f3n y recalificaciones son la base de su praxis y econom\u00eda.<\/em><\/p>\n<p align=\"justify\"><em>A d\u00eda de hoy, un a\u00f1o despu\u00e9s, la situaci\u00f3n legal es m\u00e1s grave. La denuncia por usurpaci\u00f3n est\u00e1 interpuesta, con la consiguiente visita policial y apertura de diligencias\u00a0 judiciales contra las supuestas ocupantes.<\/em><\/p>\n<p align=\"justify\"><em>Por todo ello iniciamos una campa\u00f1a de denuncia en 2016, que ahora continuamos, para expresar nuestro rechazo al sistema bancario, generar redes de apoyo mutuo y dar vida a este espacio que es de todas y pretenden arrebatarnos. Queremos hacernos o\u00edr y buscamos apoyos para que se nos escuche, por lo que os invitamos a difundir el caso y la campa\u00f1a.<\/em><\/p>\n<p align=\"justify\"><em>Defendemos los espacios culturales alternativos y autogestionados, como es el nuestro. Nos oponemos a la privatizaci\u00f3n y\/o institucionalizaci\u00f3n de dichos espacios. Los bancos e instituciones monopolizan los locales culturales como bibliotecas, teatros y salas de exposiciones. Frente a esto, defendemos la okupaci\u00f3n y la liberaci\u00f3n de espacios, as\u00ed como, la defensa de los mismos.<\/em><\/p>\n<p align=\"justify\"><em>NO AL DESALOJO DE LA BIBLIOTECA SOCIAL LIBRE ALBEDR\u00cdO.<\/em><br \/>\n<em><span lang=\"es-ES\">\u00a1<\/span><span lang=\"es-ES\">LA BANCA PRESIONA, LA LIBRE NO ABANDONA!<\/span><\/em><\/p>\n<p align=\"justify\"><strong><em>Asamblea de la B.S. Libre Albedr\u00edo<\/em><\/strong><\/p>\n<p align=\"justify\">&#8212;&#8212;&#8212;&#8212;&#8212;&#8212;&#8212;&#8212;&#8212;&#8212;&#8212;&#8212;&#8212;-<\/p>\n<p align=\"justify\"><em>Desde la Asamblea de la B.S. Libre Albedr\u00edo estamos haciendo una campa\u00f1a contra el desalojo de este espacio.<\/em><\/p>\n<p align=\"justify\"><em>Para eso, estamos realizando una lista de colectivos y\/o espacios que apoyen el proyecto de manera simb\u00f3lica y aparezcan en este listado.<\/em><\/p>\n<p align=\"justify\"><em>Si quer\u00e9is sumaros a esta propuesta, responded a este correo con los datos del colectivo (<strong>bibliotecalibrealbedrio@gmail.com<\/strong>).<br \/>\n<\/em><\/p>\n<p align=\"justify\"><em>Para m\u00e1s informaci\u00f3n sobre el caso y el espacio, podeis visitar <strong><a href=\"http:\/\/www.bibliotecalibrealbedrio.blogspot.com\/\">www.bibliotecalibrealbedrio.blogspot.com<\/a><\/strong><\/em><\/p>\n<p align=\"justify\"><em>Muchas gracias y esperamos respuestas.<\/em><\/p>\n<p><strong><em>LISTADO DE APOYO A LA B.S. LIBRE ALBEDR\u00cdO (17\/02\/17)<\/em><\/strong><\/p>\n<p><em>StopRepresion Granada (https:\/\/stoprepresiongranada.wordpress.com\/)<\/em><br \/>\n<em>CNT-AIT Comarca Guadix <\/em><br \/>\n<em>Revista Contrahistoria (http:\/\/revistacontrahistoria.blogspot.com.es\/)<\/em><\/p>\n","protected":false},"excerpt":{"rendered":"<p>Les compas de la Biblioteca Social Libre Albedr\u00edo de Granada enviaron dos correos electr\u00f3nicos, cuyo contenido reproduzco y difundo a continuaci\u00f3n, llamando al apoyo a su proyecto ahora que m\u00e1s que nunca se encuentra en peligro de desalojo. &#8212;&#8212;&#8212;&#8212;&#8212;&#8212;&#8212;&#8212;&#8212;&#8212;&#8212;&#8212;&#8212;- Desde &hellip; <a href=\"https:\/\/vozcomoarma.noblogs.org\/?p=15150\">Sigue leyendo <span class=\"meta-nav\">&rarr;<\/span><\/a><\/p>\n","protected":false},"author":7045,"featured_media":0,"comment_status":"closed","ping_status":"open","sticky":false,"template":"","format":"standard","meta":{"footnotes":""},"categories":[59,61,9],"tags":[62,40,115,16,42,37,24,19,11],"class_list":["post-15150","post","type-post","status-publish","format-standard","hentry","category-convocatorias","category-noticias","category-noticias-y-comunicados","tag-desalojo","tag-especulacion","tag-granada","tag-guerra-social","tag-movimientos-sociales","tag-okupacion","tag-reflexion","tag-represion","tag-solidaridad"],"_links":{"self":[{"href":"https:\/\/vozcomoarma.noblogs.org\/index.php?rest_route=\/wp\/v2\/posts\/15150","targetHints":{"allow":["GET"]}}],"collection":[{"href":"https:\/\/vozcomoarma.noblogs.org\/index.php?rest_route=\/wp\/v2\/posts"}],"about":[{"href":"https:\/\/vozcomoarma.noblogs.org\/index.php?rest_route=\/wp\/v2\/types\/post"}],"author":[{"embeddable":true,"href":"https:\/\/vozcomoarma.noblogs.org\/index.php?rest_route=\/wp\/v2\/users\/7045"}],"replies":[{"embeddable":true,"href":"https:\/\/vozcomoarma.noblogs.org\/index.php?rest_route=%2Fwp%2Fv2%2Fcomments&post=15150"}],"version-history":[{"count":2,"href":"https:\/\/vozcomoarma.noblogs.org\/index.php?rest_route=\/wp\/v2\/posts\/15150\/revisions"}],"predecessor-version":[{"id":15152,"href":"https:\/\/vozcomoarma.noblogs.org\/index.php?rest_route=\/wp\/v2\/posts\/15150\/revisions\/15152"}],"wp:attachment":[{"href":"https:\/\/vozcomoarma.noblogs.org\/index.php?rest_route=%2Fwp%2Fv2%2Fmedia&parent=15150"}],"wp:term":[{"taxonomy":"category","embeddable":true,"href":"https:\/\/vozcomoarma.noblogs.org\/index.php?rest_route=%2Fwp%2Fv2%2Fcategories&post=15150"},{"taxonomy":"post_tag","embeddable":true,"href":"https:\/\/vozcomoarma.noblogs.org\/index.php?rest_route=%2Fwp%2Fv2%2Ftags&post=15150"}],"curies":[{"name":"wp","href":"https:\/\/api.w.org\/{rel}","templated":true}]}}