{"id":15241,"date":"2017-02-22T15:13:50","date_gmt":"2017-02-22T14:13:50","guid":{"rendered":"https:\/\/vozcomoarma.noblogs.org\/?p=15241"},"modified":"2017-02-22T15:13:50","modified_gmt":"2017-02-22T14:13:50","slug":"chile-2a-semana-de-agitacion-a-la-memoria-de-javier-recabarren-del-11-al-18-de-marzo","status":"publish","type":"post","link":"https:\/\/vozcomoarma.noblogs.org\/?p=15241","title":{"rendered":"Chile &#8211; 2\u00aa Semana de Agitaci\u00f3n a la memoria de Javier Recabarren (del 11 al 18 de marzo)"},"content":{"rendered":"<p align=\"justify\">Recibo en el correo electr\u00f3nico y difundo con \u00e1nimo este llamado a una Semana de Agitaci\u00f3n a la memoria de Javier Recabarren del 11 al 18 de Marzo 2017.<\/p>\n<p align=\"justify\">Recordemos, para quien no conozca su caso, que Javier Recabarren fue un ni\u00f1o que a pesar de tener s\u00f3lo 11 a\u00f1os, ya mostraba un firme compromiso rebelde. Javier llevaba una dieta vegana, participaba en instancias de lucha y debate, en acciones callejeras y de liberaci\u00f3n animal, contra todo pron\u00f3stico etarista que pudiese asignarle un grado de madurez, responsabilidad o implicaci\u00f3n bas\u00e1ndose s\u00f3lo en su edad.<\/p>\n<p align=\"justify\">Desgraciadamente, el compa Javier muri\u00f3 arrollado por un bus del TranSantiago en Santiago, en marzo de 2015, hace ya casi 2 a\u00f1os.<\/p>\n<p align=\"justify\">Desde aqu\u00ed, un abrazo firme a sus allegades y personas queridas que ya no pueden tenerle a su lado f\u00edsicamente pero que le mantienen presente en sus luchas y en sus esfuerzos. A continuaci\u00f3n, varios materiales para leer e informarse m\u00e1s sobre la breve pero intensa vida del compa\u00f1ero:<\/p>\n<ul>\n<li>\n<p align=\"justify\"><strong><a href=\"https:\/\/vozcomoarma.noblogs.org\/?p=14038\">[Publicaci\u00f3n] Chile \u2013 Folleto en memoria de Javier Recabarren<\/a><\/strong><\/p>\n<\/li>\n<li>\n<p align=\"justify\"><strong><a href=\"https:\/\/vozcomoarma.noblogs.org\/?p=14038\">Chile \u2013 Relato a la memoria antiautoritaria del compa\u00f1ero Javier Recabarren; Sobre la protesta contra McDonald\u2019s del d\u00eda 18\/10\/2014<\/a><\/strong><\/p>\n<\/li>\n<li>\n<p align=\"justify\"><strong><a href=\"https:\/\/vozcomoarma.noblogs.org\/?p=11353\">[Folleto] Chile \u2013 \u201cUna corta vida de revuelta vale m\u00e1s que cien a\u00f1os de sumisi\u00f3n \u2013 \u00a1Javier Recabarren Presente! 2003 \u2013 2014\u201d en memoria del compa Javier Recabarren<\/a><\/strong><\/p>\n<\/li>\n<\/ul>\n<p align=\"justify\">&#8212;&#8212;&#8212;&#8212;&#8212;&#8212;&#8212;&#8212;&#8212;&#8212;&#8211;<\/p>\n<p align=\"justify\"><em>\u201cKon todo el amor subversivo al peke\u00f1o hermoso ni\u00f1o rebelde Javier Rekabarren\u2026 Vegano\/Anarko\/Antijaulas, inmensamente conciente de sus inkontenibles deseos de libertad\u2026 Te llevamos en los corazones ind\u00f3mitos peke\u00f1o hermano!!!\u201d.<\/em><\/p>\n<ul>\n<li><strong><em>Marcelo Villarroel, Prisionero Libertario. 05\/11\/2015.<\/em><\/strong><\/li>\n<\/ul>\n<p align=\"justify\"><strong><em>La memoria, un arma en la guerra contra el Poder.<\/em><\/strong><\/p>\n<p align=\"justify\"><em>Asumidxs hasta la muerte como enemigxs del Estado, asumidxs hasta las \u00faltimas como enemigxs del poder y toda representaci\u00f3n de autoridad.<\/em><\/p>\n<p align=\"justify\"><em>Lanzamos una vez m\u00e1s un llamado abierto de agitaci\u00f3n y propaganda a 2 a\u00f1os de la muerte del compa\u00f1ero anarquista Javier Recabarren, quien falleciera el 18 de marzo del a\u00f1o 2015 tras ser atropellado por un bus del Transantiago en Santiago, Chile.<\/em><\/p>\n<p align=\"justify\"><em>Nuestra intenci\u00f3n es clara, prevalecer la memoria de un compa\u00f1ero que con apenas 11 de a\u00f1os de edad comenzaba a cimentar su camino en la lucha antiespecista y antiautoritaria conociendo sus ideas a trav\u00e9s de la propaganda. Acudiendo a actividades, ferias del libro y manifestaciones; y sin dudarlo, pas\u00f3 a la acci\u00f3n armando barricadas, atacando a las polic\u00edas, encapuch\u00e1ndose, para darle vida al desborde desde el anonimato.<\/em><\/p>\n<p align=\"justify\"><em>Aquellas acciones de Javier, est\u00e1n ah\u00ed, a la mano, todxs pueden leerlas y conocerlas, todxs pueden sentirse afines para poder llevar a la pr\u00e1ctica un gesto a su memoria insurrecta.<\/em><\/p>\n<p align=\"justify\"><em>El compa\u00f1ero propagaba la praxis por la liberaci\u00f3n animal y la anarqu\u00eda, y una maldita m\u00e1quina de este sistema se llev\u00f3 su vida, trunc\u00e1ndole la experiencia de seguir conociendo nuevos caminos, nuevas ideas y acciones, de conocer nuevos aciertos y errores, de sentir alegr\u00edas y fracasos, de seguir aportando de la forma que \u00e9l quisiera a la lucha combativa que tanto lo apasionaba. En fin de cuentas, continuar con su vida rebelde.<\/em><\/p>\n<p align=\"justify\"><em>Nuestro llamado, el segundo, es un gesto m\u00ednimo m\u00e1s de aporte a la lucha contra el poder, que esta vez se materializa levantando la memoria de un compa\u00f1ero para generar la siempre necesaria agitaci\u00f3n y propaganda de nuestras ideas y pr\u00e1cticas, la cual creemos debe ser una herramienta importante a utilizar cotidianamente.<\/em><\/p>\n<p align=\"justify\"><em>La convocatoria, es una iniciativa antiautoritaria, donde reflejamos nuestros valores y pr\u00e1cticas entre c\u00f3mplices. Donde la horizontalidad quiebra con cualquier instancia vertical. Donde la solidaridad se vuelve acci\u00f3n concreta para la lucha multiforme. Donde el apoyo mutuo se vuelve esencial entre afines. Donde la ilegalidad no transa con lo estatal. Donde la acci\u00f3n y la propaganda de las ideas anarquistas e insurrectas por las calles de la asquerosa ciudad rompen con cualquier guetto pol\u00edtico.<\/em><\/p>\n<p align=\"justify\"><em>Es as\u00ed que hoy como ayer, queremos sortear cualquier barrera del idioma, las banderas y fronteras, para invitar a esta instancia a lxs rebeldes, revolucionarixs y anarquistas que se encuentran en cualquier parte del mundo a responder de la forma que crean necesario este llamado desde el s\u00e1bado 11 al 18 de Marzo. Recuerden que la imaginaci\u00f3n no tiene l\u00edmites.<\/em><\/p>\n<p align=\"justify\"><strong><em>Con la memoria intacta y con el coraz\u00f3n palpitando de emoci\u00f3n.<br \/>\n\u00a1Compa\u00f1ero Javier Recabarren presente!<br \/>\n\u00a1Juventud Combatiente: Insurrecci\u00f3n Permanente!<\/em><\/strong><\/p>\n<p align=\"justify\"><em>Un saludo de libertad a lxs compa\u00f1erxs Kostas Pappas y Herminia Concha, quienes murieron en situaciones similares hace algunos a\u00f1os atr\u00e1s en Grecia y Chile respectivamente. En nuestra memoria est\u00e1n.<\/em><\/p>\n<p align=\"justify\"><em>PD: Esperamos que puedan enviar las iniciativas a las p\u00e1ginas de contrainformaci\u00f3n, como tambi\u00e9n nos las pueden hacer llegar al siguiente mail: semanadeagitaci\u00f3n02[arroba]riseup.net<\/em><\/p>\n","protected":false},"excerpt":{"rendered":"<p>Recibo en el correo electr\u00f3nico y difundo con \u00e1nimo este llamado a una Semana de Agitaci\u00f3n a la memoria de Javier Recabarren del 11 al 18 de Marzo 2017. Recordemos, para quien no conozca su caso, que Javier Recabarren fue &hellip; <a href=\"https:\/\/vozcomoarma.noblogs.org\/?p=15241\">Sigue leyendo <span class=\"meta-nav\">&rarr;<\/span><\/a><\/p>\n","protected":false},"author":7045,"featured_media":0,"comment_status":"closed","ping_status":"open","sticky":false,"template":"","format":"standard","meta":{"footnotes":""},"categories":[59,61,9],"tags":[47,39,78,30,16,24,11],"class_list":["post-15241","post","type-post","status-publish","format-standard","hentry","category-convocatorias","category-noticias","category-noticias-y-comunicados","tag-anti-desarrollismo","tag-anti-especismo","tag-chile","tag-critica-anti-industrial","tag-guerra-social","tag-reflexion","tag-solidaridad"],"_links":{"self":[{"href":"https:\/\/vozcomoarma.noblogs.org\/index.php?rest_route=\/wp\/v2\/posts\/15241","targetHints":{"allow":["GET"]}}],"collection":[{"href":"https:\/\/vozcomoarma.noblogs.org\/index.php?rest_route=\/wp\/v2\/posts"}],"about":[{"href":"https:\/\/vozcomoarma.noblogs.org\/index.php?rest_route=\/wp\/v2\/types\/post"}],"author":[{"embeddable":true,"href":"https:\/\/vozcomoarma.noblogs.org\/index.php?rest_route=\/wp\/v2\/users\/7045"}],"replies":[{"embeddable":true,"href":"https:\/\/vozcomoarma.noblogs.org\/index.php?rest_route=%2Fwp%2Fv2%2Fcomments&post=15241"}],"version-history":[{"count":1,"href":"https:\/\/vozcomoarma.noblogs.org\/index.php?rest_route=\/wp\/v2\/posts\/15241\/revisions"}],"predecessor-version":[{"id":15242,"href":"https:\/\/vozcomoarma.noblogs.org\/index.php?rest_route=\/wp\/v2\/posts\/15241\/revisions\/15242"}],"wp:attachment":[{"href":"https:\/\/vozcomoarma.noblogs.org\/index.php?rest_route=%2Fwp%2Fv2%2Fmedia&parent=15241"}],"wp:term":[{"taxonomy":"category","embeddable":true,"href":"https:\/\/vozcomoarma.noblogs.org\/index.php?rest_route=%2Fwp%2Fv2%2Fcategories&post=15241"},{"taxonomy":"post_tag","embeddable":true,"href":"https:\/\/vozcomoarma.noblogs.org\/index.php?rest_route=%2Fwp%2Fv2%2Ftags&post=15241"}],"curies":[{"name":"wp","href":"https:\/\/api.w.org\/{rel}","templated":true}]}}