{"id":15286,"date":"2017-03-03T13:58:51","date_gmt":"2017-03-03T12:58:51","guid":{"rendered":"https:\/\/vozcomoarma.noblogs.org\/?p=15286"},"modified":"2017-03-03T13:58:51","modified_gmt":"2017-03-03T12:58:51","slug":"viii-feria-del-libro-anarquista-de-sevilla","status":"publish","type":"post","link":"https:\/\/vozcomoarma.noblogs.org\/?p=15286","title":{"rendered":"VIII Feria del Libro Anarquista de Sevilla"},"content":{"rendered":"<p align=\"JUSTIFY\">Recibo en el correo electr\u00f3nico la informaci\u00f3n de la convocatoria para la VIII Feria del Libro Anarquista de Sevilla, que trae un a\u00f1o m\u00e1s el siguiente programa cargado de actividades para los siguientes d\u00edas 23, 24 y 25 de marzo.<\/p>\n<p align=\"JUSTIFY\"><strong><a href=\"https:\/\/vozcomoarma.noblogs.org\/files\/2017\/03\/viii-feria.pdf\"><b>Aqu\u00ed<\/b><\/a><\/strong><strong><b>\u00a0<\/b><\/strong>se puede descargar el programa en PDF para imprimir y distribuir f\u00edsicamente.<\/p>\n<p align=\"JUSTIFY\">&#8212;&#8212;&#8212;&#8212;&#8212;&#8212;&#8212;&#8212;&#8212;&#8212;&#8212;&#8212;&#8212;-<\/p>\n<p align=\"JUSTIFY\"><a href=\"https:\/\/vozcomoarma.noblogs.org\/files\/2017\/03\/gato.jpg\"><img loading=\"lazy\" decoding=\"async\" class=\"aligncenter wp-image-15288 size-full\" src=\"https:\/\/vozcomoarma.noblogs.org\/files\/2017\/03\/gato.jpg\" width=\"600\" height=\"260\" srcset=\"https:\/\/vozcomoarma.noblogs.org\/files\/2017\/03\/gato.jpg 600w, https:\/\/vozcomoarma.noblogs.org\/files\/2017\/03\/gato-300x130.jpg 300w\" sizes=\"auto, (max-width: 600px) 100vw, 600px\" \/><\/a><\/p>\n<p align=\"JUSTIFY\"><em><strong>Feria\u00a0Anarquista\u00a0del\u00a0libro\u00a0Sevilla<\/strong><\/em><\/p>\n<p><em>La VIII Feria tendr\u00e1 lugar (salvo cuando se indique), en \u00a0los espacios Tramallol (Pasaje Mallol 22) y Lan\u00f3nima (Pasaje Mallol 16).<\/em><\/p>\n<p align=\"JUSTIFY\"><em>Las\u00a0actividades\u00a0comenzar\u00e1n\u00a0con\u00a0<strong>estricta\u00a0puntualidad<\/strong>.<\/em><\/p>\n<p><em><strong>Jueves\u00a023<\/strong><\/em><\/p>\n<p align=\"JUSTIFY\"><em><strong>18\u00a0h\u00a0<\/strong>Apertura\u00a0de\u00a0puertas\u00a0de\u00a0la\u00a0Feria.<\/em><\/p>\n<p><em><strong>Fronteras<\/strong><\/em><\/p>\n<p align=\"JUSTIFY\"><em><strong>19\u00a0h\u00a0<\/strong>Charla Nuevas tecnolog\u00edas en el control de fronteras, a cargo del colectivo TKDK (Barcelona). Posterior debate.<\/em><\/p>\n<p><em><strong>22:30\u00a0h\u00a0<\/strong>Los Voluble presentan Borderhack, una cat\u00e1strofe audiovisual realizada en directo.<\/em><\/p>\n<p><em>Cenador\u00a0vegano.<\/em><\/p>\n<p><em><strong>Viernes\u00a024<\/strong><\/em><\/p>\n<p align=\"JUSTIFY\"><em><strong>18\u00a0h\u00a0<\/strong>Apertura\u00a0de\u00a0puertas\u00a0de\u00a0la\u00a0Feria.<\/em><\/p>\n<p><em><strong>19\u00a0h\u00a0<\/strong>Presentaci\u00f3n\u00a0del\u00a0n\u00famero\u00a021\u00a0del\u00a0peri\u00f3dico\u00a0El\u00a0Topo.<\/em><\/p>\n<p><em><strong>Autonom\u00eda<\/strong><\/em><\/p>\n<p align=\"JUSTIFY\"><em><strong>19:30\u00a0h\u00a0<\/strong>Presentaci\u00f3n de Un comunismo m\u00e1s fuerte que la metr\u00f3poli (Ed. Traficantes de Sue\u00f1os \u2013 2016) a cargo de su autor, Marcello Tar\u00ec y Vicente Barbarroja (coautor del pr\u00f3logo y traductor del libro). Posterior debate.<\/em><\/p>\n<p><em>El libro explora este periodo de la historia del Estado italiano desde una perspectiva militante, no historiogr\u00e1fica. Un periodo donde el lenguaje, los comportamientos pol\u00edticos o incluso las formas de vida fueron transformados por el movimiento aut\u00f3nomo, de norte a sur de la pen\u00ednsula transalpina. Se trataba de un comunismo \u201cimpuro, que reun\u00eda a Marx y la antipsiquiatr\u00eda, la Comuna de Par\u00eds y la contracultura norteamericana, el dadaismo y el insurreccionalismo, el operaismo y el feminismo\u201d. La Autonom\u00eda no fue jam\u00e1s, escribe Tar\u00ec, el nombre de una organizaci\u00f3n, habr\u00eda que referirse a las autonom\u00edas: la de les obreres, les estudiantes, las mujeres, les homosexuales, les prisioneres, \u201cla de cualquiera que eligiese la v\u00eda de la lucha contra el trabajo y el Estado, de la secesi\u00f3n frente al fantasma de la sociedad civil y de la subversi\u00f3n de la vida junto a otros y otras\u201d. La constelaci\u00f3n aut\u00f3noma acab\u00f3 por sucumbir bajo las fuerzas conjugadas de la m\u00e1quina estatal y el Partido comunista italiano. Su historia es la de una aventura revolucionaria cuya incandescencia es m\u00e1s actual que nunca.<\/em><\/p>\n<p><em><strong>Cenador\u00a0vegano.<\/strong><\/em><\/p>\n<p><em><strong>S\u00e1bado\u00a025<\/strong><\/em><\/p>\n<p align=\"JUSTIFY\"><em><strong>11\u00a0h\u00a0<\/strong>Apertura\u00a0de\u00a0puertas\u00a0de\u00a0la\u00a0Feria.<\/em><\/p>\n<p><em><strong>Territorio<\/strong><\/em><\/p>\n<p align=\"JUSTIFY\"><em><strong>11:30\u00a0h\u00a0<\/strong>Debate en torno a los libros La Casa del Aire para sus vecin@s, una historia de lucha contra la especulaci\u00f3n inmobiliaria (Ed. GEA La Corrala, Granada \u2013 2016) y La huelga de alquileres y el comit\u00e9 de defensa econ\u00f3mica, Barcelona, abril-diciembre de 1931 (Ed. El Lokal, Barcelona \u2013 2014), con la presencia de sus autorxs. Posterior debate.<\/em><\/p>\n<p><em>Cuentacuentos\u00a0y\u00a0comedor\u00a0vegano.<\/em><\/p>\n<p><em><strong>Feminismos<\/strong><\/em><\/p>\n<p align=\"JUSTIFY\"><em><strong>17\u00a0h\u00a0<\/strong>Charla Privacidad, seguridad digital y ciberfeminismos, a cargo de Alex Hach\u00e9 (hacktivista y cyberfeminista). Posterior debate.<\/em><\/p>\n<p><em>El aumento del uso de las TIC para rastrear, controlar, atacar y censurar las voces y opiniones de las mujeres en Internet, sea por parte de instituciones gubernamentales, actores no estatales, conocidos y familiares, se ha vuelto end\u00e9mico. Este contexto en el cual se renuevan antiguas formas de violencia, y se generan nuevas formas, requiere de nuevas estrategias, saberes y pr\u00e1cticas para poder mitigarlas y sobrepasarlas. Aunque las herramientas de privacidad y seguridad importan mucho, hemos podido verificar que lo m\u00e1s importante para mantener buenas pr\u00e1cticas a trav\u00e9s del tiempo radica en los procesos de soporte y solidaridad mutua y en el cambio de actitudes mentales. La privacidad y la seguridad s\u00f3lo se consiguen a trav\u00e9s de un trabajo colaborativo y partiendo de una perspectiva integral de la seguridad que tenga en cuenta tambi\u00e9n la integridad f\u00edsica y el bienestar emocional de las personas. En esta charla se presentar\u00e1n las experiencias derivadas del programa de acci\u00f3n intitulado \u201cAsegurando Libertades para la Mujer: Expresi\u00f3n, Privacidad e Inclusi\u00f3n Digital\u201d coordinado por la ONG Tactical Tech y cuyo trabajo ha sido apoyado por organizaciones como Association for Progressive Communications (APC) bajo su Programa de Derechos de Mujeres, SAFE (de IREX), Protection International, Red Consorcio Oaxaca, GIZ, Donestech, Enredadas, Sentimos Diverso. Este programa ha permitido trabajar directamente con m\u00e1s de 150 defensoras de derechos humanos y mujeres net-activistas localizadas en 32 pa\u00edses en \u00c1frica, Am\u00e9rica Latina y Centroam\u00e9rica, MENA y Asia. La finalidad ha sido la de encontrar soluciones a la tendencia global de utilizar las Tecnolog\u00edas de Informaci\u00f3n y Comunicaci\u00f3n (TIC) para generar y\/o amplificar violencia de g\u00e9nero y violencia contra las mujeres y ni\u00f1as.<\/em><\/p>\n<p align=\"JUSTIFY\"><em><strong>19:30\u00a0h\u00a0<\/strong>Presentaci\u00f3n de Relaciones amorosas de las mujeres encarceladas (UPV \u2013 2016), a cargo de su autora, Estibaliz de Miguel Calvo (profesora de sociolog\u00eda en la Universidad del Pa\u00eds Vasco. Miembra de la red Geispe-G\u00e9nero y Sistema Penal y SinRejas-Investigaci\u00f3n sobre Mujeres y C\u00e1rceles, feminista y activista).<\/em><\/p>\n<p><em>En un espacio de reclusi\u00f3n hablar del amor siempre es transgresor y la autora lo hace rompiendo el silencio de la privaci\u00f3n y compartiendo con mujeres presas una faceta poco investigada, aunque muy presente en la vida de las personas y profundamente sentida en condiciones de privaci\u00f3n de la libertad. Tambi\u00e9n habla de las c\u00e1rceles de mujeres en general, de los an\u00e1lisis cient\u00edficos que sobre ella se han ido construyendo, de los casos m\u00e1s estereotipados y marginados de los colectivos de mujeres presas. Este libro representa una l\u00ednea pionera en este campo, abriendo muchas posibilidades a investigaciones futuras que pueden ir profundizando en el amor y todo lo que ello implica para mujeres que viven ese amor entre rejas. Un texto altamente ameno, argumentado, sensible, a veces po\u00e9tico y a la vez saludable. Un an\u00e1lisis feminista potente y rompedor que seguro va a despertar mucho inter\u00e9s.<\/em><\/p>\n<p><em>Cenador\u00a0vegano.<\/em><\/p>\n<p><em><strong>Domingo\u00a026<\/strong><\/em><\/p>\n<p align=\"JUSTIFY\"><em><strong>11\u00a0h\u00a0<\/strong>Apertura\u00a0de\u00a0puertas\u00a0de\u00a0la\u00a0Feria.<\/em><\/p>\n<p><em><strong>Memoria\u00a0hist\u00f3rica<\/strong><\/em><\/p>\n<p align=\"JUSTIFY\"><em><strong>11\u00a0h.<\/strong>\u00a0Comienzo:\u00a0arco\u00a0de\u00a0la\u00a0Macarena.<\/em><\/p>\n<p align=\"JUSTIFY\"><em>Lugares de memoria. Un paseo por el paisaje de la \u201cSevilla resistente\u201d, a cargo del Grupo de Trabajo de Memoria Hist\u00f3rica de CNT Andaluc\u00eda.<\/em><\/p>\n<p><em>La memoria colectiva construye im\u00e1genes espaciales coherentes con la ideolog\u00eda dominante. Buen ejemplo de ello es como nuestra historia reciente se escenifica en espacios de ruptura. En ellos una memoria dogm\u00e1tica, fruto del cinismo, oculta la tr\u00e1gica matanza fundacional del nacionalcatolicismo. En ellos la mala conciencia niega a las v\u00edctimas y con ellas toda una cultura de lucha por la libertad. Pero el espacio urbano opone resistencias, vestigios materiales, huellas emocionales, im\u00e1genes olvidadas que distorsionan la coherencia narrativa de los recuerdos oficiales. Estas resistencias persisten olvidadas en espacios emblem\u00e1ticos -Bas\u00edlica de la Macarena, Plazas del Pumarejo, \u00a0de Santa Marina o San Marcos-, lugares por donde transitaremos, que redescubriremos entre todas con \u00a0otras miradas. Entre todas interpretaremos estos espacios reconstruidos y construidos una y otra vez. \u00a0Desde estos espacios reivindicaremos la necesidad de luchar contra la negaci\u00f3n de pasados oscuros, de construir las identidades urbanas de todas. Miraremos el papel del olvido o del silencio de un pasado que sigue activo en la fisonom\u00eda de nuestros espacios urbanos.<\/em><\/p>\n<p><em>Cuentacuentos\u00a0y\u00a0comedor\u00a0vegano.<\/em><\/p>\n<p><em><strong>Salud<\/strong><\/em><\/p>\n<p align=\"JUSTIFY\"><em><strong>17\u00a0h<\/strong>\u00a0Presentaci\u00f3n de Saldremos de esta, gu\u00eda de salud mental para el entorno de la persona en crisis (Ed. Traficantes de Sue\u00f1os \u2013 2016), a cargo de su autor Javier Erro. Posterior debate.<\/em><\/p>\n<p><em><strong>Actividades\u00a0paralelas<\/strong><\/em><\/p>\n<p align=\"JUSTIFY\"><em><strong>Viernes\u00a024,\u00a017\u00a0h.\u00a0Tramallol\u00a0<\/strong>Taller Seguridad digital para activistas, a cargo de Alex Hach\u00e9 (hacktivista y cyberfeminista).\u00a0Gratuito, aforo limitado, imprescindible reservar en\u00a0pingaprogramadoras@gmail.com<\/em><\/p>\n<p align=\"JUSTIFY\"><em>Coorganizado\u00a0con\u00a0Ping\u00a0a\u00a0programadoras.<\/em><\/p>\n<p><em><strong>S\u00e1bado\u00a025,\u00a014\u00a0h.\u00a0Librer\u00eda\u00a0La\u00a0Fuga\u00a0(Conde\u00a0de\u00a0Torrej\u00f3n\u00a04,\u00a0Sevilla)\u00a0<\/strong>Presentaci\u00f3n del libro Cervantes libertario, Cervantes antisistema o por qu\u00e9 los anarquistas aman a Cervantes (Corazones Blindados y Fundaci\u00f3n Anselmo Lorenzo \u2013 2016), a cargo de su autor, Emilio Sola. Posterior debate.<\/em><\/p>\n<p><em><strong>S\u00e1bado\u00a025,\u00a022\u00a0h.\u00a0Sala\u00a0Hollander\u00a0(Uranio\u00a06,\u00a0Sevilla),\u00a04 \u20ac\u00a0<\/strong>Concierto\u00a0Andaluc\u00eda\u00a0\u00dcber\u00a0Alles con las bandas Generaci\u00f3n Basura (hc-punk Sevilla), Repulsi\u00f3n (punk Sevilla), Opa Hostil (hc-punk C\u00f3rdoba) y Nuevo Orden (hc-punk Murcia).<\/em><\/p>\n<p align=\"JUSTIFY\"><em><strong>Comida\u00a0vegana\u00a0y\u00a0mercader\u00eda.<\/strong><\/em><\/p>\n<p><em>La VIII Feria tendr\u00e1 lugar (salvo cuando se indique), en \u00a0los espacios Tramallol (Pasaje Mallol 22) y Lan\u00f3nima (Pasaje Mallol 16).<\/em><\/p>\n<p align=\"JUSTIFY\"><em>Las\u00a0actividades\u00a0comenzar\u00e1n\u00a0con\u00a0<strong>estricta\u00a0puntualidad<\/strong>.<\/em><\/p>\n<p><em><a href=\"http:\/\/www.feriaanarquistasevilla.org\"><strong>www.feriaanarquistasevilla.org<\/strong><\/a><\/em><\/p>\n<p><em><strong>LIBERTAD\u00a0ANARQUISTXS\u00a0PRESXS<\/strong><\/em><\/p>\n","protected":false},"excerpt":{"rendered":"<p>Recibo en el correo electr\u00f3nico la informaci\u00f3n de la convocatoria para la VIII Feria del Libro Anarquista de Sevilla, que trae un a\u00f1o m\u00e1s el siguiente programa cargado de actividades para los siguientes d\u00edas 23, 24 y 25 de marzo. &hellip; <a href=\"https:\/\/vozcomoarma.noblogs.org\/?p=15286\">Sigue leyendo <span class=\"meta-nav\">&rarr;<\/span><\/a><\/p>\n","protected":false},"author":7045,"featured_media":0,"comment_status":"closed","ping_status":"open","sticky":false,"template":"","format":"standard","meta":{"footnotes":""},"categories":[59,61,9],"tags":[42,41],"class_list":["post-15286","post","type-post","status-publish","format-standard","hentry","category-convocatorias","category-noticias","category-noticias-y-comunicados","tag-movimientos-sociales","tag-sevilla"],"_links":{"self":[{"href":"https:\/\/vozcomoarma.noblogs.org\/index.php?rest_route=\/wp\/v2\/posts\/15286","targetHints":{"allow":["GET"]}}],"collection":[{"href":"https:\/\/vozcomoarma.noblogs.org\/index.php?rest_route=\/wp\/v2\/posts"}],"about":[{"href":"https:\/\/vozcomoarma.noblogs.org\/index.php?rest_route=\/wp\/v2\/types\/post"}],"author":[{"embeddable":true,"href":"https:\/\/vozcomoarma.noblogs.org\/index.php?rest_route=\/wp\/v2\/users\/7045"}],"replies":[{"embeddable":true,"href":"https:\/\/vozcomoarma.noblogs.org\/index.php?rest_route=%2Fwp%2Fv2%2Fcomments&post=15286"}],"version-history":[{"count":1,"href":"https:\/\/vozcomoarma.noblogs.org\/index.php?rest_route=\/wp\/v2\/posts\/15286\/revisions"}],"predecessor-version":[{"id":15289,"href":"https:\/\/vozcomoarma.noblogs.org\/index.php?rest_route=\/wp\/v2\/posts\/15286\/revisions\/15289"}],"wp:attachment":[{"href":"https:\/\/vozcomoarma.noblogs.org\/index.php?rest_route=%2Fwp%2Fv2%2Fmedia&parent=15286"}],"wp:term":[{"taxonomy":"category","embeddable":true,"href":"https:\/\/vozcomoarma.noblogs.org\/index.php?rest_route=%2Fwp%2Fv2%2Fcategories&post=15286"},{"taxonomy":"post_tag","embeddable":true,"href":"https:\/\/vozcomoarma.noblogs.org\/index.php?rest_route=%2Fwp%2Fv2%2Ftags&post=15286"}],"curies":[{"name":"wp","href":"https:\/\/api.w.org\/{rel}","templated":true}]}}