{"id":15355,"date":"2017-03-09T11:23:10","date_gmt":"2017-03-09T10:23:10","guid":{"rendered":"https:\/\/vozcomoarma.noblogs.org\/?p=15355"},"modified":"2017-03-09T11:29:50","modified_gmt":"2017-03-09T10:29:50","slug":"italia-sobre-la-audiencia-de-apelaciones-por-el-recurso-de-la-fiscalia-de-turin-contra-les-anarquistas-silvia-costa-y-billy","status":"publish","type":"post","link":"https:\/\/vozcomoarma.noblogs.org\/?p=15355","title":{"rendered":"Italia &#8211; Sobre la audiencia de apelaciones por el recurso de la fiscal\u00eda de Tur\u00edn contra les anarquistas Silvia, Costa y Billy"},"content":{"rendered":"<p align=\"justify\"><a href=\"https:\/\/vozcomoarma.noblogs.org\/files\/2017\/03\/silvia-libera-551905.660x368.jpg\"><img loading=\"lazy\" decoding=\"async\" class=\"size-medium wp-image-15356 alignright\" src=\"https:\/\/vozcomoarma.noblogs.org\/files\/2017\/03\/silvia-libera-551905.660x368-300x167.jpg\" alt=\"\" width=\"300\" height=\"167\" srcset=\"https:\/\/vozcomoarma.noblogs.org\/files\/2017\/03\/silvia-libera-551905.660x368-300x167.jpg 300w, https:\/\/vozcomoarma.noblogs.org\/files\/2017\/03\/silvia-libera-551905.660x368.jpg 660w\" sizes=\"auto, (max-width: 300px) 100vw, 300px\" \/><\/a>Recojo de <a href=\"http:\/\/actforfree.nostate.net\/?p=26552\"><strong>Act For Freedom Now<\/strong><\/a> y traduzco esta cr\u00f3nica breve publicada el pasado 7 de marzo de la audiencia de apelaciones contra les compas Silvia Guerini, Luca Bernasconi \u00abBilly\u00bb y Constantino Ragusa \u00abCosta\u00bb, debido al recurso presentado por la fiscal\u00eda despu\u00e9s de que su caso fuese sobrese\u00eddo en Italia siguiendo el principio de \u201cne bis in idem\u201d (que impide juzgar a una persona dos veces por un mismo hecho), ya que les compa\u00f1eres ya hab\u00edan cumplido condena en Su\u00edza por los mismos cargos. Por ahora, el recurso de la pesada fiscal no se ha aceptado, remiti\u00e9ndolo a casaci\u00f3n para que decidan sobre su validez. Si no se acepta, el sobreseimiento de les compas ser\u00eda definitivo, pero si se acepta&#8230; empezar\u00e1 un juicio de apelaciones que, en el peor de los casos, podr\u00eda terminar con una reapertura del caso y el comienzo de un nuevo proceso contra les compas.<\/p>\n<p align=\"justify\">&#8212;&#8212;&#8212;&#8212;&#8212;&#8212;&#8212;&#8212;&#8212;&#8212;&#8212;&#8212;&#8212;<\/p>\n<p align=\"justify\"><strong><em>Tur\u00edn, 15 de febrero de 2017<\/em><\/strong><\/p>\n<p align=\"justify\"><em>El juicio de apelaciones contra Silvia, Billy y Costa tuvo lugar esta ma\u00f1ana.<\/em><\/p>\n<p align=\"justify\"><em>En <span lang=\"es-ES\">los fundamentos de la sentencia de primer grado, se ha se\u00f1alado la inadmisi\u00f3n para llevar a cabo el procedimiento debido a un fallo en la jurisdicci\u00f3n, el cual s\u00f3lo puede ser apelado a trav\u00e9s del tribunal de casaci\u00f3n. Por consiguiente, el recurso presentado por los fiscales fue rechazado y remitido a la casaci\u00f3n para una decisi\u00f3n final.<\/span><\/em><\/p>\n<p align=\"justify\"><em>La casaci\u00f3n tendr\u00e1 que deliberar sobre la validez del recurso; si no es considerado v\u00e1lido todo terminar\u00e1 ah\u00ed, pero si lo es habr\u00e1 un juicio de apelaciones.<\/em><\/p>\n","protected":false},"excerpt":{"rendered":"<p>Recojo de Act For Freedom Now y traduzco esta cr\u00f3nica breve publicada el pasado 7 de marzo de la audiencia de apelaciones contra les compas Silvia Guerini, Luca Bernasconi \u00abBilly\u00bb y Constantino Ragusa \u00abCosta\u00bb, debido al recurso presentado por la &hellip; <a href=\"https:\/\/vozcomoarma.noblogs.org\/?p=15355\">Sigue leyendo <span class=\"meta-nav\">&rarr;<\/span><\/a><\/p>\n","protected":false},"author":7045,"featured_media":0,"comment_status":"closed","ping_status":"open","sticky":false,"template":"","format":"standard","meta":{"footnotes":""},"categories":[223,224,61,9,7,225],"tags":[47,39,16,26,38,19,11,55],"class_list":["post-15355","post","type-post","status-publish","format-standard","hentry","category-constantino-ragusa","category-luca-bernasconi","category-noticias","category-noticias-y-comunicados","category-presxs","category-silvia-guerini","tag-anti-desarrollismo","tag-anti-especismo","tag-guerra-social","tag-insurreccionalismo","tag-italia","tag-represion","tag-solidaridad","tag-suiza"],"_links":{"self":[{"href":"https:\/\/vozcomoarma.noblogs.org\/index.php?rest_route=\/wp\/v2\/posts\/15355","targetHints":{"allow":["GET"]}}],"collection":[{"href":"https:\/\/vozcomoarma.noblogs.org\/index.php?rest_route=\/wp\/v2\/posts"}],"about":[{"href":"https:\/\/vozcomoarma.noblogs.org\/index.php?rest_route=\/wp\/v2\/types\/post"}],"author":[{"embeddable":true,"href":"https:\/\/vozcomoarma.noblogs.org\/index.php?rest_route=\/wp\/v2\/users\/7045"}],"replies":[{"embeddable":true,"href":"https:\/\/vozcomoarma.noblogs.org\/index.php?rest_route=%2Fwp%2Fv2%2Fcomments&post=15355"}],"version-history":[{"count":4,"href":"https:\/\/vozcomoarma.noblogs.org\/index.php?rest_route=\/wp\/v2\/posts\/15355\/revisions"}],"predecessor-version":[{"id":15362,"href":"https:\/\/vozcomoarma.noblogs.org\/index.php?rest_route=\/wp\/v2\/posts\/15355\/revisions\/15362"}],"wp:attachment":[{"href":"https:\/\/vozcomoarma.noblogs.org\/index.php?rest_route=%2Fwp%2Fv2%2Fmedia&parent=15355"}],"wp:term":[{"taxonomy":"category","embeddable":true,"href":"https:\/\/vozcomoarma.noblogs.org\/index.php?rest_route=%2Fwp%2Fv2%2Fcategories&post=15355"},{"taxonomy":"post_tag","embeddable":true,"href":"https:\/\/vozcomoarma.noblogs.org\/index.php?rest_route=%2Fwp%2Fv2%2Ftags&post=15355"}],"curies":[{"name":"wp","href":"https:\/\/api.w.org\/{rel}","templated":true}]}}