{"id":15604,"date":"2017-03-22T00:19:56","date_gmt":"2017-03-21T23:19:56","guid":{"rendered":"https:\/\/vozcomoarma.noblogs.org\/?p=15604"},"modified":"2017-03-22T00:21:20","modified_gmt":"2017-03-21T23:21:20","slug":"texto-chile-pacificacion-y-revuelta-en-torno-al-dia-de-la-mujer-una-reflexion-anarquica","status":"publish","type":"post","link":"https:\/\/vozcomoarma.noblogs.org\/?p=15604","title":{"rendered":"[Texto] Chile &#8211; Pacificaci\u00f3n y revuelta en torno al \u201cd\u00eda de la mujer\u201d. Una reflexi\u00f3n an\u00e1rquica."},"content":{"rendered":"<p align=\"justify\"><a href=\"https:\/\/vozcomoarma.noblogs.org\/files\/2017\/03\/patriarcado-y-capital.jpg\"><img loading=\"lazy\" decoding=\"async\" class=\"size-medium wp-image-15605 alignright\" src=\"https:\/\/vozcomoarma.noblogs.org\/files\/2017\/03\/patriarcado-y-capital-300x187.jpg\" alt=\"\" width=\"300\" height=\"187\" srcset=\"https:\/\/vozcomoarma.noblogs.org\/files\/2017\/03\/patriarcado-y-capital-300x187.jpg 300w, https:\/\/vozcomoarma.noblogs.org\/files\/2017\/03\/patriarcado-y-capital.jpg 625w\" sizes=\"auto, (max-width: 300px) 100vw, 300px\" \/><\/a>Recibo en el correo electr\u00f3nico y difundo este escrito haciendo una reflexi\u00f3n sobre el origen del 8 de marzo (un origen desgraciadamente olvidado por muches, lo que no deja de confirmar una vez m\u00e1s la importante necesidad de proyectos y actividades que mantengan viva la memoria del conflicto, impidi\u00e9ndole al Estado y a las organizaciones reformistas apropiarse de las luchas y del simbolismo de ciertas efem\u00e9rides vaciando su contenido realmente hostil a su sistema y neutralizando su potencial subversivo hasta convertirlas en poco m\u00e1s que fiestas pacificadas y dirigidas) y sobre la perspectiva que como anarquistas les compa\u00f1eres defienden:<\/p>\n<p align=\"justify\">&#8212;&#8212;&#8212;&#8212;&#8212;&#8212;&#8212;&#8212;&#8212;&#8212;&#8212;&#8212;&#8212;&#8212;&#8212;&#8211;<\/p>\n<p align=\"justify\"><strong><em>Pacificaci\u00f3n y revuelta en torno al \u201cd\u00eda de la mujer\u201d. Una reflexi\u00f3n an\u00e1rquica. <\/em><\/strong><\/p>\n<p align=\"justify\"><em>Cuando nos damos cuenta de la naturaleza autoritaria y patriarcal de la sociedad actual, entendemos los g\u00e9neros como imposiciones a trav\u00e9s de las cuales lxs individuxs somos obligadxs a reproducir ciertos roles dentro de la red de la dominaci\u00f3n. <\/em><\/p>\n<p align=\"justify\"><em>Ciertamente, esta sociedad contin\u00faa imponiendo a quienes nacen como \u201cmujeres\u201d una posici\u00f3n inferior a los nacidos como \u201chombres\u201d.\u00a0 De ah\u00ed que cada 8 de marzo, cuando se conmemora el \u201cd\u00eda de la mujer\u201d, muchas personas, en su mayor\u00eda mujeres, salen a las calles para manifestar su descontento ante tal situaci\u00f3n de inequidad. <\/em><\/p>\n<p align=\"justify\"><em>La historia m\u00e1s conocida sobre la conmemoraci\u00f3n del 8 de marzo hace referencia a los hechos que sucedieron en esa fecha del a\u00f1o 1908, donde murieron calcinadas 146 mujeres trabajadoras de la f\u00e1brica textil Cotton de Nueva York en un incendio provocado por los patrones, ante la negativa de las trabajadoras de abandonar el encierro en el que protestaban producto de los bajos salarios y las infames condiciones de trabajo que padec\u00edan. <\/em><\/p>\n<p align=\"justify\"><em>Fue en 1910, durante un Congreso Internacional de Mujeres Socialistas, en donde se propuso que se estableciera el 8 de marzo como el D\u00eda Internacional de la Mujer, en homenaje a aquellas que llevaron adelante las primeras acciones de mujeres trabajadoras organizadas contra la explotaci\u00f3n capitalista. <\/em><\/p>\n<p align=\"justify\"><em>Sin embargo, como ha sucedido con otras fechas que tienen un origen ligado al conflicto con los dominadores, el 8 de marzo se ha transformado mayoritariamente en un desfile ciudadano donde los discursos victimistas de la mayor\u00eda de lxs manifestantes se combinan con los intentos de los gobiernos por hacer de \u201cla lucha por las mujeres\u201d un elemento de consenso con el resto de la poblaci\u00f3n. <\/em><\/p>\n<p align=\"justify\"><em>As\u00ed, al igual que otros hitos conmemorativos, el 8 de marzo ha sido recuperado por las democracias capitalistas para limitar los cuestionamientos al sistema pol\u00edtico\/econ\u00f3mico y silenciar la lucha hist\u00f3rica contra los explotadores y sus t\u00e1cticas de exterminio y control social. <\/em><\/p>\n<p align=\"justify\"><em>Como antiautoritarixs, nos negamos a hacer de esta fecha un d\u00eda de pacificaci\u00f3n y de consenso con el Estado y el reformismo izquierdista, ya que negamos en nuestra vida toda forma de poder y toda imposici\u00f3n desde los sectores dominantes, propagando la revuelta contra el orden social autoritario y cuestionando tambi\u00e9n nuestras propias conductas individuales para posicionarnos en guerra contra el sistema de dominaci\u00f3n, sus m\u00e9todos de control y los l\u00edmites que \u00e9stos generan en nuestra cotidianidad. <\/em><\/p>\n<p align=\"justify\"><em>Nuestra lucha es por la Liberaci\u00f3n Total, y en ella combatimos a toda persona que trate de imponernos su voluntad y poder, sea esta persona \u201chombre\u201d o \u201cmujer\u201d, rico o pobre, blanco o negro, etc. De igual modo, nuestra afinidad est\u00e1 con cada individux que desee romper las cadenas de la autoridad, sin importar su sexo, raza o especie. <\/em><\/p>\n<p align=\"justify\"><em><strong>\u00a1Porque en la lucha no somos v\u00edctimas! <\/strong><\/em><br \/>\n<em> <strong>Porque luchamos contra toda forma de autoridad. <\/strong><\/em><br \/>\n<em> <strong>\u00a1Que la acci\u00f3n an\u00e1rquica y la tensi\u00f3n anti-patriarcal se propaguen por todas partes! <\/strong><\/em><\/p>\n<p align=\"justify\"><em><strong>An\u00e1rquicxs contra la pacificaci\u00f3n de nuestras vidas. <\/strong><\/em><\/p>\n<p align=\"justify\"><em><strong>Marzo 2017<\/strong><\/em><\/p>\n","protected":false},"excerpt":{"rendered":"<p>Recibo en el correo electr\u00f3nico y difundo este escrito haciendo una reflexi\u00f3n sobre el origen del 8 de marzo (un origen desgraciadamente olvidado por muches, lo que no deja de confirmar una vez m\u00e1s la importante necesidad de proyectos y &hellip; <a href=\"https:\/\/vozcomoarma.noblogs.org\/?p=15604\">Sigue leyendo <span class=\"meta-nav\">&rarr;<\/span><\/a><\/p>\n","protected":false},"author":7045,"featured_media":0,"comment_status":"closed","ping_status":"open","sticky":false,"template":"","format":"standard","meta":{"footnotes":""},"categories":[20],"tags":[49,78,16,82,42,24],"class_list":["post-15604","post","type-post","status-publish","format-standard","hentry","category-textos","tag-anti-sexismo","tag-chile","tag-guerra-social","tag-machirulismo-abusos-de-genero","tag-movimientos-sociales","tag-reflexion"],"_links":{"self":[{"href":"https:\/\/vozcomoarma.noblogs.org\/index.php?rest_route=\/wp\/v2\/posts\/15604","targetHints":{"allow":["GET"]}}],"collection":[{"href":"https:\/\/vozcomoarma.noblogs.org\/index.php?rest_route=\/wp\/v2\/posts"}],"about":[{"href":"https:\/\/vozcomoarma.noblogs.org\/index.php?rest_route=\/wp\/v2\/types\/post"}],"author":[{"embeddable":true,"href":"https:\/\/vozcomoarma.noblogs.org\/index.php?rest_route=\/wp\/v2\/users\/7045"}],"replies":[{"embeddable":true,"href":"https:\/\/vozcomoarma.noblogs.org\/index.php?rest_route=%2Fwp%2Fv2%2Fcomments&post=15604"}],"version-history":[{"count":3,"href":"https:\/\/vozcomoarma.noblogs.org\/index.php?rest_route=\/wp\/v2\/posts\/15604\/revisions"}],"predecessor-version":[{"id":15608,"href":"https:\/\/vozcomoarma.noblogs.org\/index.php?rest_route=\/wp\/v2\/posts\/15604\/revisions\/15608"}],"wp:attachment":[{"href":"https:\/\/vozcomoarma.noblogs.org\/index.php?rest_route=%2Fwp%2Fv2%2Fmedia&parent=15604"}],"wp:term":[{"taxonomy":"category","embeddable":true,"href":"https:\/\/vozcomoarma.noblogs.org\/index.php?rest_route=%2Fwp%2Fv2%2Fcategories&post=15604"},{"taxonomy":"post_tag","embeddable":true,"href":"https:\/\/vozcomoarma.noblogs.org\/index.php?rest_route=%2Fwp%2Fv2%2Ftags&post=15604"}],"curies":[{"name":"wp","href":"https:\/\/api.w.org\/{rel}","templated":true}]}}