{"id":15695,"date":"2017-03-27T15:00:53","date_gmt":"2017-03-27T13:00:53","guid":{"rendered":"https:\/\/vozcomoarma.noblogs.org\/?p=15695"},"modified":"2017-03-27T15:17:16","modified_gmt":"2017-03-27T13:17:16","slug":"texto-circos-con-animales-cuando-se-les-acaba-la-magia-tiran-de-manipulacion-por-activistas-antiespecistas-de-ciudad-real","status":"publish","type":"post","link":"https:\/\/vozcomoarma.noblogs.org\/?p=15695","title":{"rendered":"[Texto] \u00abCircos con animales: cuando se les acaba la magia, tiran de manipulaci\u00f3n\u00bb por activistas antiespecistas de Ciudad Real"},"content":{"rendered":"<p align=\"justify\">Sigue a continuaci\u00f3n un texto recibido en el e-mail y que fue publicado a su vez en el blog <strong><a href=\"https:\/\/porelfindelcircoconanimales.wordpress.com\/2017\/03\/16\/circos-con-animales-cuando-se-les-acaba-la-magia-tiran-de-manipulacion\/\">Por el Fin de los Circos con Animales<\/a><\/strong>, quienes a su vez lo recibieron de sus autores, un grupo de activistas antiespecistas de Ciudad Real. El texto explica lo ocurrido recientemente, cuando unos toros lograron abandonar el recinto del circo, aunque sin atacar a nadie, y ese incidente, fruto de las, afortunadamente, cutres instalaciones y seguridad de los explotadores due\u00f1os del circo, se convirti\u00f3 de repente y por arte de magia, con la complicidad de los medios de comunicaci\u00f3n locales en un acto supuestamente cometido por activistas animalistas que vestidos de negro y gritando consignas habr\u00edan sido vistos abriendo las jaulas de esos toros as\u00ed como de ponys, tigre y le\u00f3n. Con este cuento, pura invenci\u00f3n del due\u00f1o del circo para hacerse la v\u00edctima, no s\u00f3lo pretend\u00eda criminalizar al movimiento antiespecista local, sino tambi\u00e9n acusarles de poner en peligro la seguridad de ni\u00f1os, conductores y viandantes, algo que por supuesto, no es culpa de nadie m\u00e1s que del due\u00f1o del circo y adem\u00e1s, es falso ya que los toros (ni ponys, ni tigres, ni leones, s\u00f3lo dos toros) en ning\u00fan momento atacaron a nadie.<\/p>\n<p align=\"justify\">Cuando se da un incidente tan cutre y pat\u00e9tico en el que necesitas inventarte ataques de activistas a tus instalaciones para dar algo de pena y ver si as\u00ed reflotas tu asqueroso negocio basado en la explotaci\u00f3n y el maltrato, entonces queda claro que est\u00e1is acabados y que los circos de la escoria como vosotres, que convierte en \u00abespect\u00e1culo\u00bb y pretende hacer pasar por divertida la tortura y la esclavitud de animales arrancados de sus h\u00e1bitats y condenados a una vida de jaulas y lamentos para diversi\u00f3n de cuatro imb\u00e9ciles, tienen los d\u00edas contados.<\/p>\n<p align=\"justify\">&#8212;&#8212;&#8212;&#8212;&#8212;&#8212;&#8212;&#8212;&#8212;&#8212;&#8212;&#8212;-<\/p>\n<p align=\"justify\"><em>*A continuaci\u00f3n reproducimos un texto que nos han hecho llegar activistas antiespecistas de Ciudad Real, en relaci\u00f3n a los intentos de intoxicaci\u00f3n medi\u00e1tica que han tenido que enfrentar durante el paso del circo Continental por su localidad. Desde aqu\u00ed les enviamos un sentido abrazo y toda nuestra complicidad.<\/em><\/p>\n<p align=\"justify\"><em>-\u00b7-<\/em><\/p>\n<p align=\"justify\"><em><strong>Circos con animales: cuando se les acaba la magia, tiran de manipulaci\u00f3n.<\/strong><\/em><\/p>\n<p align=\"justify\"><em>Sobre la invenci\u00f3n y manipulaci\u00f3n de noticias por parte de Nacho Pedrera y del Circo Continental durante su estancia en Ciudad Real.<\/em><\/p>\n<p align=\"justify\"><em>Truco: Disposici\u00f3n a preparar algo con ardides o trampas que produzcan el efecto deseado.<\/em><\/p>\n<p align=\"justify\"><em>Manipulaci\u00f3n: Intervenci\u00f3n con medios h\u00e1biles y, a veces, arteros, en la pol\u00edtica, en el mercado, en la informaci\u00f3n, etc., con distorsi\u00f3n de la verdad o la justicia, y al servicio de intereses particulares.<\/em><\/p>\n<p align=\"justify\"><em>En los circos con animales hay una clase de magia muy diferente a la idea que podemos tener de ella; no tiene que ver con la ilusi\u00f3n, la sorpresa o la expectaci\u00f3n. Los esfuerzos y recursos de los due\u00f1os de este tipo de circos se dedican a conseguir trucos que hagan tolerable la humillaci\u00f3n y encierro que ya cada vez m\u00e1s gente rechaza. Pero el tel\u00f3n se cay\u00f3 hace tiempo dejando al descubierto una realidad inasumible para casi todas.<\/em><\/p>\n<p align=\"justify\"><em>Estando as\u00ed las cosas ahora nos topamos con otra variedad que por lo que vemos tampoco manejan del todo y que les lleva a una confusi\u00f3n en los t\u00e9rminos, a una mala preparaci\u00f3n y a una peor ejecuci\u00f3n. Las que est\u00e1n luchando desde hace a\u00f1os en Madrid contra el uso de animales en los circos <a href=\"http:\/\/www.eldiario.es\/caballodenietzsche\/Quiros-Gottani-verdadera-magia-circo_6_603749652.html\"><span lang=\"zxx\">ya advirtieron<\/span><\/a> de las intenciones que ten\u00edan de incluir este tipo de funci\u00f3n y en Ciudad Real lo hemos comprobado de primera mano.<\/em><\/p>\n<p align=\"justify\"><em>Queremos compartir con todas una cr\u00f3nica de los hechos ocurridos hace unos d\u00edas as\u00ed como una serie de reflexiones que creemos necesarias plantear dado la gravedad de lo ocurrido y para que consigamos sacar de todo \u00e9sto algo que acerque m\u00e1s aun el fin de los circos con animales.<\/em><\/p>\n<p align=\"justify\"><em><strong>La funci\u00f3n que prepararon.<\/strong><\/em><\/p>\n<p align=\"justify\"><em>El viernes 24 de febrero a las 15:45 cuatro animalistas vestidas por completo de negro eran sorprendidas por un responsable del Circo Continental liberando a dos toros, unos ponis e intentando hacer lo mismo con las leonas y las tigresas mientras gritaban \u201cliberaci\u00f3n animal\u201d, \u201cmaltratadores\u201d y \u201canimales libres\u201d. Las animalistas huyen saltando varias vallas mientras gritan lo arriba referido y un trabajador del circo act\u00faa con rapidez para devolver a sus jaulas a los toros que hab\u00edan llegado a salirse del recinto del circo.<\/em><\/p>\n<p align=\"justify\"><em>Esta es la puesta en escena que prepararan los due\u00f1os del Circo Continental con la inestimable ayuda de Nacho Pedrera, portavoz de la Asociaci\u00f3n Circos Reunidos y gerente de otro circo con animales, el Quir\u00f3s.<\/em><\/p>\n<p align=\"justify\"><em><strong>Lo que sabemos qu\u00e9 pas\u00f3.<\/strong><\/em><\/p>\n<p align=\"justify\"><em>Antes del relato de m\u00e1s arriba, el d\u00eda 24 de febrero casi a las 18h sal\u00eda una <strong><a href=\"http:\/\/www.miciudadreal.es\/2017\/02\/24\/ciudad-real-rumiando-por-la-avenida-de-los-reyes-catolicos\/\" target=\"_blank\">noticia<\/a><\/strong> [1] en un peri\u00f3dico digital local que dec\u00eda que dos toros hab\u00edan estado caminando por la avenida que hay al lado de d\u00f3nde estaba instalado el Continental y que tras estar apenas 5 min. en la calle una persona del circo los hab\u00eda conducido al interior de las instalaciones. Es una noticia corta que pasa pr\u00e1cticamente inadvertida.<\/em><\/p>\n<p align=\"justify\"><em>Al d\u00eda siguiente por la ma\u00f1ana, salta la noticia de que no hab\u00eda sido un intento de fuga de los toros sino que hab\u00edan sido \u201ccuatro animalistas que los liberaron\u201d y de repente todo se precipita. La gente que antes hablaba de toros mansos y hac\u00eda gracias con la imagen de los animales por la calle ahora se echaba las manos a la cabeza y acusaba a las que luchamos contra la explotaci\u00f3n de los animales en los circos de poner en peligro la vida de ni\u00f1as, de las conductoras e incluso pasan a preocuparse por los propios animales del circo de los que antes no ten\u00edan nada que decir aunque est\u00e9n encerrados y sean humillados en cada funci\u00f3n.<\/em><\/p>\n<p align=\"justify\"><em>Por suerte a esas horas justo al lado de las instalaciones del Circo Continental decenas de madres y padres acompa\u00f1aban a sus hijas a un entrenamiento en el pabell\u00f3n Quijote Arena que como decimos est\u00e1n colindantes. Es m\u00e1s, el parking d\u00f3nde los\/as padres y madres dejan a las ni\u00f1as es el mismo que usan los (pocos, muy pocos) que han ido a las funciones del circo porque la puerta de entrada al mismo est\u00e1 orientada hac\u00eda all\u00e1 al igual que la puerta de acceso al pabell\u00f3n est\u00e1 en ese lado.<\/em><\/p>\n<p align=\"justify\"><em>Los testigos declaraban lo siguiente: \u201clas reses estaban sueltas, comiendo hierba en el recinto que ocupa el circo y salieron por una valla situada junto a la rampa del pabell\u00f3n deportivo que desde el primer d\u00eda ha permanecido abierta\u201d y : \u201call\u00ed no hab\u00eda activistas ni se oyeron gritos de liberaci\u00f3n animal y lo ocurrido fue visto por decenas de padres\u201d.<\/em><\/p>\n<p align=\"justify\"><em>Alguna persona que ve a los toros fuera del cercado llama a la polic\u00eda, \u00e9sta va al circo y antes que admitir que los toros intentan escapar y que eres un cutre y tus instalaciones tambi\u00e9n, te inventas una noticia que adem\u00e1s servir\u00e1 para que Nacho Pedrera haga, o intente hacer, su magia.<\/em><\/p>\n<p align=\"justify\"><em>Siete horas. Eso es lo que les dura la funci\u00f3n tal como ellos pretend\u00edan que fuese.<\/em><\/p>\n<p align=\"justify\"><em>Despu\u00e9s de que se descubriese el truco en vez de asumir lo pat\u00e9tico de su intento hacen por cuadrar la historia con el relato de los testigos diciendo que las animalistas encapuchadas hab\u00edan huido justamente por la zona contraria a donde estaban las\/os madres\/padres y ni\u00f1as y que por la lejan\u00eda tampoco pudieron o\u00edr los gritos.<\/em><\/p>\n<p align=\"justify\"><em><a href=\"https:\/\/vozcomoarma.noblogs.org\/files\/2017\/03\/reses-circo.jpg\"><img loading=\"lazy\" decoding=\"async\" class=\"wp-image-15697 size-full aligncenter\" src=\"https:\/\/vozcomoarma.noblogs.org\/files\/2017\/03\/reses-circo.jpg\" width=\"550\" height=\"321\" srcset=\"https:\/\/vozcomoarma.noblogs.org\/files\/2017\/03\/reses-circo.jpg 550w, https:\/\/vozcomoarma.noblogs.org\/files\/2017\/03\/reses-circo-300x175.jpg 300w\" sizes=\"auto, (max-width: 550px) 100vw, 550px\" \/><\/a><strong>O preparas la funci\u00f3n o te arriesgas a que se te descubra.<\/strong><\/em><\/p>\n<p align=\"justify\"><em>Vamos a intentar explicar todas las cuestiones que hacen evidente lo cutre de esta historia. Cuestiones \u201ct\u00e9cnicas\u201d pues m\u00e1s adelante hablaremos sobre las implicaciones de todo esto y las que creemos que eran las intenciones.<\/em><\/p>\n<p align=\"justify\"><em>Para qui\u00e9n no viva en Ciudad Real o no conozca esa zona hay que decirles que ya la primera noticia que dec\u00eda que hab\u00edan sido animalistas de negro y encapuchadas las que a las 15:45 hab\u00edan soltado a los animales y estaban intentando soltar a m\u00e1s sonaba bastante inveros\u00edmil. Cuesta mucho creer que alguien elija esas horas en esa zona para liberar a los animales de un circo. No es para nada una zona aislada y las calles y avenidas que el recinto del circo ten\u00eda alrededor soportan mucho tr\u00e1fico adem\u00e1s de que en el pabell\u00f3n, que tenemos que recordar estaba valla con valla, por la tarde hay entrenamientos y sale y entra mucha gente.<\/em><\/p>\n<p align=\"justify\"><em>Una lectura de la noticia con un m\u00ednimo de actitud cr\u00edtica llevaba a hacerse preguntas que ten\u00edan respuestas muy poco convincentes: \u00bfc\u00f3mo puede ser que si sorprende a las encapuchadas liberando a los toros \u00e9stos crucen todo el recinto del circo y salgan a la calle por el lado contrario de d\u00f3nde est\u00e1n sus jaulas?, \u00bftodos dorm\u00edan y s\u00f3lo se despierta una persona por los gritos cu\u00e1ndo duermen en caravanas y remolques unos al lado de otros y al ver a cuatro encapuchadas asaltando tu circo y abriendo jaulas no avisa a m\u00e1s personas?<\/em><\/p>\n<p align=\"justify\"><em>Todo empieza a desinflarse y comienzan las contradicciones. Despu\u00e9s de lo que declaran los testigos Nacho Pedrera (es importante se\u00f1alar que este personaje no estaba en Ciudad Real esos d\u00edas y que su circo nunca ha estado instalado en la ciudad y por lo tanto hasta donde sabemos nunca ha visto la zona) asegura que no vieron a las encapuchadas porque huyeron por la zona que da hacia una estaci\u00f3n de servicio que es la contraria a donde estaban las\/los madres y padres. Este intento de encajar su historia con los datos que dan los testigos se vuelve ya bizarro cuando sale la denuncia donde el denunciante y se supone que uno de los due\u00f1os del circo declara que: \u201clas cuatro personas salieron corriendo <strong><a href=\"http:\/\/www.miciudadreal.es\/wp-content\/uploads\/2017\/02\/deuncia-circo.jpg\" target=\"_blank\">en direcci\u00f3n al Quijote Arena<\/a><\/strong> [2]\u201d (copiado literalmente de la denuncia). El Quijote Arena es el pabell\u00f3n del que ya hemos hablado anteriormente.<\/em><\/p>\n<p align=\"justify\"><em>Al publicarse la denuncia tambi\u00e9n nos sorprende que no dice nada de ponis, ni de tigres ni leones cuando Nacho declaraba a la agencia EFE que \u201c[\u2026] un grupo de cuatro personas ha logrado colarse este viernes en el Circo Continental de Ciudad Real y liberar a dos toros y unos ponis\u201d [\u2026] una vez dentro, han soltado a varios animales, entre ellos dos toros, y han intentado sin \u00e9xito liberar de sus jaulas a tigres y leones\u201d.<\/em><\/p>\n<p align=\"justify\"><em>Aqu\u00ed entra en juego otro tema del que queremos hablar.<\/em><\/p>\n<p align=\"justify\"><em><a href=\"https:\/\/vozcomoarma.noblogs.org\/files\/2017\/03\/colectivosanimalista_77885_5190.jpg\"><img loading=\"lazy\" decoding=\"async\" class=\"aligncenter wp-image-15699 size-full\" src=\"https:\/\/vozcomoarma.noblogs.org\/files\/2017\/03\/colectivosanimalista_77885_5190.jpg\" width=\"490\" height=\"327\" srcset=\"https:\/\/vozcomoarma.noblogs.org\/files\/2017\/03\/colectivosanimalista_77885_5190.jpg 490w, https:\/\/vozcomoarma.noblogs.org\/files\/2017\/03\/colectivosanimalista_77885_5190-300x200.jpg 300w\" sizes=\"auto, (max-width: 490px) 100vw, 490px\" \/><\/a><\/em><strong><em>Sin focos no hay funci\u00f3n. El papel de la prensa en toda esta historia.<\/em><\/strong><\/p>\n<p align=\"justify\"><em>A diferencia de lo ocurrido en el caso de la agresi\u00f3n inventada por Nacho Pedrera en Madrid que fue recogida principalmente por medios con una clara tendencia reaccionaria y casposa aqu\u00ed, aunque tambi\u00e9n se ha dado eso, los medios que m\u00e1s lo han movido se autodenominan, y as\u00ed los consideran muchas, \u201cprogresistas\u201d (algo que para nosotras no dice nada) y sensibles a ciertos temas que para otros proyectos de prensa ni existen como puede ser el \u201cmaltrato animal\u201d o la lucha feminista. Aunque no es el objetivo principal de \u00e9ste texto analizar la relaci\u00f3n de la prensa con las luchas en esta ciudad y viceversa no podemos dejar pasar la oportunidad para decir unas cuantas cosas con respecto a \u00e9stos.<\/em><\/p>\n<p align=\"justify\"><em>Cu\u00e1ndo a alguien de un medio de comunicaci\u00f3n lo que le lleva a cubrir una u otra noticia no son los intereses de las que est\u00e1n involucradas (animales humanos y\/o no humanos) en esa lucha o conflicto sino los suyos propios y los de su empresa poco podemos esperar. Esto parece una obviedad pero luego no paramos de sorprendernos cuando sacan fotos que no aportan nada m\u00e1s que morbo de mujeres asesinadas o testimonios y fotos de lo \u201cbien que viven\u201d los animales que son explotados en un circo. Si qui\u00e9n est\u00e1 cubriendo una mani, una concentraci\u00f3n o un conflicto no es una compa\u00f1era, tanto de las que estamos ah\u00ed como de la lucha en s\u00ed, si no se identifica con ella, estaremos vendidas pues la informaci\u00f3n depender\u00e1 de personas a las que les mueve algo muy diferente que lo que nos mueve a nosotras.<\/em><\/p>\n<p align=\"justify\"><em>Esta es una ciudad peque\u00f1a y sabemos de las limitaciones que tenemos, pero o nos dotamos de maneras de mover la informaci\u00f3n de forma aut\u00f3noma o seguiremos sufriendo las consecuencias de delegar en periodistas que apelando a su imparcialidad lo que verdaderamente hacen es huir de posicionarse en un conflicto diciendo que exponen todas las versiones como si aqu\u00ed hubiera alguna versi\u00f3n m\u00e1s del hecho de que se est\u00e9n encerrando o explotando a animales que quieren ser libres y que sufren las consecuencias de no serlo.<\/em><\/p>\n<p align=\"justify\"><em>Aunque nos hayamos ce\u00f1ido un poco a una realidad m\u00e1s local pensamos que de lo hablado hasta ahora es en parte aplicable a otras ciudades del estado.<\/em><\/p>\n<p align=\"justify\"><em>Al margen del ABC que en su secci\u00f3n de Castilla La Mancha hecha desde Sevilla difundi\u00f3 con un copia y pega cl\u00e1sico las declaraciones de Nacho Pedrera a la Agencia EFE tal y como nos tiene acostumbrados cuando del tema que toca hablar est\u00e1 relacionado con luchas contra el uso y explotaci\u00f3n de animales en circos, plazas de toros o parecidos que sepamos ning\u00fan peri\u00f3dico o medio estatal difundi\u00f3 la noticia. Como decimos del ABC no nos extra\u00f1a, ya vimos c\u00f3mo actuaron con la agresi\u00f3n inventada en Madrid pero s\u00ed que nos llam\u00f3 la atenci\u00f3n c\u00f3mo se trataron la noticia algunos medios regionales y locales.<\/em><\/p>\n<p align=\"justify\"><em>Ninguna de nosotras estudi\u00f3 periodismo pero sabemos que cuatro noticias absolutamente contradictorias entre s\u00ed en un mismo medio no es lo m\u00e1s id\u00f3neo y que cuando sale nueva informaci\u00f3n que anula por completo por ser antag\u00f3nica a lo que hab\u00edas publicado antes, lo m\u00e1s l\u00f3gico ser\u00eda corregir.<\/em><\/p>\n<p align=\"justify\"><em>Ning\u00fan medio de comunicaci\u00f3n corrigi\u00f3 la informaci\u00f3n una vez \u00e9sta fue desmentida por varios testigos ni explic\u00f3 por qu\u00e9 copi\u00f3 y pego sin m\u00e1s la versi\u00f3n de una persona como Nacho Pedrera, con claros antecedentes de manipulaci\u00f3n, gerente de un circo que explota a animales y que adem\u00e1s volvi\u00f3 a mentir descaradamente cu\u00e1ndo dijo que se hab\u00eda intentado soltar a m\u00e1s animales cuando en la denuncia s\u00f3lo se habla de los toros. La difusi\u00f3n de una informaci\u00f3n as\u00ed, que puede conllevar problemas legales serios para las que estamos luchando por la libertad de los animales encerrados en el circo adem\u00e1s de ser un claro intento de ataque a la lucha nos asquea pero no sorprende, sabemos el papel que suele jugar la prensa en asuntos como \u00e9stos.<\/em><\/p>\n<p align=\"justify\"><strong><em>Se cierra el tel\u00f3n y aparece\u2026<\/em><\/strong><\/p>\n<p align=\"justify\"><em>Despu\u00e9s de una funci\u00f3n como la que quisieron hacer ese d\u00eda en Ciudad Real es obligado que nos paremos a hablar sobre algo que nos afecta de lleno.<\/em><\/p>\n<p align=\"justify\"><em>Para nosotras lo que sucedi\u00f3 y lo que intentaron tiene unas motivaciones claras: atacar por medio de la represi\u00f3n a una lucha que les est\u00e1 haciendo da\u00f1o, tanto que ven cerca el final y eso les agobia, han estado toda su vida viviendo a costa de otras, explot\u00e1ndolas para su propio beneficio y qui\u00e9n se acostumbra a vivir de las dem\u00e1s le cuesta aceptar que eso va a acabar.<\/em><\/p>\n<p align=\"justify\"><em><a href=\"https:\/\/vozcomoarma.noblogs.org\/files\/2017\/03\/2.jpg\"><img loading=\"lazy\" decoding=\"async\" class=\"aligncenter wp-image-15698 size-full\" src=\"https:\/\/vozcomoarma.noblogs.org\/files\/2017\/03\/2.jpg\" width=\"490\" height=\"368\" srcset=\"https:\/\/vozcomoarma.noblogs.org\/files\/2017\/03\/2.jpg 490w, https:\/\/vozcomoarma.noblogs.org\/files\/2017\/03\/2-300x225.jpg 300w\" sizes=\"auto, (max-width: 490px) 100vw, 490px\" \/><\/a>Lo que fue un intento de unos animales por escapar el tiempo que fuese del encierro los due\u00f1os del Continental y Nacho Pedrera probaron a convertirlo en una acci\u00f3n que pudiese golpear y anular la lucha contra la explotaci\u00f3n animal en los circos que en esta ciudad est\u00e1 realmente activa. Desde que volvieron los circos con animales a Ciudad Real tras unos a\u00f1os en los que no ven\u00edan no han parado las muestras del rechazo que provocan y as\u00ed lo han sentido cada vez que pasan por aqu\u00ed [3]. Estamos jugando la partida final contra este tipo de explotaci\u00f3n animal y as\u00ed se tienen que entender los movimientos que la otra parte est\u00e1n haciendo. Hemos tenido de todo: fotos de pol\u00edticos sonriendo junto a animales del circo presos, represi\u00f3n, difusi\u00f3n de art\u00edculos sensacionalistas y que se\u00f1alan o los intentos de sacar provecho con la presentaci\u00f3n de mociones que s\u00f3lo hablan de que aqu\u00ed no vengan circos con animales salvajes (qu\u00e9 alguien nos explique lo qu\u00e9 quieren decir con \u00e9sto y a qui\u00e9n incluyen y a qui\u00e9n no porque de verdad que no lo entendemos) c\u00f3mo si por pertenecer a una especie u otra ya se hubiera nacido para estar encerrado y ahora invenci\u00f3n de noticias. Repetimos que no nos sorprende, tenemos muy presente que en conflictos como el que se est\u00e1 desarrollando la estrategia de ellos abarcar\u00e1 todos los recursos que tienen a su favor: la polic\u00eda que siempre defender\u00e1 y proteger\u00e1 la legalidad que permite que alguien est\u00e9 encerrado toda su vida y perseguir\u00e1 a las que luchan por acabar con esta situaci\u00f3n sin pararse a pensar si es legal o no sino si es \u00e9tico, la prensa que ayudar\u00e1 en la creaci\u00f3n de perfiles que separen a las que luchamos del resto de gente para que luego cuando llegue el golpe nadie se sienta atacado pues \u201cson unas terroristas\u201d y los pol\u00edticos que intentar\u00e1n sacar tajada o bien vendiendo que son los \u00fanicos que defienden las tradiciones o bien dirigiendo e institucionalizando la lucha seg\u00fan sus propios intereses y que supondr\u00eda aceptar que la delegaci\u00f3n en otros es mejor que la creaci\u00f3n por nosotras mismas de nuestras propias luchas y estrategias.<\/em><\/p>\n<p align=\"justify\"><em>Pero cuando cerr\u00f3 el tel\u00f3n y todo se hizo un poco m\u00e1s oscuro tambi\u00e9n sentimos la solidaridad, entre nosotras y para con los animales encerrados y nos dimos cuenta , con m\u00e1s fuerza que antes, de lo grande que es la motivaci\u00f3n que nos mueve, que no estamos solas y que va a ser incre\u00edble ver c\u00f3mo van cerrando esas prisiones ambulantes a las que ya nos les queda magia, s\u00f3lo poco tiempo.<\/em><\/p>\n<p align=\"justify\"><strong><em>No vamos a parar.<\/em><\/strong><\/p>\n<p align=\"justify\"><em>[1] <strong><a href=\"http:\/\/www.miciudadreal.es\/2017\/02\/24\/ciudad-real-rumiando-por-la-avenida-de-los-reyes-catolicos\/\">http:\/\/www.miciudadreal.es\/2017\/02\/24\/ciudad-real-rumiando-por-la-avenida-de-los-reyes-catolicos\/<\/a><\/strong><\/em><\/p>\n<p align=\"justify\"><em>[2] <strong><a href=\"https:\/\/vozcomoarma.noblogs.org\/files\/2017\/03\/deuncia-circo.jpg\">Aqu\u00ed<\/a><\/strong> se puede ver y leer la denuncia maliciosa, embustera, mentirosa, interpuesta por el Circo por la falsa \u00abliberaci\u00f3n\u00bb de los supuestos \u00abactivistas de negro\u00bb.<br \/>\n<\/em><\/p>\n<p align=\"justify\"><em>[3] \u201dAseguran que, aunque en algunas localidades se han encontrado alg\u00fan gesto de rechazo por emplear animales en el espect\u00e1culo, lo que ha ocurrido en Ciudad Real supera con creces lo habitual\u201d. Declaraciones de responsables del Circo Coliseo durante su estancia en Ciudad Real.<\/em><\/p>\n","protected":false},"excerpt":{"rendered":"<p>Sigue a continuaci\u00f3n un texto recibido en el e-mail y que fue publicado a su vez en el blog Por el Fin de los Circos con Animales, quienes a su vez lo recibieron de sus autores, un grupo de activistas &hellip; <a href=\"https:\/\/vozcomoarma.noblogs.org\/?p=15695\">Sigue leyendo <span class=\"meta-nav\">&rarr;<\/span><\/a><\/p>\n","protected":false},"author":7045,"featured_media":0,"comment_status":"closed","ping_status":"open","sticky":false,"template":"","format":"standard","meta":{"footnotes":""},"categories":[61,9,20],"tags":[39,42,24,19],"class_list":["post-15695","post","type-post","status-publish","format-standard","hentry","category-noticias","category-noticias-y-comunicados","category-textos","tag-anti-especismo","tag-movimientos-sociales","tag-reflexion","tag-represion"],"_links":{"self":[{"href":"https:\/\/vozcomoarma.noblogs.org\/index.php?rest_route=\/wp\/v2\/posts\/15695","targetHints":{"allow":["GET"]}}],"collection":[{"href":"https:\/\/vozcomoarma.noblogs.org\/index.php?rest_route=\/wp\/v2\/posts"}],"about":[{"href":"https:\/\/vozcomoarma.noblogs.org\/index.php?rest_route=\/wp\/v2\/types\/post"}],"author":[{"embeddable":true,"href":"https:\/\/vozcomoarma.noblogs.org\/index.php?rest_route=\/wp\/v2\/users\/7045"}],"replies":[{"embeddable":true,"href":"https:\/\/vozcomoarma.noblogs.org\/index.php?rest_route=%2Fwp%2Fv2%2Fcomments&post=15695"}],"version-history":[{"count":4,"href":"https:\/\/vozcomoarma.noblogs.org\/index.php?rest_route=\/wp\/v2\/posts\/15695\/revisions"}],"predecessor-version":[{"id":15708,"href":"https:\/\/vozcomoarma.noblogs.org\/index.php?rest_route=\/wp\/v2\/posts\/15695\/revisions\/15708"}],"wp:attachment":[{"href":"https:\/\/vozcomoarma.noblogs.org\/index.php?rest_route=%2Fwp%2Fv2%2Fmedia&parent=15695"}],"wp:term":[{"taxonomy":"category","embeddable":true,"href":"https:\/\/vozcomoarma.noblogs.org\/index.php?rest_route=%2Fwp%2Fv2%2Fcategories&post=15695"},{"taxonomy":"post_tag","embeddable":true,"href":"https:\/\/vozcomoarma.noblogs.org\/index.php?rest_route=%2Fwp%2Fv2%2Ftags&post=15695"}],"curies":[{"name":"wp","href":"https:\/\/api.w.org\/{rel}","templated":true}]}}