{"id":15714,"date":"2017-03-27T15:20:31","date_gmt":"2017-03-27T13:20:31","guid":{"rendered":"https:\/\/vozcomoarma.noblogs.org\/?p=15714"},"modified":"2017-03-27T15:37:30","modified_gmt":"2017-03-27T13:37:30","slug":"carteltexto-ni-culpables-ni-inocentes-enemigxs-del-poder-en-solidaridad-con-nataly-casanova-juan-flores-y-enrique-guzman","status":"publish","type":"post","link":"https:\/\/vozcomoarma.noblogs.org\/?p=15714","title":{"rendered":"[Cartel+Texto] \u00abNi culpables ni inocentes&#8230; Enemigxs del poder\u00bb, en solidaridad con Nataly Casanova, Juan Flores y Enrique Guzm\u00e1n"},"content":{"rendered":"<p align=\"justify\">Recibo en el correo y difundo este cartel y texto en solidaridad con Nataly, Juan y Enrique, anarquistas del territorio chileno que tras m\u00e1s de dos a\u00f1os en prisi\u00f3n \u00abpreventiva\u00bb, se encuentran enfrentando estos d\u00edas su juicio donde se les acusa de diversos ataques explosivos.<\/p>\n<p align=\"justify\">&#8212;&#8212;&#8212;&#8212;&#8212;&#8212;&#8212;&#8212;&#8212;&#8212;&#8212;&#8212;&#8212;&#8212;&#8212;&#8212;<\/p>\n<p align=\"justify\"><strong><em>NI CULPABLES NI INOCENTES <\/em><\/strong><br \/>\n<strong> <em>ENEMIGXS DEL PODER <\/em><\/strong><\/p>\n<p align=\"justify\"><em>El 18 de septiembre de 2014 son detenidxs Nataly Casanova y Juan Flores en un medi\u00e1tico allanamiento policial, acusadxs bajo Ley Antiterrorista de colocaci\u00f3n de artefactos explosivos en diversos puntos de Santiago. <\/em><\/p>\n<p align=\"justify\"><em>A los pocos meses es detenido Enrique Guzm\u00e1n quien lxs visitaba en prisi\u00f3n, acusado bajo los mismos cargos. Presentadxs desde el primer momento como el enemigo interno a destruir, permanecen en prisi\u00f3n preventiva desde entonces. <\/em><\/p>\n<p align=\"justify\"><em>El 24 de marzo se inicia el juicio contra lxs compa\u00f1erxs donde se defender\u00e1 el monopolio de la violencia por parte del Estado, atacando las ideas an\u00e1rquicas y castigando la solidaridad, con la amenaza de largas condenas y presidio perpetuo. <\/em><\/p>\n<p align=\"justify\"><em>Los juicios son instancias de auto afirmaci\u00f3n y de gran relevancia para el Poder, para el teatro de la democracia, en donde despliegan sus \u00f3rganos de propaganda, buscando quebrar a lxs compa\u00f1erxs y dar un castigo ejemplificador que amedrente a quien quiera rebelarse ante el Dominio. En nuestras manos est\u00e1 hacer de estas instancias un terreno m\u00e1s de combate y defensa de lxs compa\u00f1erxs acusadxs. <\/em><\/p>\n<p align=\"justify\"><em>Si castigan la solidaridad responderemos con m\u00e1s fuerza. Acci\u00f3n sin barreras contra el Estado y la Autoridad. <\/em><\/p>\n<p align=\"justify\"><strong><em>POR UN MUNDO SIN PRISIONES <\/em><\/strong><br \/>\n<strong> <em>NATALY, JUAN Y ENRIQUE A LA KALLE<\/em><\/strong><\/p>\n<p align=\"justify\"><a href=\"https:\/\/vozcomoarma.noblogs.org\/files\/2017\/03\/aficheporeljuicio.jpg\"><img loading=\"lazy\" decoding=\"async\" class=\"aligncenter wp-image-15719 size-large\" src=\"https:\/\/vozcomoarma.noblogs.org\/files\/2017\/03\/aficheporeljuicio-702x1024.jpg\" width=\"640\" height=\"934\" srcset=\"https:\/\/vozcomoarma.noblogs.org\/files\/2017\/03\/aficheporeljuicio-702x1024.jpg 702w, https:\/\/vozcomoarma.noblogs.org\/files\/2017\/03\/aficheporeljuicio-206x300.jpg 206w, https:\/\/vozcomoarma.noblogs.org\/files\/2017\/03\/aficheporeljuicio-768x1121.jpg 768w\" sizes=\"auto, (max-width: 640px) 100vw, 640px\" \/><\/a><\/p>\n","protected":false},"excerpt":{"rendered":"<p>Recibo en el correo y difundo este cartel y texto en solidaridad con Nataly, Juan y Enrique, anarquistas del territorio chileno que tras m\u00e1s de dos a\u00f1os en prisi\u00f3n \u00abpreventiva\u00bb, se encuentran enfrentando estos d\u00edas su juicio donde se les &hellip; <a href=\"https:\/\/vozcomoarma.noblogs.org\/?p=15714\">Sigue leyendo <span class=\"meta-nav\">&rarr;<\/span><\/a><\/p>\n","protected":false},"author":7045,"featured_media":0,"comment_status":"closed","ping_status":"open","sticky":false,"template":"","format":"standard","meta":{"footnotes":""},"categories":[58,211,206,215,61,9,27,7,4,20],"tags":[78,16,26,19,11],"class_list":["post-15714","post","type-post","status-publish","format-standard","hentry","category-acciones","category-enrique-guzman-amadeus","category-juan-flores-riquelme","category-nataly-casanova","category-noticias","category-noticias-y-comunicados","category-panfletos","category-presxs","category-publicaciones","category-textos","tag-chile","tag-guerra-social","tag-insurreccionalismo","tag-represion","tag-solidaridad"],"_links":{"self":[{"href":"https:\/\/vozcomoarma.noblogs.org\/index.php?rest_route=\/wp\/v2\/posts\/15714","targetHints":{"allow":["GET"]}}],"collection":[{"href":"https:\/\/vozcomoarma.noblogs.org\/index.php?rest_route=\/wp\/v2\/posts"}],"about":[{"href":"https:\/\/vozcomoarma.noblogs.org\/index.php?rest_route=\/wp\/v2\/types\/post"}],"author":[{"embeddable":true,"href":"https:\/\/vozcomoarma.noblogs.org\/index.php?rest_route=\/wp\/v2\/users\/7045"}],"replies":[{"embeddable":true,"href":"https:\/\/vozcomoarma.noblogs.org\/index.php?rest_route=%2Fwp%2Fv2%2Fcomments&post=15714"}],"version-history":[{"count":3,"href":"https:\/\/vozcomoarma.noblogs.org\/index.php?rest_route=\/wp\/v2\/posts\/15714\/revisions"}],"predecessor-version":[{"id":15722,"href":"https:\/\/vozcomoarma.noblogs.org\/index.php?rest_route=\/wp\/v2\/posts\/15714\/revisions\/15722"}],"wp:attachment":[{"href":"https:\/\/vozcomoarma.noblogs.org\/index.php?rest_route=%2Fwp%2Fv2%2Fmedia&parent=15714"}],"wp:term":[{"taxonomy":"category","embeddable":true,"href":"https:\/\/vozcomoarma.noblogs.org\/index.php?rest_route=%2Fwp%2Fv2%2Fcategories&post=15714"},{"taxonomy":"post_tag","embeddable":true,"href":"https:\/\/vozcomoarma.noblogs.org\/index.php?rest_route=%2Fwp%2Fv2%2Ftags&post=15714"}],"curies":[{"name":"wp","href":"https:\/\/api.w.org\/{rel}","templated":true}]}}