{"id":16053,"date":"2017-04-10T14:05:04","date_gmt":"2017-04-10T12:05:04","guid":{"rendered":"https:\/\/vozcomoarma.noblogs.org\/?p=16053"},"modified":"2017-04-10T14:05:04","modified_gmt":"2017-04-10T12:05:04","slug":"grecia-los-maderos-desalojan-la-okupa-de-acogida-albatros-tesalonica-y-maltratan-y-torturan-a-les-detenides","status":"publish","type":"post","link":"https:\/\/vozcomoarma.noblogs.org\/?p=16053","title":{"rendered":"Grecia &#8211; Los maderos desalojan la okupa de acogida Albatros (Tesal\u00f3nica) y maltratan y torturan a les detenides"},"content":{"rendered":"<p align=\"justify\"><a href=\"https:\/\/vozcomoarma.noblogs.org\/files\/2017\/04\/11220811_10204458594521668_8421851020101879709_n.jpg\"><img loading=\"lazy\" decoding=\"async\" class=\"wp-image-16055 size-medium alignright\" src=\"https:\/\/vozcomoarma.noblogs.org\/files\/2017\/04\/11220811_10204458594521668_8421851020101879709_n-300x204.jpg\" width=\"300\" height=\"204\" srcset=\"https:\/\/vozcomoarma.noblogs.org\/files\/2017\/04\/11220811_10204458594521668_8421851020101879709_n-300x204.jpg 300w, https:\/\/vozcomoarma.noblogs.org\/files\/2017\/04\/11220811_10204458594521668_8421851020101879709_n.jpg 514w\" sizes=\"auto, (max-width: 300px) 100vw, 300px\" \/><\/a>Recojo y traduzco desde el blog de les compas de <strong><a href=\"https:\/\/enoughisenough14.org\/2017\/04\/08\/thessaloniki-greece-about-the-eviction-of-the-albatross-squat\/\">Enough is Enough!<\/a><\/strong> este comunicado (que elles recogieron desde la versi\u00f3n en ingl\u00e9s, publicada originalmente en<strong><a href=\"https:\/\/linksunten.indymedia.org\/de\/node\/208863\"> Linksunten Indymedia<\/a><\/strong>) y que informa sobre el reciente desalojo de Albatros, una vivienda okupada en el \u00e1rea de Ano Poli, en Tesal\u00f3nica, Grecia, que serv\u00eda como espacio de auto-organizaci\u00f3n y vivienda para varias personas tanto migrantes (sin importar si eran refugiades o no, salvando la principal divisi\u00f3n que establecen el r\u00e9gimen fronterizo europeo y sus discursos racistas) como griegas o europeas que colaboraban, luchaban y trabajaban juntes.<\/p>\n<p align=\"justify\">Durante el desalojo, las 13 personas que hab\u00eda dentro de la casa fueron amenazadas con armas de fuego por los maderos, maltratadas y golpeadas. Para algunas personas los malos tratos continuaron en comisar\u00eda, y al menos dos de esas personas tuvieron que ser trasladadas al hospital (una de ellas por una brecha en la cabeza provocada por los golpes de los maderos y la otra porque los polic\u00edas ignoraron deliberadamente la documentaci\u00f3n m\u00e9dica que esa persona present\u00f3 y se negaron a darle la medicaci\u00f3n que ten\u00eda prescrita). Todas esas personas afrontan cargos por okupaci\u00f3n y da\u00f1os a una propiedad privada, y algunes adem\u00e1s afrontan cargos por resistencia a la autoridad. Todes salieron en libertad excepto una persona, que ingres\u00f3 a un centro de detenci\u00f3n debido a su estatus de \u00abindocumentada\u00bb (no tiene papeles).<\/p>\n<p align=\"justify\">&#8212;&#8212;&#8212;&#8212;&#8212;&#8212;&#8212;&#8212;&#8212;&#8212;&#8212;<\/p>\n<p align=\"justify\"><em>En la ma\u00f1ana del mi\u00e9rcoles 5 de abril, la polic\u00eda, conducida por una unidad de la OPKE, desaloj\u00f3 una casa en Ano Poli, Tesal\u00f3nica. Bajo amenazas con armas de fuego, 13 personas fueron arrestadas y llevadas a la comisar\u00eda policial en Monastiriou.<\/em><\/p>\n<p align=\"justify\"><em><span style=\"color: #000000\">Los maderos se negaron a dejar a les arrestades usar su derecho a contactar con un abogado y a obtener traductores durante 5 horas. 9 personas que llegaron en solidaridad fueron tambi\u00e9n llevadas al \u201cMegaron\u201d y custodiadas durante 3 horas para un control de identidad. Una de ellas afronta ahora el cargo de resistencia despu\u00e9s de que los maderos la golpeasen.<\/span><\/em><\/p>\n<p align=\"justify\"><em><span style=\"color: #000000\">Durante el d\u00eda, 2 personas tuvieron que ser trasladadas al hospital: uno con una grave brecha en la cabeza despu\u00e9s del tratamiento que recibi\u00f3 en la comisar\u00eda de polic\u00eda (la violencia f\u00edsica y psicol\u00f3gica de los maderos le siguieron incluso en el interior de los muros del hospital); el otro, a causa de su salud, ya que los maderos se negaron durante horas a tener en consideraci\u00f3n su cita firmada con un m\u00e9dico para ese mismo d\u00eda, y durante horas se negaron a darle la medicaci\u00f3n prescrita a \u00e9l y a otro.<\/span><\/em><\/p>\n<p align=\"justify\"><em><span style=\"color: #000000\">Despu\u00e9s de 32 horas, s\u00f3lo 12 personas fueron liberadas antes del juicio, una qued\u00f3 encarcelada por no tener papeles. S\u00f3lo por esto podr\u00eda permanecer en prisi\u00f3n hasta seis meses, y tambi\u00e9n est\u00e1 acusado, junto a les otres, de okupar y da\u00f1ar una propiedad privada. El proceso de asilo en Grecia sigue siendo tan insuficiente que miles de personas no consiguen obtener un \u201cestatus legal\u201d y por lo tanto no tienen posibilidades de lograr acceso a alojamiento o a otras formas de apoyo. Vivir en una okupa es con frecuencia la \u00fanica opci\u00f3n que tienen.<\/span><\/em><\/p>\n<p align=\"justify\"><em><span style=\"color: #000000\">Con el tiempo, Albatros fue un hogar para un mont\u00f3n de gente. Sus \u201cnacionalidades\u201d no importaban. Viv\u00edamos juntes, luch\u00e1bamos juntes contra la violenta opresi\u00f3n de una sociedad que nos quiere desiguales y dividides. Combatimos el racismo construyendo asociaciones libres basadas en la afinidad y los intereses comunes, en lugar de las est\u00fapidas categor\u00edas que son las \u201cnaciones\u201d, las \u201crazas\u201d y las \u201cculturas\u201d.<\/span><\/em><\/p>\n<p align=\"justify\"><em><span style=\"color: #000000\">Combatimos la opresi\u00f3n de un Estado policial y de su sistema de fronteras y papeles; rechazamos su autoridad como cualquier otra forma de poder. Albatros no fue una okupa para migrantes abierta por europeas occidentales, la casa fue abierta por gente con y sin un estatus \u201clegal\u201d en Grecia. Creando un hogar y una comunidad donde hab\u00eda espacio para todes les que quisieran ser parte de \u00e9l, queremos mostrar una alternativa para esta jaula que ha sido creada y que tiene que ser mantenida con armas y muros. No necesitamos y no queremos que las autoridades nos gobiernen, nos organizamos nosotres mismes, porque sabemos y podemos ver todos los d\u00edas que les humanes son muy capaces de vivir sin jerarqu\u00eda.<\/span><\/em><\/p>\n<p align=\"justify\"><em><span style=\"color: #000000\">Vivimos y creamos juntes con personas que han sido despojadas de sus derechos y a las que se les niega una parte de esta sociedad, porque creemos que el \u00fanico modo de contraatacar un sistema de fronteras cerradas y militarizaci\u00f3n siempre creciente de la sociedad es si estamos reclamando lo que nos fue arrebatado: nuestras voces, nuestra dignidad y nuestra humanidad.<\/span><\/em><\/p>\n<p align=\"justify\"><em><span style=\"color: #000000\">Combatimos el sistema de propiedad que nos divide entre ricas y pobres usando las casas que se dejan vac\u00edas cuando tanta gente vive en la calle. La propiedad no es seguridad, es violencia.<\/span><\/em><\/p>\n<p align=\"justify\"><em><span style=\"color: #000000\">Esta casa fue habilitada para ser habitada de nuevo sin dinero, usando material encontrado en las calles y en la basura. Hicimos esto porque quer\u00edamos mostrar que en esta sociedad la gente no tiene que ser pobre (como nos dicen nuestros gobiernos), sino que por el contrario este sistema est\u00e1 creando toneladas de \u201cbasura\u201d por un lado, mientras por el otro lado a la gente se les deja morir de hambre. Sin dinero, sin jerarqu\u00edas o un \u201cestatus legal\u201d, una casa abandonada hasta quedarse en ru\u00ednas fue convertida en un hogar para personas libres deseando auto-organizarse.<\/span><\/em><\/p>\n<p align=\"justify\"><em><span style=\"color: #000000\">Albatros fue una respuesta a los desalojos con motivaci\u00f3n pol\u00edtica de tres okupas en el verano de 2016 en Tesal\u00f3nica que dejaron a muches sin un techo. El desalojo de Albatros es tambi\u00e9n una decisi\u00f3n pol\u00edtica, considerando el contexto de represi\u00f3n contra la okupaci\u00f3n (y especialmente a las \u201cokupas de migrantes\u201d) y el hecho de que ocurriese al d\u00eda siguiente de una protesta contra esta misma cuesti\u00f3n, cuando la acusaci\u00f3n de les \u201cpropietaries\u201d aparentemente data del pasado mes de diciembre.<\/span><\/em><\/p>\n<p align=\"justify\"><em><span style=\"color: #000000\">La represi\u00f3n no detendr\u00e1 nuestra lucha. Pod\u00e9is tomar nuestra casa y pod\u00e9is intentar privarnos de nuestra libertad pero no nos silenciar\u00e9is de pronunciarnos y luchar contra el fascismo, el racismo y toda clase de violencia e injusticia.<\/span><\/em><\/p>\n<p align=\"justify\"><em><span style=\"color: #000000\">Llamamos a todes les interesades a mostrar su apoyo este martes 11 de abril a las 12:00 en el tribunal de Tesal\u00f3nica.<\/span><\/em><\/p>\n<p align=\"justify\"><strong><em><span style=\"color: #000000\">\u00a1Ni gente sin casa ni casas sin gente!<br \/>\n\u00a1Ninguna casa en manos de les capitalistas!<\/span><\/em><\/strong><\/p>\n<p align=\"justify\"><a href=\"https:\/\/vozcomoarma.noblogs.org\/files\/2017\/04\/albatross.jpg\"><img loading=\"lazy\" decoding=\"async\" class=\"aligncenter wp-image-16054 size-full\" src=\"https:\/\/vozcomoarma.noblogs.org\/files\/2017\/04\/albatross.jpg\" width=\"485\" height=\"320\" srcset=\"https:\/\/vozcomoarma.noblogs.org\/files\/2017\/04\/albatross.jpg 485w, https:\/\/vozcomoarma.noblogs.org\/files\/2017\/04\/albatross-300x198.jpg 300w\" sizes=\"auto, (max-width: 485px) 100vw, 485px\" \/><\/a><\/p>\n","protected":false},"excerpt":{"rendered":"<p>Recojo y traduzco desde el blog de les compas de Enough is Enough! este comunicado (que elles recogieron desde la versi\u00f3n en ingl\u00e9s, publicada originalmente en Linksunten Indymedia) y que informa sobre el reciente desalojo de Albatros, una vivienda okupada &hellip; <a href=\"https:\/\/vozcomoarma.noblogs.org\/?p=16053\">Sigue leyendo <span class=\"meta-nav\">&rarr;<\/span><\/a><\/p>\n","protected":false},"author":7045,"featured_media":0,"comment_status":"closed","ping_status":"open","sticky":false,"template":"","format":"standard","meta":{"footnotes":""},"categories":[61,9],"tags":[14,62,15,16,76,42,34,24,19,11],"class_list":["post-16053","post","type-post","status-publish","format-standard","hentry","category-noticias","category-noticias-y-comunicados","tag-anti-fascismo","tag-desalojo","tag-grecia","tag-guerra-social","tag-migrantes","tag-movimientos-sociales","tag-racismo","tag-reflexion","tag-represion","tag-solidaridad"],"_links":{"self":[{"href":"https:\/\/vozcomoarma.noblogs.org\/index.php?rest_route=\/wp\/v2\/posts\/16053","targetHints":{"allow":["GET"]}}],"collection":[{"href":"https:\/\/vozcomoarma.noblogs.org\/index.php?rest_route=\/wp\/v2\/posts"}],"about":[{"href":"https:\/\/vozcomoarma.noblogs.org\/index.php?rest_route=\/wp\/v2\/types\/post"}],"author":[{"embeddable":true,"href":"https:\/\/vozcomoarma.noblogs.org\/index.php?rest_route=\/wp\/v2\/users\/7045"}],"replies":[{"embeddable":true,"href":"https:\/\/vozcomoarma.noblogs.org\/index.php?rest_route=%2Fwp%2Fv2%2Fcomments&post=16053"}],"version-history":[{"count":1,"href":"https:\/\/vozcomoarma.noblogs.org\/index.php?rest_route=\/wp\/v2\/posts\/16053\/revisions"}],"predecessor-version":[{"id":16056,"href":"https:\/\/vozcomoarma.noblogs.org\/index.php?rest_route=\/wp\/v2\/posts\/16053\/revisions\/16056"}],"wp:attachment":[{"href":"https:\/\/vozcomoarma.noblogs.org\/index.php?rest_route=%2Fwp%2Fv2%2Fmedia&parent=16053"}],"wp:term":[{"taxonomy":"category","embeddable":true,"href":"https:\/\/vozcomoarma.noblogs.org\/index.php?rest_route=%2Fwp%2Fv2%2Fcategories&post=16053"},{"taxonomy":"post_tag","embeddable":true,"href":"https:\/\/vozcomoarma.noblogs.org\/index.php?rest_route=%2Fwp%2Fv2%2Ftags&post=16053"}],"curies":[{"name":"wp","href":"https:\/\/api.w.org\/{rel}","templated":true}]}}