{"id":16069,"date":"2017-04-11T13:15:12","date_gmt":"2017-04-11T11:15:12","guid":{"rendered":"https:\/\/vozcomoarma.noblogs.org\/?p=16069"},"modified":"2017-04-11T13:15:47","modified_gmt":"2017-04-11T11:15:47","slug":"presentacion-de-la-campana-antirrepresiva-colze-a-colze-codo-a-codo","status":"publish","type":"post","link":"https:\/\/vozcomoarma.noblogs.org\/?p=16069","title":{"rendered":"Presentaci\u00f3n de la campa\u00f1a antirrepresiva Colze a Colze (Codo a Codo)"},"content":{"rendered":"<p align=\"justify\">Recojo de <strong><a href=\"http:\/\/contramadriz.espivblogs.net\/2017\/04\/11\/presentacion-campana-anti-represiva-colze-a-colze-codo-a-codo\/\">ContraMadriz<\/a><\/strong> la presentaci\u00f3n de esta campa\u00f1a antirrepresiva llamada<strong> \u00abColze a Colze\u00bb<\/strong> (en catal\u00e1n, \u00abCodo a Codo\u00bb) y de la que ten\u00e9is m\u00e1s informaci\u00f3n en su blog, <strong><a href=\"https:\/\/colzeacolzeblog.wordpress.com\/2017\/04\/10\/presentacion\/\">aqu\u00ed<\/a><\/strong>.<\/p>\n<p align=\"justify\">&#8212;&#8212;&#8212;&#8212;&#8212;&#8212;&#8212;&#8212;&#8212;&#8212;&#8212;&#8212;&#8212;&#8212;&#8212;&#8212;&#8212;&#8212;<\/p>\n<p align=\"justify\"><img loading=\"lazy\" decoding=\"async\" class=\"aligncenter\" src=\"http:\/\/contramadriz.espivblogs.net\/files\/2017\/04\/colzeacolze.jpg\" alt=\"http:\/\/contramadriz.espivblogs.net\/files\/2017\/04\/colzeacolze.jpg\" width=\"482\" height=\"159\" \/><\/p>\n<p align=\"justify\"><em>Codo a codo, afrontando juntas la represi\u00f3n que pretende disuadirnos, inmovilizarnos, desanimarnos. Juntas, no aisladas, apoy\u00e1ndonos. Con la fuerza que nos procura entender las diferencias y aprender a encontrarnos en las complicidades.<\/em><\/p>\n<p align=\"justify\"><em>Codo a codo, as\u00ed es como hemos denominado esta campa\u00f1a, este grito de resistencia, este nuevo desaf\u00edo al poder. Un intento m\u00e1s de romper con el silencio, de visibilizar el conflicto social cada vez m\u00e1s patente a consecuencia de la agudizaci\u00f3n de la crisis estructural del sistema capitalista.<\/em><\/p>\n<p align=\"justify\"><em>Remontamos a los antecedentes inmediatos. Una batida a base de operaciones antiterroristas desde el 2013 recorre la pen\u00ednsula. Registros, puertas reventadas, incursiones a altas horas en domicilios de compa\u00f1eras, centros sociales y ateneos, detenciones y encarcelamientos con las debidas consecuencias. Todo esto decorado con una alerta medi\u00e1tica te\u00f1ida de esc\u00e1ndalo, palabras como \u00abterrorismo anarquista\u00bb resuenan como un mantra rid\u00edculo pero incisivo.<\/em><\/p>\n<p align=\"justify\"><em>Operaci\u00f3n Columna, Operaci\u00f3n Pandora, Operaci\u00f3n Pi\u00f1ata, Operaci\u00f3n Pandora II, detenciones del 13 de abril (2 compa\u00f1eras encarceladas en Alemania a d\u00eda de hoy). Decenas de personas acusadas de pertenencia a organizaci\u00f3n criminal con fines terroristas, medidas cautelares, asfixia econ\u00f3mica, entornos pol\u00edticos golpeados y se\u00f1alados.<\/em><\/p>\n<p align=\"justify\"><em>Entendemos que nos encontramos en un nuevo escenario represivo en el que las operaciones mencionadas evidencian esta deriva del concepto de \u00abterrorismo\u00bb y las intenciones pol\u00edticas que esconde. Intenciones que moldean su significado para dibujar un qu\u00f3rum de opini\u00f3n favorable a la persecuci\u00f3n de la disidencia, de todas aquellas que levanten la voz y se atrevan a cuestionar con sus pr\u00e1cticas una paz social impuesta en defensa de los privilegios de ciertos sectores de la poblaci\u00f3n. Ampliando el radio de actuaci\u00f3n del dispositivo antiterrorista hasta l\u00edmites muy difusos e inimaginables hasta el momento.<\/em><\/p>\n<p align=\"justify\"><em>El dedo acusador, en estas actuaciones judiciales y policiales, en concreto, ha reca\u00eddo en carne de anarquistas y antiautoritarias pero la amenaza va mucho m\u00e1s all\u00e1 de estos \u00e1mbitos pol\u00edticos. La advertencia permanece latente y a la espera de materializarse sobre aquellas que osen rebelarse. As\u00ed lo demuestra tambi\u00e9n la detenci\u00f3n de los dos compa\u00f1eros titiriteros y el posterior esc\u00e1ndalo suscitado, las decenas de personas acusadas de enaltecimiento del terrorismo por comentarios en las redes sociales o los raperos llevados ante la Audiencia Nacional. Todo ello inmerso en un contexto de endurecimiento del C\u00f3digo Penal, \u00abley mordaza\u00bb y dem\u00e1s pol\u00edticas represivas encaminadas al control social, al castigo y aislamiento de aquellas que, ya sea por condiciones estructurales o por decisi\u00f3n pol\u00edtica, el Estado considere irrecuperables o molestas para el correcto funcionamiento del sistema imperante.<\/em><\/p>\n<p align=\"justify\"><em>Esta campa\u00f1a tiene como objetivo hacer frente a la represi\u00f3n pol\u00edtica, agrietar y hacer tambalear el muro infranqueable con el que nos quieren hacer creer que lidiamos. Pero a la vez pretende ser continuaci\u00f3n de las estimables muestras de solidaridad desencadenadas estos \u00faltimos a\u00f1os. Porque tal como nos recuerda el mito de la caja de Pandora, en el fondo, siempre queda la esperanza. As\u00ed nos lo han demostrado las luchadoras que nos preceden y as\u00ed pretendemos demostrarlo tambi\u00e9n nosotros.<\/em><\/p>\n<p><strong><em>No reculamos.<\/em><\/strong><\/p>\n<p align=\"justify\"><strong><em>Tenemos mucho que perder porque tenemos mucho por lo que luchar.<\/em><\/strong><\/p>\n<p align=\"justify\"><strong><em>Codo a codo, \u00a1afrontemos la represi\u00f3n!<\/em><\/strong><\/p>\n","protected":false},"excerpt":{"rendered":"<p>Recojo de ContraMadriz la presentaci\u00f3n de esta campa\u00f1a antirrepresiva llamada \u00abColze a Colze\u00bb (en catal\u00e1n, \u00abCodo a Codo\u00bb) y de la que ten\u00e9is m\u00e1s informaci\u00f3n en su blog, aqu\u00ed. &#8212;&#8212;&#8212;&#8212;&#8212;&#8212;&#8212;&#8212;&#8212;&#8212;&#8212;&#8212;&#8212;&#8212;&#8212;&#8212;&#8212;&#8212; Codo a codo, afrontando juntas la represi\u00f3n que pretende disuadirnos, &hellip; <a href=\"https:\/\/vozcomoarma.noblogs.org\/?p=16069\">Sigue leyendo <span class=\"meta-nav\">&rarr;<\/span><\/a><\/p>\n","protected":false},"author":7045,"featured_media":0,"comment_status":"closed","ping_status":"open","sticky":false,"template":"","format":"standard","meta":{"footnotes":""},"categories":[61,9],"tags":[107,48,16,42,24,19,11],"class_list":["post-16069","post","type-post","status-publish","format-standard","hentry","category-noticias","category-noticias-y-comunicados","tag-barcelona","tag-cataluna","tag-guerra-social","tag-movimientos-sociales","tag-reflexion","tag-represion","tag-solidaridad"],"_links":{"self":[{"href":"https:\/\/vozcomoarma.noblogs.org\/index.php?rest_route=\/wp\/v2\/posts\/16069","targetHints":{"allow":["GET"]}}],"collection":[{"href":"https:\/\/vozcomoarma.noblogs.org\/index.php?rest_route=\/wp\/v2\/posts"}],"about":[{"href":"https:\/\/vozcomoarma.noblogs.org\/index.php?rest_route=\/wp\/v2\/types\/post"}],"author":[{"embeddable":true,"href":"https:\/\/vozcomoarma.noblogs.org\/index.php?rest_route=\/wp\/v2\/users\/7045"}],"replies":[{"embeddable":true,"href":"https:\/\/vozcomoarma.noblogs.org\/index.php?rest_route=%2Fwp%2Fv2%2Fcomments&post=16069"}],"version-history":[{"count":2,"href":"https:\/\/vozcomoarma.noblogs.org\/index.php?rest_route=\/wp\/v2\/posts\/16069\/revisions"}],"predecessor-version":[{"id":16071,"href":"https:\/\/vozcomoarma.noblogs.org\/index.php?rest_route=\/wp\/v2\/posts\/16069\/revisions\/16071"}],"wp:attachment":[{"href":"https:\/\/vozcomoarma.noblogs.org\/index.php?rest_route=%2Fwp%2Fv2%2Fmedia&parent=16069"}],"wp:term":[{"taxonomy":"category","embeddable":true,"href":"https:\/\/vozcomoarma.noblogs.org\/index.php?rest_route=%2Fwp%2Fv2%2Fcategories&post=16069"},{"taxonomy":"post_tag","embeddable":true,"href":"https:\/\/vozcomoarma.noblogs.org\/index.php?rest_route=%2Fwp%2Fv2%2Ftags&post=16069"}],"curies":[{"name":"wp","href":"https:\/\/api.w.org\/{rel}","templated":true}]}}