{"id":16085,"date":"2017-04-12T10:50:19","date_gmt":"2017-04-12T08:50:19","guid":{"rendered":"https:\/\/vozcomoarma.noblogs.org\/?p=16085"},"modified":"2017-04-12T10:50:19","modified_gmt":"2017-04-12T08:50:19","slug":"grecia-reivindicacion-por-el-ataque-al-aparcamiento-de-la-ote-tesalonica","status":"publish","type":"post","link":"https:\/\/vozcomoarma.noblogs.org\/?p=16085","title":{"rendered":"Grecia &#8211; Reivindicaci\u00f3n por el ataque al aparcamiento de la OTE (Tesal\u00f3nica)"},"content":{"rendered":"<p align=\"justify\">Recojo de <strong><a href=\"http:\/\/actforfree.nostate.net\/?p=26895\">Act For Freedom Now!<\/a><\/strong> la siguiente reivindicaci\u00f3n de responsabilidad por el ataque con latas de gas contra el aparcamiento de la OTE en Tesal\u00f3nica, como gesto a la memoria del compa\u00f1ero Lambros Foundas, miembro de la guerrilla urbana anarquista Lucha Revolucionaria que fue asesinado por la polic\u00eda hace 7 a\u00f1os, y en apoyo a los compa\u00f1eros juzgados en el caso de la doble expropiaci\u00f3n de Velvendos, Kozani.<\/p>\n<p align=\"justify\">&#8212;&#8212;&#8212;&#8212;&#8212;&#8212;&#8212;&#8212;&#8212;&#8212;&#8212;&#8211;<\/p>\n<p align=\"justify\"><strong><em>Martes 7\/3<\/em><\/strong><\/p>\n<p align=\"justify\"><em>Los d\u00edas en los que nuestres compa\u00f1eres cayeron en las manos del enemigo, torturades, aislades&#8230;<\/em><br \/>\n<em> Los d\u00edas en los que les revolucionaries sangraron y dieron sus vidas por la libertad est\u00e1n profundamente grabados en nuestra memoria.<\/em><br \/>\n<em> Nuestros d\u00edas grabar\u00e1n profundas heridas en el cuerpo del poder.<\/em><br \/>\n<em> Las latas de gas en el aparcamiento de la OTE, en la madrugada del martes, en la calle K. Karamanlis en Tesal\u00f3nica, est\u00e1n dedicadas como:<\/em><\/p>\n<ul>\n<li>\n<p align=\"justify\"><em>Un m\u00ednimo tributo al revolucionario miembro de Lucha Revolucionaria Lambros Foundas.<\/em><\/p>\n<\/li>\n<li>\n<p align=\"justify\"><em>Un m\u00ednimo acto de solidaridad a los anarquistas juzgados por el caso de la expropiaci\u00f3n en Velvend\u00f3s.<\/em><\/p>\n<\/li>\n<\/ul>\n<p align=\"justify\"><strong><em>Formaci\u00f3n Anarquista de Contraataque<\/em><\/strong><\/p>\n","protected":false},"excerpt":{"rendered":"<p>Recojo de Act For Freedom Now! la siguiente reivindicaci\u00f3n de responsabilidad por el ataque con latas de gas contra el aparcamiento de la OTE en Tesal\u00f3nica, como gesto a la memoria del compa\u00f1ero Lambros Foundas, miembro de la guerrilla urbana &hellip; <a href=\"https:\/\/vozcomoarma.noblogs.org\/?p=16085\">Sigue leyendo <span class=\"meta-nav\">&rarr;<\/span><\/a><\/p>\n","protected":false},"author":7045,"featured_media":0,"comment_status":"closed","ping_status":"open","sticky":false,"template":"","format":"standard","meta":{"footnotes":""},"categories":[58,122,61,9,7],"tags":[35,15,16,26,10,11],"class_list":["post-16085","post","type-post","status-publish","format-standard","hentry","category-acciones","category-caso-de-velventos-kozani-grecia","category-noticias","category-noticias-y-comunicados","category-presxs","tag-asesinato-de-estado","tag-grecia","tag-guerra-social","tag-insurreccionalismo","tag-sabotaje","tag-solidaridad"],"_links":{"self":[{"href":"https:\/\/vozcomoarma.noblogs.org\/index.php?rest_route=\/wp\/v2\/posts\/16085","targetHints":{"allow":["GET"]}}],"collection":[{"href":"https:\/\/vozcomoarma.noblogs.org\/index.php?rest_route=\/wp\/v2\/posts"}],"about":[{"href":"https:\/\/vozcomoarma.noblogs.org\/index.php?rest_route=\/wp\/v2\/types\/post"}],"author":[{"embeddable":true,"href":"https:\/\/vozcomoarma.noblogs.org\/index.php?rest_route=\/wp\/v2\/users\/7045"}],"replies":[{"embeddable":true,"href":"https:\/\/vozcomoarma.noblogs.org\/index.php?rest_route=%2Fwp%2Fv2%2Fcomments&post=16085"}],"version-history":[{"count":1,"href":"https:\/\/vozcomoarma.noblogs.org\/index.php?rest_route=\/wp\/v2\/posts\/16085\/revisions"}],"predecessor-version":[{"id":16086,"href":"https:\/\/vozcomoarma.noblogs.org\/index.php?rest_route=\/wp\/v2\/posts\/16085\/revisions\/16086"}],"wp:attachment":[{"href":"https:\/\/vozcomoarma.noblogs.org\/index.php?rest_route=%2Fwp%2Fv2%2Fmedia&parent=16085"}],"wp:term":[{"taxonomy":"category","embeddable":true,"href":"https:\/\/vozcomoarma.noblogs.org\/index.php?rest_route=%2Fwp%2Fv2%2Fcategories&post=16085"},{"taxonomy":"post_tag","embeddable":true,"href":"https:\/\/vozcomoarma.noblogs.org\/index.php?rest_route=%2Fwp%2Fv2%2Ftags&post=16085"}],"curies":[{"name":"wp","href":"https:\/\/api.w.org\/{rel}","templated":true}]}}