{"id":16134,"date":"2017-04-17T16:37:39","date_gmt":"2017-04-17T14:37:39","guid":{"rendered":"https:\/\/vozcomoarma.noblogs.org\/?p=16134"},"modified":"2017-04-17T16:37:39","modified_gmt":"2017-04-17T14:37:39","slug":"texto-manifiesto-anarquista-rural-contra-la-vida-en-la-ciudad","status":"publish","type":"post","link":"https:\/\/vozcomoarma.noblogs.org\/?p=16134","title":{"rendered":"[Texto] Manifiesto anarquista rural contra la \u00abvida\u00bb en la ciudad"},"content":{"rendered":"<p align=\"justify\"><a href=\"https:\/\/vozcomoarma.noblogs.org\/files\/2017\/04\/espanha-manifesto-anarquista-rural-contra-a-vida-1.jpg\"><img loading=\"lazy\" decoding=\"async\" class=\"size-medium wp-image-16135 alignright\" src=\"https:\/\/vozcomoarma.noblogs.org\/files\/2017\/04\/espanha-manifesto-anarquista-rural-contra-a-vida-1-300x169.jpg\" alt=\"\" width=\"300\" height=\"169\" srcset=\"https:\/\/vozcomoarma.noblogs.org\/files\/2017\/04\/espanha-manifesto-anarquista-rural-contra-a-vida-1-300x169.jpg 300w, https:\/\/vozcomoarma.noblogs.org\/files\/2017\/04\/espanha-manifesto-anarquista-rural-contra-a-vida-1.jpg 600w\" sizes=\"auto, (max-width: 300px) 100vw, 300px\" \/><\/a>A pesar de que creo que se trata de un an\u00e1lisis reduccionista que falla el tiro en algunos puntos (empezando porque me parece que obvia todas las condiciones y circunstancias de su vida que pueden llevar a una persona con ideas anarquistas a residir en una ciudad y no en el campo, el bosque o el monte, casi responsabiliz\u00e1ndola y culpabiliz\u00e1ndola por ello en lugar de intentar comprender mejor la situaci\u00f3n personal de muches compa\u00f1eres), y aunque yo, por ejemplo, sea una de esas personas que todav\u00eda habita en la ciudad, me ha parecido interesante dar espacio para la difusi\u00f3n a este texto que reflexiona sobre la vida en la ciudad y la necesidad de salir de ella, desde un punto de vista antiautoritario.<\/p>\n<p align=\"justify\">El texto fue recogido de <strong><a href=\"http:\/\/www.alasbarricadas.org\/noticias\/node\/38278\">A Las Barricadas<\/a><\/strong>:<\/p>\n<p align=\"justify\">&#8212;&#8212;&#8212;&#8212;&#8212;&#8212;&#8212;&#8212;&#8212;&#8212;&#8212;&#8212;&#8212;<\/p>\n<p align=\"justify\"><em>Lxs anarquistas siempre hemos defendido el lema \u00abTierra y Libertad\u00bb y creemos que hoy dia \u00e9sto es m\u00e1s que necesario refrescarlo en nuestras memorias, mientras el sistema tecnoindustrial est\u00e1 arrasando todos nuestros recursos naturales que nos pertenecen a todxs.<\/em><\/p>\n<p align=\"justify\"><em>Si reflexionamos la situaci\u00f3n actual vemos que toda la miseria y pobreza se concentra en las ciudades, lo que interesa al poder porque ah\u00ed tienen todo controlado y no les molesta para nada en su vida cotidiana porque ellxs viven en sus mansiones de lujo fuera de la ciudad. Las ciudades tienen todo menos la posibilidad de vivir una vida sana y tranquila. A cada persona ciudadana le pertenecen 10 m2 de \u00abtierra\u00bb (para no decir asfalto y hormigon) mientras en el campo son mil veces m\u00e1s! No se puede entender entonces c\u00f3mo lxs compa\u00f1erxs anarquistas aguantan \u00e9sta horrorosa forma de vida entre muros, asfalto, coches, ruido, contaminaci\u00f3n y consumismo, mientras a pocos kilometros podrian tener una vida mucho m\u00e1s sana y rica, y adem\u00e1s arrebatar al poder las tierras y casas que no pueden controlar.<\/em><\/p>\n<p align=\"justify\"><em>Nos parece absurdo hablar de una lucha anarquista dentro de los muros de la ciudad (= c\u00e1rcel), y no por desprecio o falta de respeto a lxs compas ah\u00ed, sino por dejar demasiado espacio de actuar al poder y concentrar y desgastar toda nuestra fuerza en la urbe a precio de nuestra salud mental y fisica. Para un\/a ciudadanx la vida en el campo parece inc\u00f3moda y dura, pero \u00e9sto es una teoria y mentira burguesa de la clase media y alta para manipular a las masas para concentrarse en la urbe y mantenerles intacto su sistema econ\u00f3mico (bancos, centros comerciales, tiendas, bares, restaurantes, infraestructuras turisticas etc.) para venderles su mano de obra y su tiempo de vida. El invento de la ciudad siempre ha sido un inter\u00e9s economico capitalista para mantener el mercado capitalista a trav\u00e9s de la explotaci\u00f3n de lxs ciudadanxs. Bien, \u00e9sto no es nada nuevo, entonces por qu\u00e9 lxs anarquistas formamos parte de \u00e9ste circo? Aunque no trabajamos, okupamos kasas y reciclamos la mierda de \u00abalimentos\u00bb de los supermercados para subsistir, cual \u00e9s el objetivo de \u00e9sta estancia voluntaria en su terreno? Algunxs anarquistas tienen las ideas insurreccionales de la guerilla urbana pero en la pr\u00e1ctica no son capaces de organizarse bien, adem\u00e1s est\u00e1n controladxs hasta los pelos del culo, entonces d\u00f3nde est\u00e1 el sentido en \u00e9sta forma de joderse la vida?<\/em><\/p>\n<p align=\"justify\"><em>Vemos que muchxs compas se desgastan muy r\u00e1pido, dejan sus actividades o se convierten en fantasmas entre las peleas \u00abinternas\u00bb de los grup\u00fasculos autodenominados anarquistas que no ven nada m\u00e1s que \u00absu\u00bb proyecto (CSO, kolectivo,etc) ajenxs de un sentido comun y solidario que significaria un movimiento anarquista antisistema unido y fuerte. Adem\u00e1s muchxs caen en el ritmo de fiestas nocturnas (\u00abauto-organizadas\u00bb por supuesto), consumiendo todo tipo de drogas para \u00abaguantar\u00bb el fin de semana y \u00abrecuper\u00e1ndose\u00bb el resto de los d\u00edas o incluso trabajando para el sistema&#8230;<\/em><\/p>\n<p align=\"justify\"><em>Pues lxs \u00abhippies del campo\u00bb (como nos llaman algunxs compas ciudadanxs) intentamos realizar nuestros sue\u00f1os de la \u00abautosuficiencia\u00bb pero resulta que para todo el trabajo necesario (huertos, reconstrucci\u00f3n de casas, recolecci\u00f3n, intercambios etc.etc.) somos en muchos espacios demasiado pocas personas, ignoradas por la gran mayoria de lxs compas de la ciudad, asi que toda iniciativa sana y nuestras luchas anarquistas contra el poder en el campo quedan muy marginadas y facilmente atacables\/asimilables por lxs fascistas (payeses y caciques) con sus organizaciones (Uni\u00f3 de Pagesos, ayuntamientos, consejos comarcales, Mossos d&#8217;Esquadra, Agentes Rurales, Cazadores etc) para no convertirse de nuevo en una fuerza que puede amenazar y cuestionar realmente el poder capitalista. Estamos convencidxs que si la mitad de lxs compas de la ciudad estuviesen dispuestxs a salir de la urbe e instalarse en el campo la situaci\u00f3n cambiar\u00eda muchisimo y podr\u00edamos recuperar una parte importante de nuestra fuerza como anarquistas.<\/em><\/p>\n<p align=\"justify\"><em>Es que todos estos juguetes modernos de la peque\u00f1a burgues\u00eda como las as\u00ed llamados redes sociales sirven para mantener a lxs ciudadanxs aburridxs de su vida diaria como \u00abcontentxs\u00bb esclavxs en la ciudad mientras que el poder puede manejar todos sus proyectos de infraestructuras importantes en el campo con demasiada tranquilidad! El abandono del campo por lxs anarquistas ha sido un gran error en la historia del siglo XX y ha posibilitado el avance del sistema en todas sus formas! En la peninsula ib\u00e9rica el campo ha sido y es la clave del poder y de ah\u00ed sacan miles y miliones de beneficios que luego venden en las ciudades. No hay otra manera de recuperar nuestra lucha y nuestras vidas que arrebatarles poco a poco \u00e9ste poder con nuestra presencia y lucha fuera de la urbe!<\/em><\/p>\n<p align=\"justify\"><em>Invitamos a todxs lxs compas de la ciudad de reflexionar y debatir \u00e9ste manifiesto y tambi\u00e9n a visitarnos aqu\u00ed donde estamos!<\/em><\/p>\n<p align=\"justify\"><em>\u00c1nimos, fuerza y rabia salvaje por la batalla campal anarquista!<\/em><br \/>\n<em>Por la liberaci\u00f3n total!<\/em><\/p>\n<p align=\"justify\"><em>Salud &amp; Anarquia!<\/em><\/p>\n<p align=\"justify\"><strong><em>Algunxs compas de proyectos rurales okupados y autogestionados en Catalunya.<br \/>\n(Marzo 2017).<\/em><\/strong><\/p>\n<p align=\"justify\"><a href=\"https:\/\/vozcomoarma.noblogs.org\/files\/2017\/04\/puebloabandonado_2.jpg\"><img loading=\"lazy\" decoding=\"async\" class=\"aligncenter wp-image-16136 size-full\" src=\"https:\/\/vozcomoarma.noblogs.org\/files\/2017\/04\/puebloabandonado_2.jpg\" width=\"736\" height=\"552\" srcset=\"https:\/\/vozcomoarma.noblogs.org\/files\/2017\/04\/puebloabandonado_2.jpg 736w, https:\/\/vozcomoarma.noblogs.org\/files\/2017\/04\/puebloabandonado_2-300x225.jpg 300w\" sizes=\"auto, (max-width: 736px) 100vw, 736px\" \/><\/a><\/p>\n","protected":false},"excerpt":{"rendered":"<p>A pesar de que creo que se trata de un an\u00e1lisis reduccionista que falla el tiro en algunos puntos (empezando porque me parece que obvia todas las condiciones y circunstancias de su vida que pueden llevar a una persona con &hellip; <a href=\"https:\/\/vozcomoarma.noblogs.org\/?p=16134\">Sigue leyendo <span class=\"meta-nav\">&rarr;<\/span><\/a><\/p>\n","protected":false},"author":7045,"featured_media":0,"comment_status":"closed","ping_status":"open","sticky":false,"template":"","format":"standard","meta":{"footnotes":""},"categories":[20],"tags":[47,48,30,16,42,37,24,11],"class_list":["post-16134","post","type-post","status-publish","format-standard","hentry","category-textos","tag-anti-desarrollismo","tag-cataluna","tag-critica-anti-industrial","tag-guerra-social","tag-movimientos-sociales","tag-okupacion","tag-reflexion","tag-solidaridad"],"_links":{"self":[{"href":"https:\/\/vozcomoarma.noblogs.org\/index.php?rest_route=\/wp\/v2\/posts\/16134","targetHints":{"allow":["GET"]}}],"collection":[{"href":"https:\/\/vozcomoarma.noblogs.org\/index.php?rest_route=\/wp\/v2\/posts"}],"about":[{"href":"https:\/\/vozcomoarma.noblogs.org\/index.php?rest_route=\/wp\/v2\/types\/post"}],"author":[{"embeddable":true,"href":"https:\/\/vozcomoarma.noblogs.org\/index.php?rest_route=\/wp\/v2\/users\/7045"}],"replies":[{"embeddable":true,"href":"https:\/\/vozcomoarma.noblogs.org\/index.php?rest_route=%2Fwp%2Fv2%2Fcomments&post=16134"}],"version-history":[{"count":1,"href":"https:\/\/vozcomoarma.noblogs.org\/index.php?rest_route=\/wp\/v2\/posts\/16134\/revisions"}],"predecessor-version":[{"id":16137,"href":"https:\/\/vozcomoarma.noblogs.org\/index.php?rest_route=\/wp\/v2\/posts\/16134\/revisions\/16137"}],"wp:attachment":[{"href":"https:\/\/vozcomoarma.noblogs.org\/index.php?rest_route=%2Fwp%2Fv2%2Fmedia&parent=16134"}],"wp:term":[{"taxonomy":"category","embeddable":true,"href":"https:\/\/vozcomoarma.noblogs.org\/index.php?rest_route=%2Fwp%2Fv2%2Fcategories&post=16134"},{"taxonomy":"post_tag","embeddable":true,"href":"https:\/\/vozcomoarma.noblogs.org\/index.php?rest_route=%2Fwp%2Fv2%2Ftags&post=16134"}],"curies":[{"name":"wp","href":"https:\/\/api.w.org\/{rel}","templated":true}]}}