{"id":16144,"date":"2017-04-18T13:30:34","date_gmt":"2017-04-18T11:30:34","guid":{"rendered":"https:\/\/vozcomoarma.noblogs.org\/?p=16144"},"modified":"2017-04-18T13:30:34","modified_gmt":"2017-04-18T11:30:34","slug":"republica-checa-sale-de-prision-bajo-fianza-el-companero-lukas-borl","status":"publish","type":"post","link":"https:\/\/vozcomoarma.noblogs.org\/?p=16144","title":{"rendered":"Rep\u00fablica Checa &#8211; \u00a1Sale de prisi\u00f3n bajo fianza el compa\u00f1ero Luk\u00e1\u0161 Borl!"},"content":{"rendered":"<p align=\"justify\">En el pasado verano, en agosto, en este blog se public\u00f3 un post con una carta del compa\u00f1ero Luk\u00e1\u0161 Borl, anarquista de Rep\u00fablica Checa que hab\u00eda escrito esa misiva con un a\u00f1o de anterioridad aunque hasta ese momento no hab\u00eda sido publicada, por razones de seguridad. En la carta, el compa\u00f1ero explicaba sus razones para asumir la clandestinidad y anunciaba que pensaba desaparecer, al sentirse altamente alarmado por todas las medidas de vigilancia y control puestas en marcha sobre su persona, e intuyendo que pronto ir\u00edan a por \u00e9l, en el contexto de la denominada Operaci\u00f3n F\u00e9nix, un golpe represivo contra el entorno anarquista checo. La carta se puede leer en castellano en este blog haciendo click <strong><a href=\"https:\/\/vozcomoarma.noblogs.org\/?p=13451\">aqu\u00ed<\/a><\/strong>.<\/p>\n<p align=\"justify\">Un mes m\u00e1s tarde, en septiembre del pasado a\u00f1o 2016, difund\u00ed en este blog <strong><a href=\"https:\/\/vozcomoarma.noblogs.org\/?p=13689\">otra noticia<\/a><\/strong> que informaba de que el compa\u00f1ero hab\u00eda sido detenido y enviado a prisi\u00f3n preventiva, despu\u00e9s de estar casi un a\u00f1o en busca y captura, asumiendo la clandestinidad.<\/p>\n<p align=\"justify\">Ahora, tras seis meses, he sabido por medio de una nota informativa breve publicada en ingl\u00e9s en <strong><a href=\"http:\/\/actforfree.nostate.net\/?p=26972\">Act For Freedom Now!<\/a><\/strong> (y que traduzco a continuaci\u00f3n) que el compa\u00f1ero ha salido en libertad bajo fianza el pasado domingo 16 de abril. El compa\u00f1ero contin\u00faa con cargos y a espera de juicio, pero al menos podr\u00e1 esperar fuera de los muros de la c\u00e1rcel.<\/p>\n<p align=\"justify\">&#8212;&#8212;&#8212;&#8212;&#8212;&#8212;&#8211;<\/p>\n<p align=\"justify\"><em><strong><a href=\"https:\/\/vozcomoarma.noblogs.org\/?cat=294\">Luk\u00e1\u0161 B<\/a><\/strong>, un anarquista encarcelado en preventiva desde septiembre de 2016 fue liberado bajo fianza hoy. Eso significa que esperar\u00e1 por el juicio fuera de los muros de la prisi\u00f3n. Es la primera vez desde el comienzo de la Operaci\u00f3n F\u00e9nix en que ningune anarquista es mantenide en prisi\u00f3n en la llamada Rep\u00fablica Checa.<\/em><\/p>\n","protected":false},"excerpt":{"rendered":"<p>En el pasado verano, en agosto, en este blog se public\u00f3 un post con una carta del compa\u00f1ero Luk\u00e1\u0161 Borl, anarquista de Rep\u00fablica Checa que hab\u00eda escrito esa misiva con un a\u00f1o de anterioridad aunque hasta ese momento no hab\u00eda &hellip; <a href=\"https:\/\/vozcomoarma.noblogs.org\/?p=16144\">Sigue leyendo <span class=\"meta-nav\">&rarr;<\/span><\/a><\/p>\n","protected":false},"author":7045,"featured_media":0,"comment_status":"closed","ping_status":"open","sticky":false,"template":"","format":"standard","meta":{"footnotes":""},"categories":[226,294,61,9,7],"tags":[16,19,214,11],"class_list":["post-16144","post","type-post","status-publish","format-standard","hentry","category-detenidxs-operacion-fenix-republica-checa","category-lukas-borl","category-noticias","category-noticias-y-comunicados","category-presxs","tag-guerra-social","tag-represion","tag-republica-checa","tag-solidaridad"],"_links":{"self":[{"href":"https:\/\/vozcomoarma.noblogs.org\/index.php?rest_route=\/wp\/v2\/posts\/16144","targetHints":{"allow":["GET"]}}],"collection":[{"href":"https:\/\/vozcomoarma.noblogs.org\/index.php?rest_route=\/wp\/v2\/posts"}],"about":[{"href":"https:\/\/vozcomoarma.noblogs.org\/index.php?rest_route=\/wp\/v2\/types\/post"}],"author":[{"embeddable":true,"href":"https:\/\/vozcomoarma.noblogs.org\/index.php?rest_route=\/wp\/v2\/users\/7045"}],"replies":[{"embeddable":true,"href":"https:\/\/vozcomoarma.noblogs.org\/index.php?rest_route=%2Fwp%2Fv2%2Fcomments&post=16144"}],"version-history":[{"count":1,"href":"https:\/\/vozcomoarma.noblogs.org\/index.php?rest_route=\/wp\/v2\/posts\/16144\/revisions"}],"predecessor-version":[{"id":16145,"href":"https:\/\/vozcomoarma.noblogs.org\/index.php?rest_route=\/wp\/v2\/posts\/16144\/revisions\/16145"}],"wp:attachment":[{"href":"https:\/\/vozcomoarma.noblogs.org\/index.php?rest_route=%2Fwp%2Fv2%2Fmedia&parent=16144"}],"wp:term":[{"taxonomy":"category","embeddable":true,"href":"https:\/\/vozcomoarma.noblogs.org\/index.php?rest_route=%2Fwp%2Fv2%2Fcategories&post=16144"},{"taxonomy":"post_tag","embeddable":true,"href":"https:\/\/vozcomoarma.noblogs.org\/index.php?rest_route=%2Fwp%2Fv2%2Ftags&post=16144"}],"curies":[{"name":"wp","href":"https:\/\/api.w.org\/{rel}","templated":true}]}}