{"id":16233,"date":"2017-04-24T16:32:15","date_gmt":"2017-04-24T14:32:15","guid":{"rendered":"https:\/\/vozcomoarma.noblogs.org\/?p=16233"},"modified":"2017-04-24T16:32:16","modified_gmt":"2017-04-24T14:32:16","slug":"grecia-pancarta-en-memoria-de-javier-recabarren-en-la-okupa-themistokleus-58-atenas","status":"publish","type":"post","link":"https:\/\/vozcomoarma.noblogs.org\/?p=16233","title":{"rendered":"Grecia &#8211; Pancarta en memoria de Javier Recabarren en la okupa Themistokleus 58 (Atenas)"},"content":{"rendered":"<p align=\"justify\">Recojo de <strong><a href=\"https:\/\/es-contrainfo.espiv.net\/\">Contra Info<\/a><\/strong> y difundo este gesto en memoria de Javier Recabarren, realizado en Atenas.<\/p>\n<p align=\"justify\">&#8212;&#8212;&#8212;&#8212;&#8212;&#8212;&#8212;&#8212;&#8212;&#8212;&#8212;&#8212;&#8212;&#8212;&#8212;<\/p>\n<p align=\"justify\"><em>Lienzo colgado en la okupa Themistokleous 58, en Exarchia, en memoria del ni\u00f1o amotinado Javier Recabarren, que perdi\u00f3 la vida a sus 11 a\u00f1os en Santiago de Chile, tras ser atropellado por un bus del Transantiago, el 18 de marzo del 2015.<\/em><\/p>\n<p align=\"justify\"><em>Con este peque\u00f1o gesto nos sumamos (aunque con retraso) a lxs compas en Chile que realizaron varias acciones en el marco de la <strong><a href=\"https:\/\/es-contrainfo.espiv.net\/2017\/02\/22\/chile-semana-de-agitacion-a-la-memoria-de-javier-recabarren-del-11-al-18-de-marzo-2017\/\" target=\"_blank\" rel=\"noopener noreferrer\">semana de agitaci\u00f3n<\/a><\/strong> a la memoria de Javier (11-18\/3\/2017).<\/em><\/p>\n<p align=\"justify\"><em><strong>CADA D\u00cdA NACE UN JOVEN COMBATIENTE<\/strong><\/em><br \/>\n<em> <strong>\u00a1JAVIER RECABARREN PRESENTE!<\/strong><\/em><\/p>\n<p align=\"justify\"><em>Chaoten<\/em><\/p>\n<p align=\"justify\"><a href=\"https:\/\/vozcomoarma.noblogs.org\/files\/2017\/04\/okupa-58-lienzo-para-Javier.jpg\"><img loading=\"lazy\" decoding=\"async\" class=\"aligncenter wp-image-16234 size-large\" src=\"https:\/\/vozcomoarma.noblogs.org\/files\/2017\/04\/okupa-58-lienzo-para-Javier-1024x618.jpg\" alt=\"\" width=\"640\" height=\"386\" srcset=\"https:\/\/vozcomoarma.noblogs.org\/files\/2017\/04\/okupa-58-lienzo-para-Javier.jpg 1024w, https:\/\/vozcomoarma.noblogs.org\/files\/2017\/04\/okupa-58-lienzo-para-Javier-300x181.jpg 300w, https:\/\/vozcomoarma.noblogs.org\/files\/2017\/04\/okupa-58-lienzo-para-Javier-768x464.jpg 768w\" sizes=\"auto, (max-width: 640px) 100vw, 640px\" \/><\/a><\/p>\n","protected":false},"excerpt":{"rendered":"<p>Recojo de Contra Info y difundo este gesto en memoria de Javier Recabarren, realizado en Atenas. &#8212;&#8212;&#8212;&#8212;&#8212;&#8212;&#8212;&#8212;&#8212;&#8212;&#8212;&#8212;&#8212;&#8212;&#8212; Lienzo colgado en la okupa Themistokleous 58, en Exarchia, en memoria del ni\u00f1o amotinado Javier Recabarren, que perdi\u00f3 la vida a sus 11 &hellip; <a href=\"https:\/\/vozcomoarma.noblogs.org\/?p=16233\">Sigue leyendo <span class=\"meta-nav\">&rarr;<\/span><\/a><\/p>\n","protected":false},"author":7045,"featured_media":0,"comment_status":"closed","ping_status":"open","sticky":false,"template":"","format":"standard","meta":{"footnotes":""},"categories":[58,61,9],"tags":[78,15,16,11],"class_list":["post-16233","post","type-post","status-publish","format-standard","hentry","category-acciones","category-noticias","category-noticias-y-comunicados","tag-chile","tag-grecia","tag-guerra-social","tag-solidaridad"],"_links":{"self":[{"href":"https:\/\/vozcomoarma.noblogs.org\/index.php?rest_route=\/wp\/v2\/posts\/16233","targetHints":{"allow":["GET"]}}],"collection":[{"href":"https:\/\/vozcomoarma.noblogs.org\/index.php?rest_route=\/wp\/v2\/posts"}],"about":[{"href":"https:\/\/vozcomoarma.noblogs.org\/index.php?rest_route=\/wp\/v2\/types\/post"}],"author":[{"embeddable":true,"href":"https:\/\/vozcomoarma.noblogs.org\/index.php?rest_route=\/wp\/v2\/users\/7045"}],"replies":[{"embeddable":true,"href":"https:\/\/vozcomoarma.noblogs.org\/index.php?rest_route=%2Fwp%2Fv2%2Fcomments&post=16233"}],"version-history":[{"count":1,"href":"https:\/\/vozcomoarma.noblogs.org\/index.php?rest_route=\/wp\/v2\/posts\/16233\/revisions"}],"predecessor-version":[{"id":16235,"href":"https:\/\/vozcomoarma.noblogs.org\/index.php?rest_route=\/wp\/v2\/posts\/16233\/revisions\/16235"}],"wp:attachment":[{"href":"https:\/\/vozcomoarma.noblogs.org\/index.php?rest_route=%2Fwp%2Fv2%2Fmedia&parent=16233"}],"wp:term":[{"taxonomy":"category","embeddable":true,"href":"https:\/\/vozcomoarma.noblogs.org\/index.php?rest_route=%2Fwp%2Fv2%2Fcategories&post=16233"},{"taxonomy":"post_tag","embeddable":true,"href":"https:\/\/vozcomoarma.noblogs.org\/index.php?rest_route=%2Fwp%2Fv2%2Ftags&post=16233"}],"curies":[{"name":"wp","href":"https:\/\/api.w.org\/{rel}","templated":true}]}}