{"id":16253,"date":"2017-04-25T16:29:09","date_gmt":"2017-04-25T14:29:09","guid":{"rendered":"https:\/\/vozcomoarma.noblogs.org\/?p=16253"},"modified":"2017-04-25T16:29:09","modified_gmt":"2017-04-25T14:29:09","slug":"alemania-antifascistas-prenden-fuego-a-un-club-fascista-en-memmingen","status":"publish","type":"post","link":"https:\/\/vozcomoarma.noblogs.org\/?p=16253","title":{"rendered":"Alemania &#8211; Antifascistas prenden fuego a un club fascista en Memmingen"},"content":{"rendered":"<p align=\"justify\">A continuaci\u00f3n sigue el comunicado, recogido en ingl\u00e9s y traducido desde <strong><a href=\"https:\/\/insurrectionnewsworldwide.com\/2017\/04\/25\/memmingen-germany-neo-nazi-clubhouse-torched-by-antifascists\/\">Insurrection News<\/a><\/strong> (que a su vez tradujeron del original publicado en alem\u00e1n en <strong><a href=\"https:\/\/linksunten.indymedia.org\/de\/node\/210399\">Linksunten Indymedia<\/a><\/strong>) que asume la responsabilidad por el ataque incendiario que redujo a cenizas una caba\u00f1a usada como lugar de encuentro y reuni\u00f3n por parte del grupo neonazi m\u00e1s importante de Bavaria.<\/p>\n<p align=\"justify\">El comunicado tambi\u00e9n hace una cr\u00edtica extrapolable a muchos otros lugares y situaciones pero que en este caso alude a la falta de coherencia entre las consignas en las manifestaciones llamando a aplastar a los fascistas que luego, en la pr\u00e1ctica, no se reflejan en ataques reales.<\/p>\n<p align=\"justify\">&#8212;&#8212;&#8212;&#8212;&#8212;&#8212;&#8212;&#8212;&#8212;&#8212;&#8212;&#8212;&#8212;&#8212;&#8211;<\/p>\n<p align=\"justify\"><a href=\"https:\/\/vozcomoarma.noblogs.org\/files\/2017\/04\/burning.jpg\"><img loading=\"lazy\" decoding=\"async\" class=\"aligncenter wp-image-16254 size-full\" src=\"https:\/\/vozcomoarma.noblogs.org\/files\/2017\/04\/burning.jpg\" alt=\"\" width=\"640\" height=\"427\" srcset=\"https:\/\/vozcomoarma.noblogs.org\/files\/2017\/04\/burning.jpg 640w, https:\/\/vozcomoarma.noblogs.org\/files\/2017\/04\/burning-300x200.jpg 300w\" sizes=\"auto, (max-width: 640px) 100vw, 640px\" \/><\/a><em><span style=\"color: #000000\">El 22 de abril, una manifestaci\u00f3n contra los activistas neonazis bajo el lema <strong>\u00abRecordar significa Luchar\u00bb\u00a0<\/strong>tuvo lugar en Memmingen, en el Allg\u00e4u, con muches antifascistas tomando las calles. Tan importante como encontramos estas cosas, sigue siendo muy decepcionante cuando en las manifestaciones escuchamos consignas como <strong>\u00ab\u00a1Hay nazis en esta ciudad \/ Formad bandas y aplastadles!\u00bb<\/strong>, pero luego en la pr\u00e1ctica el mayor grupo neonazi en Bavaria us\u00f3 una casa club en la ciudad durante meses y un sello musical neonazi, \u00abOldschool Records\u00bb, est\u00e1 ubicado a pocos kil\u00f3metros y apenas ha habido ninguna resistencia visible contra cualquiera de las dos cosas. Y por tanto, apenas hay ninguna cuesti\u00f3n de \u00abaplastamiento\u00bb. Es por esto que decidimos tomar acciones en la noche del 24 de abril al 25 de abril. Colocamos un dispositivo incendiario en la casa club del grupo neonazi \u00abVoz de la Rabia\u00bb con la esperanza de que otres antifascistas sean inspirades para tomar acciones similares y establecer una resistencia antifascista militante en la Alta Swabia y en el Allg\u00e4u. <strong>\u00a1Porque no hay retaguardia silenciosa!<\/strong><\/span><\/em><\/p>\n<p><iframe loading=\"lazy\" title=\"Memmingen-Buxach - Brand einer Gastst\u00e4tte - ehem. Treffpunkt von &quot;Voice of Anger&quot; niedergebrannt\" width=\"640\" height=\"360\" src=\"https:\/\/www.youtube.com\/embed\/Uq3QZCyja7k?feature=oembed\" frameborder=\"0\" allow=\"accelerometer; autoplay; clipboard-write; encrypted-media; gyroscope; picture-in-picture; web-share\" referrerpolicy=\"strict-origin-when-cross-origin\" allowfullscreen><\/iframe><\/p>\n","protected":false},"excerpt":{"rendered":"<p>A continuaci\u00f3n sigue el comunicado, recogido en ingl\u00e9s y traducido desde Insurrection News (que a su vez tradujeron del original publicado en alem\u00e1n en Linksunten Indymedia) que asume la responsabilidad por el ataque incendiario que redujo a cenizas una caba\u00f1a &hellip; <a href=\"https:\/\/vozcomoarma.noblogs.org\/?p=16253\">Sigue leyendo <span class=\"meta-nav\">&rarr;<\/span><\/a><\/p>\n","protected":false},"author":7045,"featured_media":0,"comment_status":"closed","ping_status":"open","sticky":false,"template":"","format":"standard","meta":{"footnotes":""},"categories":[58,61,9],"tags":[51,14,16,26,42,34,24,10],"class_list":["post-16253","post","type-post","status-publish","format-standard","hentry","category-acciones","category-noticias","category-noticias-y-comunicados","tag-alemania","tag-anti-fascismo","tag-guerra-social","tag-insurreccionalismo","tag-movimientos-sociales","tag-racismo","tag-reflexion","tag-sabotaje"],"_links":{"self":[{"href":"https:\/\/vozcomoarma.noblogs.org\/index.php?rest_route=\/wp\/v2\/posts\/16253","targetHints":{"allow":["GET"]}}],"collection":[{"href":"https:\/\/vozcomoarma.noblogs.org\/index.php?rest_route=\/wp\/v2\/posts"}],"about":[{"href":"https:\/\/vozcomoarma.noblogs.org\/index.php?rest_route=\/wp\/v2\/types\/post"}],"author":[{"embeddable":true,"href":"https:\/\/vozcomoarma.noblogs.org\/index.php?rest_route=\/wp\/v2\/users\/7045"}],"replies":[{"embeddable":true,"href":"https:\/\/vozcomoarma.noblogs.org\/index.php?rest_route=%2Fwp%2Fv2%2Fcomments&post=16253"}],"version-history":[{"count":2,"href":"https:\/\/vozcomoarma.noblogs.org\/index.php?rest_route=\/wp\/v2\/posts\/16253\/revisions"}],"predecessor-version":[{"id":16256,"href":"https:\/\/vozcomoarma.noblogs.org\/index.php?rest_route=\/wp\/v2\/posts\/16253\/revisions\/16256"}],"wp:attachment":[{"href":"https:\/\/vozcomoarma.noblogs.org\/index.php?rest_route=%2Fwp%2Fv2%2Fmedia&parent=16253"}],"wp:term":[{"taxonomy":"category","embeddable":true,"href":"https:\/\/vozcomoarma.noblogs.org\/index.php?rest_route=%2Fwp%2Fv2%2Fcategories&post=16253"},{"taxonomy":"post_tag","embeddable":true,"href":"https:\/\/vozcomoarma.noblogs.org\/index.php?rest_route=%2Fwp%2Fv2%2Ftags&post=16253"}],"curies":[{"name":"wp","href":"https:\/\/api.w.org\/{rel}","templated":true}]}}