{"id":16259,"date":"2017-04-30T21:50:57","date_gmt":"2017-04-30T19:50:57","guid":{"rendered":"https:\/\/vozcomoarma.noblogs.org\/?p=16259"},"modified":"2017-04-30T21:50:57","modified_gmt":"2017-04-30T19:50:57","slug":"alemania-breve-resumen-de-la-17a-sesion-del-juicio-contra-les-dos-anarquistas-de-barcelona-acusades-de-una-expropiacion-a-un-banco-en-aachen","status":"publish","type":"post","link":"https:\/\/vozcomoarma.noblogs.org\/?p=16259","title":{"rendered":"Alemania &#8211; Breve resumen de la 17\u00aa sesi\u00f3n del juicio contra les dos anarquistas de Barcelona acusades de una expropiaci\u00f3n a un banco en Aachen"},"content":{"rendered":"<div class=\"entry-content\">\n<p align=\"justify\">A continuaci\u00f3n, sigue la cr\u00f3nica resumida de la 17\u00aa sesi\u00f3n del juicio en marcha contra les dos compas de Barcelona acusades de expropiar un banco del Vaticano en Aachen, Alemania.<\/p>\n<p align=\"justify\">Informaci\u00f3n extra\u00edda del blog <strong><a href=\"https:\/\/solidaritatrebel.noblogs.org\/post\/2017\/04\/24\/breve-resumen-de-la-sesion-17-del-juicio-por-el-caso-aachen-cast\/\">Solidaritat Rebel<\/a><\/strong>.<\/p>\n<p align=\"justify\">&#8212;&#8212;&#8212;&#8212;&#8212;&#8212;&#8212;&#8212;&#8212;&#8212;&#8212;&#8212;<\/p>\n<p align=\"justify\"><em>La sesi\u00f3n del d\u00eda 24 de abril ha durado apenas 3 horas. Para empezar se ha intentado \u201ccoordinar\u201d agendas para que el\/la experto\/a en biometr\u00eda pueda testificar. Estaba previsto que lo hiciera el 25 de abril, pero no puede, y ya que la fiscal\u00eda ha insistido en que es un testigo importante, se ha modificado el calendario del juicio. Est\u00e1 previsto que lo haga el d\u00eda 12 de mayo (aunque todav\u00eda est\u00e1 por confirmar). <strong>La sesi\u00f3n de ma\u00f1ana se suspende y hay, por ahora, 3 nuevas sesiones: 31 de mayo, 7 y 13 de junio.<\/strong><\/em><\/p>\n<p align=\"justify\"><em>La sesi\u00f3n ha consistido en la lectura de una parte del sumario. Por un lado, de los tel\u00e9fonos incautados en los registros, se han comparado los n\u00fameros que coincid\u00edan en las agendas de varios tel\u00e9fonos, sin que se haya podido leer las conclusiones de la polic\u00eda, ya que los abogados lo han impedido (amparados en alguna ley alemana). Tambi\u00e9n la lectura de una factura de tel\u00e9fono de una de las acusadas; hay algunos mensajes de sms que no salen en la factura y la fiscal\u00eda ha dado por supuesto que eran mensajes de roaming, aunque los abogados han apuntado que puede tratarse de mensajes de publicidad (que tampoco aparecen en una factura). Adem\u00e1s, seg\u00fan la pol\u00edtica de la empresa Vodafone, los datos tienen que ser destruidos al cabo de un a\u00f1o, por lo que los datos de esa factura (proporcionada por la polic\u00eda espa\u00f1ola) no pueden usarse y se habr\u00edan obtenido ilegalmente.<\/em><\/p>\n<p align=\"justify\"><em> Por todo ello, la fiscal y el juez han pedido que venga un experto de la polic\u00eda como testigo para explicar, por un lado como han conseguido los datos y, por el otro, si los sms mencionados son de roaming, o no. Esto ser\u00e1 en la siguiente sesi\u00f3n del d\u00eda 28 de abril.<\/em><\/p>\n<p align=\"justify\"><em> Para finalizar, se ha le\u00eddo una carta enviada desde Berl\u00edn a una de las compa\u00f1eras, acompa\u00f1ada de un cartel sobre una charla sobre la relaci\u00f3n hist\u00f3rica entre los anarquistas y la expropiaci\u00f3n. Tambi\u00e9n se han le\u00eddo reivindicaciones de acciones en Alemania de esta \u00faltima semana en solidaridad con nuestras compa\u00f1eras presas.<\/em><\/p>\n<p align=\"justify\"><em><strong>La siguiente sesi\u00f3n ser\u00e1, pues, el 28 de abril a las 9:00.<\/strong><\/em><\/p>\n<\/div>\n","protected":false},"excerpt":{"rendered":"<p>A continuaci\u00f3n, sigue la cr\u00f3nica resumida de la 17\u00aa sesi\u00f3n del juicio en marcha contra les dos compas de Barcelona acusades de expropiar un banco del Vaticano en Aachen, Alemania. Informaci\u00f3n extra\u00edda del blog Solidaritat Rebel. &#8212;&#8212;&#8212;&#8212;&#8212;&#8212;&#8212;&#8212;&#8212;&#8212;&#8212;&#8212; La sesi\u00f3n del &hellip; <a href=\"https:\/\/vozcomoarma.noblogs.org\/?p=16259\">Sigue leyendo <span class=\"meta-nav\">&rarr;<\/span><\/a><\/p>\n","protected":false},"author":7045,"featured_media":0,"comment_status":"closed","ping_status":"open","sticky":false,"template":"","format":"standard","meta":{"footnotes":""},"categories":[288,61,9,272,7],"tags":[51,107,48,16,19,11],"class_list":["post-16259","post","type-post","status-publish","format-standard","hentry","category-companero-detenido-el-21-junio-en-barcelona","category-noticias","category-noticias-y-comunicados","category-presa-15-de-abril-barcelona","category-presxs","tag-alemania","tag-barcelona","tag-cataluna","tag-guerra-social","tag-represion","tag-solidaridad"],"_links":{"self":[{"href":"https:\/\/vozcomoarma.noblogs.org\/index.php?rest_route=\/wp\/v2\/posts\/16259","targetHints":{"allow":["GET"]}}],"collection":[{"href":"https:\/\/vozcomoarma.noblogs.org\/index.php?rest_route=\/wp\/v2\/posts"}],"about":[{"href":"https:\/\/vozcomoarma.noblogs.org\/index.php?rest_route=\/wp\/v2\/types\/post"}],"author":[{"embeddable":true,"href":"https:\/\/vozcomoarma.noblogs.org\/index.php?rest_route=\/wp\/v2\/users\/7045"}],"replies":[{"embeddable":true,"href":"https:\/\/vozcomoarma.noblogs.org\/index.php?rest_route=%2Fwp%2Fv2%2Fcomments&post=16259"}],"version-history":[{"count":2,"href":"https:\/\/vozcomoarma.noblogs.org\/index.php?rest_route=\/wp\/v2\/posts\/16259\/revisions"}],"predecessor-version":[{"id":16262,"href":"https:\/\/vozcomoarma.noblogs.org\/index.php?rest_route=\/wp\/v2\/posts\/16259\/revisions\/16262"}],"wp:attachment":[{"href":"https:\/\/vozcomoarma.noblogs.org\/index.php?rest_route=%2Fwp%2Fv2%2Fmedia&parent=16259"}],"wp:term":[{"taxonomy":"category","embeddable":true,"href":"https:\/\/vozcomoarma.noblogs.org\/index.php?rest_route=%2Fwp%2Fv2%2Fcategories&post=16259"},{"taxonomy":"post_tag","embeddable":true,"href":"https:\/\/vozcomoarma.noblogs.org\/index.php?rest_route=%2Fwp%2Fv2%2Ftags&post=16259"}],"curies":[{"name":"wp","href":"https:\/\/api.w.org\/{rel}","templated":true}]}}