{"id":16286,"date":"2017-05-02T18:17:49","date_gmt":"2017-05-02T16:17:49","guid":{"rendered":"https:\/\/vozcomoarma.noblogs.org\/?p=16286"},"modified":"2017-05-02T18:17:53","modified_gmt":"2017-05-02T16:17:53","slug":"urgente-solidaridad-y-apoyo-para-les-companeres-del-espacio-recien-okupado-la-ingobernable-valencia","status":"publish","type":"post","link":"https:\/\/vozcomoarma.noblogs.org\/?p=16286","title":{"rendered":"\u00a1Importante! Solidaridad y apoyo para les compa\u00f1eres del espacio reci\u00e9n okupado La Ingobernable (Valencia)"},"content":{"rendered":"<p align=\"justify\">Recibo en el correo electr\u00f3nico y difundo el siguiente comunicado de les compas que se encuentran okupando el espacio de La Ingobernable, nuevo espacio de lucha y encuentro abierto en la universidad de Valencia, okupado desde hace una semana e inaugurado ayer.<\/p>\n<p align=\"justify\">Les compa\u00f1eres han recibido ya amenazas de violencia f\u00edsica, insultos y la autoridad universitaria ha respondido multiplicando el n\u00famero de vigilantes y de maderos que rondan en la zona, en una din\u00e1mica de desgaste que busca bloquear o dificultar cualquier pr\u00e1ctica de solidaridad y apoyo desde el exterior para les compa\u00f1eres y\/o de comunicaci\u00f3n de les compa\u00f1eres hacia el exterior. Por eso, es importante que quienes os encontr\u00e9is en Valencia busqu\u00e9is formas de prestarles apoyo y que aquelles que nos encontramos lejos ayudemos a mover la informaci\u00f3n y estemos atentes a c\u00f3mo se desenvuelven los acontecimientos.<\/p>\n<p align=\"justify\">Les compas agradecen cualquier difusi\u00f3n que se pueda dar a esta informaci\u00f3n, ya sea por medios contrainformativos m\u00e1s afines o por redes sociales y otros canales convencionales.<\/p>\n<p align=\"justify\"><strong>Desde aqu\u00ed, mucho \u00e1nimo, fuerza y suerte para elles.<\/strong><\/p>\n<p align=\"justify\">&#8212;&#8212;&#8212;&#8212;&#8212;&#8212;&#8212;&#8212;&#8212;&#8212;&#8212;&#8212;-<\/p>\n<p align=\"justify\"><em><span style=\"font-family: Liberation Serif,serif\">La asamblea del espacio liberado La Ingobernable comunica que despu\u00e9s de una semana de okupaci\u00f3n, y de hacer p\u00fablica esta ayer 1\u00ba de Mayo, la universidad ha respondido contundentemente, aumentando la seguridad privada (en colaboraci\u00f3n con la polic\u00eda local y nacional) hasta dejarnos en un estado de asedio. Esto supone que ninguna persona puede salir ni entrar en el edificio, no permitiendo que se nos proporcione ning\u00fan suministro b\u00e1sico tales como agua y comida.<\/span><\/em><\/p>\n<p align=\"justify\"><em><span style=\"font-family: Liberation Serif,serif\">La universidad ha triplicado el n\u00famero de trabajadorxs de la seguridad privada, rodeando el edificio. La actitud de estos estos est\u00e1 siendo provocadora, violenta y amenazadora, llegando a expresar uno literalmente \u201csi yo os pillo por aqu\u00ed fuera os vais a acordar de mi despu\u00e9s de esto\u201d \u201cos va a salir cara la bromita\u201d \u201cos vais a arrepentir para toda la vida\u201d dec\u00eda mientras jugaba con las esposas de manera intimidatoria. Queremos asegurar que nuestra actitud ha sido dialogante y pac\u00edfica en todo momento. Este ha sido el \u00fanico contacto que hemos tenido con cualquier instituci\u00f3n ligada a la Universidad de Valencia hasta el momento.<\/span><\/em><\/p>\n<p align=\"justify\"><em><span style=\"font-family: Liberation Serif,serif\">Este es un espacio que la Universidad abandon\u00f3 a su suerte hace ya m\u00e1s de 5 a\u00f1os, con el pretexto de que se encontraba inhabilitado y supon\u00eda un riesgo para sus ocupantes. No hace mucho la fundaci\u00f3n Goerlich de arquitectos desminti\u00f3 esta versi\u00f3n, declarando que el espacio est\u00e1 en perfectas condiciones para ser usado y reabierto de nuevo.<\/span><\/em><\/p>\n<p align=\"justify\"><em><span style=\"font-family: Liberation Serif,serif\">Aun as\u00ed, desde la ingobernable declara que no va a ceder ante ning\u00fan chantaje ni amenaza, que somos fuertes y estamos unidas. \u00a1Que La Ingobernable no se abandona!<\/span><\/em><\/p>\n<p align=\"justify\"><strong><em><span style=\"font-family: Liberation Serif,serif\">LA SOLIDARIDAD Y EL APOYO MUTUO SON NUESTRAS MEJORES ARMAS, NOS MANTENEMOS INGOBERNABLES.<\/span><\/em><\/strong><\/p>\n<p align=\"justify\"><strong><em><span style=\"font-family: Liberation Serif,serif\">Para tomar el control de nuestras vidas<\/span><\/em><\/strong><\/p>\n<p align=\"justify\"><strong><em><span style=\"font-family: Liberation Serif,serif\">Por la horizontalidad<\/span><\/em><span style=\"font-family: Liberation Serif,serif\"><br \/>\n<\/span><em><span style=\"font-family: Liberation Serif,serif\">Por la fuerza colectiva<\/span><\/em><span style=\"font-family: Liberation Serif,serif\"><br \/>\n<\/span><em><span style=\"font-family: Liberation Serif,serif\">Por la autogesti\u00f3n<\/span><\/em><span style=\"font-family: Liberation Serif,serif\"><br \/>\n<\/span><em><span style=\"font-family: Liberation Serif,serif\">Por la libertad<\/span><\/em><span style=\"font-family: Liberation Serif,serif\"><br \/>\n<\/span><em><span style=\"font-family: Liberation Serif,serif\">Por la ANARQU\u00cdA<\/span><\/em><\/strong><\/p>\n<p align=\"justify\">&#8230;<\/p>\n<p align=\"justify\"><em>El espacio liberado La Ingobernable nace de la ilusi\u00f3n de un grupo de personas con un objetivo com\u00fan, crear de forma colectiva un espacio basado en la autogesti\u00f3n y el apoyo mutuo, la solidaridad y la acci\u00f3n directa.<\/em><\/p>\n<p align=\"justify\"><em>As\u00ed mismo, La Ingobernable se declara anticapitalista, antifascista, antipatriarcal, antiespecista y en contra de todo tipo de estructuras basadas en la dominaci\u00f3n, el control y la discriminaci\u00f3n como las que imperan en la sociedad en la que vivimos.<\/em><\/p>\n<p align=\"justify\"><em>Por todo eso, la lucha contin\u00faa contra la violencia del Estado y toda su maquinaria represora, contra la propiedad privada, el consumismo y el individualismo, contra la manipulaci\u00f3n que se ejerce mediante los mass-media, contra el heteropatriarcado, contra la opresi\u00f3n de los diferentes pueblos, contra la gentrificaci\u00f3n y contra la destrucci\u00f3n del tejido social en los barrios.<\/em><\/p>\n<p align=\"justify\"><em><span style=\"font-family: Liberation Serif,serif\">INGOBERNABLES, para tomar el control de nuestras vidas<\/span><\/em><\/p>\n<p align=\"justify\"><strong><em><span style=\"font-family: Liberation Serif,serif\">Por la horizontalidad<\/span><\/em><span style=\"font-family: Liberation Serif,serif\"><br \/>\n<\/span><em><span style=\"font-family: Liberation Serif,serif\">Por la fuerza colectiva<\/span><\/em><span style=\"font-family: Liberation Serif,serif\"><br \/>\n<\/span><em><span style=\"font-family: Liberation Serif,serif\">Por la autogesti\u00f3n<\/span><\/em><span style=\"font-family: Liberation Serif,serif\"><br \/>\n<\/span><em><span style=\"font-family: Liberation Serif,serif\">Por la libertad<\/span><\/em><span style=\"font-family: Liberation Serif,serif\"><br \/>\n<\/span><em><span style=\"font-family: Liberation Serif,serif\">Por la ANARQU\u00cdA<\/span><\/em><\/strong><\/p>\n<p align=\"justify\"><strong><em>Cambiemos nuestro presente para construir el futuro<\/em><\/strong><\/p>\n<p align=\"justify\"><a href=\"https:\/\/vozcomoarma.noblogs.org\/files\/2017\/05\/panfle-valencia.jpg\"><img loading=\"lazy\" decoding=\"async\" class=\"aligncenter wp-image-16291 size-large\" src=\"https:\/\/vozcomoarma.noblogs.org\/files\/2017\/05\/panfle-valencia-768x1024.jpg\" alt=\"\" width=\"640\" height=\"853\" srcset=\"https:\/\/vozcomoarma.noblogs.org\/files\/2017\/05\/panfle-valencia-768x1024.jpg 768w, https:\/\/vozcomoarma.noblogs.org\/files\/2017\/05\/panfle-valencia-225x300.jpg 225w, https:\/\/vozcomoarma.noblogs.org\/files\/2017\/05\/panfle-valencia.jpg 960w\" sizes=\"auto, (max-width: 640px) 100vw, 640px\" \/><\/a><\/p>\n","protected":false},"excerpt":{"rendered":"<p>Recibo en el correo electr\u00f3nico y difundo el siguiente comunicado de les compas que se encuentran okupando el espacio de La Ingobernable, nuevo espacio de lucha y encuentro abierto en la universidad de Valencia, okupado desde hace una semana e &hellip; <a href=\"https:\/\/vozcomoarma.noblogs.org\/?p=16286\">Sigue leyendo <span class=\"meta-nav\">&rarr;<\/span><\/a><\/p>\n","protected":false},"author":7045,"featured_media":0,"comment_status":"closed","ping_status":"open","sticky":false,"template":"","format":"standard","meta":{"footnotes":""},"categories":[58,61,9],"tags":[40,16,42,37,24,19,11],"class_list":["post-16286","post","type-post","status-publish","format-standard","hentry","category-acciones","category-noticias","category-noticias-y-comunicados","tag-especulacion","tag-guerra-social","tag-movimientos-sociales","tag-okupacion","tag-reflexion","tag-represion","tag-solidaridad"],"_links":{"self":[{"href":"https:\/\/vozcomoarma.noblogs.org\/index.php?rest_route=\/wp\/v2\/posts\/16286","targetHints":{"allow":["GET"]}}],"collection":[{"href":"https:\/\/vozcomoarma.noblogs.org\/index.php?rest_route=\/wp\/v2\/posts"}],"about":[{"href":"https:\/\/vozcomoarma.noblogs.org\/index.php?rest_route=\/wp\/v2\/types\/post"}],"author":[{"embeddable":true,"href":"https:\/\/vozcomoarma.noblogs.org\/index.php?rest_route=\/wp\/v2\/users\/7045"}],"replies":[{"embeddable":true,"href":"https:\/\/vozcomoarma.noblogs.org\/index.php?rest_route=%2Fwp%2Fv2%2Fcomments&post=16286"}],"version-history":[{"count":4,"href":"https:\/\/vozcomoarma.noblogs.org\/index.php?rest_route=\/wp\/v2\/posts\/16286\/revisions"}],"predecessor-version":[{"id":16292,"href":"https:\/\/vozcomoarma.noblogs.org\/index.php?rest_route=\/wp\/v2\/posts\/16286\/revisions\/16292"}],"wp:attachment":[{"href":"https:\/\/vozcomoarma.noblogs.org\/index.php?rest_route=%2Fwp%2Fv2%2Fmedia&parent=16286"}],"wp:term":[{"taxonomy":"category","embeddable":true,"href":"https:\/\/vozcomoarma.noblogs.org\/index.php?rest_route=%2Fwp%2Fv2%2Fcategories&post=16286"},{"taxonomy":"post_tag","embeddable":true,"href":"https:\/\/vozcomoarma.noblogs.org\/index.php?rest_route=%2Fwp%2Fv2%2Ftags&post=16286"}],"curies":[{"name":"wp","href":"https:\/\/api.w.org\/{rel}","templated":true}]}}