{"id":16585,"date":"2017-05-26T04:35:57","date_gmt":"2017-05-26T02:35:57","guid":{"rendered":"https:\/\/vozcomoarma.noblogs.org\/?p=16585"},"modified":"2017-05-26T04:37:22","modified_gmt":"2017-05-26T02:37:22","slug":"basta-de-cinismo-hagamos-un-poco-de-memoria","status":"publish","type":"post","link":"https:\/\/vozcomoarma.noblogs.org\/?p=16585","title":{"rendered":"Basta de cinismo. Juguemos al Qui\u00e9n es Qui\u00e9n&#8230;"},"content":{"rendered":"<p align=\"justify\">Desde que el conflicto en Venezuela ha vuelto a ser noticia en los medios occidentales (y quiz\u00e1 deber\u00edamos preguntarnos por qu\u00e9 la agenda de nuestra \u00abpreocupaci\u00f3n\u00bb pol\u00edtica la marcan los instrumentos desinformativos de nuestro enemigo), se ha vuelto a dar una proliferaci\u00f3n de art\u00edculos publicados en diversos medios de contrainformaci\u00f3n anarquista (o que as\u00ed se pretenden, al menos) y firmados por el colectivo redactor al cargo del peri\u00f3dico El Libertario. Quienes ya hace alg\u00fan tiempo alert\u00e1bamos de las conexiones de dicho medio con Provea y su alineaci\u00f3n con el intervencionismo neoliberal de la OEA estamos, de nuevo, cansades de encontrarnos la palabrer\u00eda de esta gentuza en aquellos medios que, seg\u00fan dicen, pretenden ser la contrapartida a la manipulaci\u00f3n que ejercen sistem\u00e1ticamente los medios oficiales y la prensa corporativa. No entiendo c\u00f3mo todav\u00eda hay compa\u00f1eres que dan cobertura a la basura que pueda escribir el socio de Provea Rafael Uzc\u00e1tegui junto a sus coleguitas. Quiero pensar que no se trata de un respaldo a conciencia sino m\u00e1s bien de que estes compa\u00f1eres tal vez no est\u00e1n al corriente de las informaciones de las que aqu\u00ed estamos hablando, si bien no ser\u00e1 porque en su momento \u00e9stas no fuesen ampliamente difundidas en medios afines.<\/p>\n<p align=\"justify\">Por eso, me gustar\u00eda proponer un peque\u00f1o ejercicio de memoria y rescatar del olvido algunos art\u00edculos y textos que se\u00f1alan y destapan las conexiones del peri\u00f3dico El Liberal (perd\u00f3n, quer\u00eda decir El \u00abLibertario\u00bb) con la sucia organizaci\u00f3n Provea y con el intervencionismo neoliberal de la derecha capitalista:<\/p>\n<ul>\n<li><a href=\"https:\/\/vozcomoarma.noblogs.org\/?p=3439\"><strong>[Texto] Una cr\u00edtica al Peri\u00f3dico El Libertario \u2013 \u00bfLa cr\u00edtica al chavismo como veh\u00edculo para el respaldo del intervencionismo neoliberal en Venezuela? \u00a1\u00a1No en nombre de la anarqu\u00eda!!<\/strong><\/a><\/li>\n<li><a href=\"https:\/\/vozcomoarma.noblogs.org\/?p=3439\"><strong>Antes de expresar nuestra solidaridad, debemos tener claro a quienes y qu\u00e9 es lo que estamos apoyando<\/strong><\/a><\/li>\n<li><strong><a href=\"http:\/\/www.alasbarricadas.org\/noticias\/node\/29092\">Peri\u00f3dico El Libertario de Venezuela: El \u201canarquismo\u201d de derecha al servicio de la burgues\u00eda y el intervencionismo<\/a><\/strong><\/li>\n<\/ul>\n<p align=\"justify\">Algunos medios contrainformativos han optado por una suerte de actitud quedabien en la que, mientras dan espacio a los art\u00edculos de El Libertario, publican por otro lado las cr\u00edticas hacia \u00e9stos. Bien, yo os digo que a m\u00ed eso no me vale, no vale la neutralidad, no vale eso de <em>\u00abhay que mostrar todas las opiniones\u00bb<\/em>. No cuando lo que est\u00e1 en juego va m\u00e1s all\u00e1 de la mera credibilidad o imagen de tu medio o proyecto informativo dentro de un determinado c\u00edrculo activista, sino la propia comprensi\u00f3n que desde otros territorios y latitudes puedan tener les compa\u00f1eres de un determinado conflicto y la capacidad de eses mismes compa\u00f1eres de evaluar y analizar cr\u00edticamente la deriva reaccionaria del autodenominado \u00abanarquismo venezolano\u00bb* de estos impresentables.<\/p>\n<p align=\"justify\">\u00bfAcaso dar\u00edamos cobertura en los medios contrainformativos o anticapitalistas a las opiniones, por ejemplo, de la oposici\u00f3n golpista y neoliberal venezolana? No. \u00bfPor qu\u00e9 entonces s\u00ed se da cabida a las palabras de quienes han quedado m\u00e1s que retratados como mercenarios a sueldo de Provea y de los intereses del sistema?, \u00bfacaso basta con que alguien firme como <em>\u00abEl Libertario\u00bb<\/em> para que todas sus chorradas se pasen por alto y se considere que sus palabras merecen difusi\u00f3n, incluso a pesar de que sus posicionamientos dejan tanto que desear?<\/p>\n<p align=\"justify\">Por mi parte, os adelanto, por si acaso, que no me prestar\u00e9 a debate ni a di\u00e1logo alguno, me importa entre poco y nada lo que El Libertario y sus lectores puedan opinar sobre esto, sus excusas y sus lloriqueos, as\u00ed que si alguien estaba pensando en replicar, cr\u00e9eme, no merece la pena, yo ni me molestar\u00eda. Esto, al menos en esta ocasi\u00f3n, no es ni pretende ser una mesa de debate.<\/p>\n<p><strong>\u00a1Contra el poder y sus falsos cr\u00edticos!<\/strong><\/p>\n<p align=\"justify\"><strong>* Nota: <\/strong>Aqu\u00ed no me estoy refiriendo a todes les anarquistas en Venezuela, sino a la corriente que representa El Libertario y sus lectores, defensores etc. Por leer, yo creo que es positivo leer hasta el Mein Kampf (creo firmemente que no hay mejor manera de conocer aquello contra lo que luchas que escuchando y leyendo a tus enemigos). No obstante, no dar\u00eda difusi\u00f3n ni a un s\u00f3lo p\u00e1rrafo de ese libro en este blog. Y no, no pretendo comparar al personal de El Libertario con Hitler, pero a buenos entendedores, pocas palabras. As\u00ed mismo, tampoco tengo inter\u00e9s en desmerecer los esfuerzos que desde una postura revolucionaria algunes compa\u00f1eres de verdad puedan estar realizando en tierras venezolanas. Por tanto, decir que, por supuesto, no es mi intenci\u00f3n, en ning\u00fan caso, crear opini\u00f3n sobre el contexto en Venezuela ni sobre las luchas y protestas que se est\u00e1n dando. Al contrario, creo que desde la distancia del Estado espa\u00f1ol opinar y\/o hacer una valoraci\u00f3n sobre el contexto o sobre la estrategia y la pr\u00e1ctica de dichas luchas ser\u00eda completamente absurdo. Les compa\u00f1eres de Venezuela ya hablar\u00e1n cuando lo estimen necesario, no necesitan que desde fuera empecemos a especular. Por eso, tampoco es una cr\u00edtica de esas luchas ni pretendo opinar sobre el contexto en Venezuela en estos momentos. Lo que s\u00ed pretendo es contribuir a desenmascarar de una pu\u00f1etera vez a esta gente, porque es irritante seguir encontr\u00e1ndonos sus art\u00edculos en nuestros medios.<\/p>\n","protected":false},"excerpt":{"rendered":"<p>Desde que el conflicto en Venezuela ha vuelto a ser noticia en los medios occidentales (y quiz\u00e1 deber\u00edamos preguntarnos por qu\u00e9 la agenda de nuestra \u00abpreocupaci\u00f3n\u00bb pol\u00edtica la marcan los instrumentos desinformativos de nuestro enemigo), se ha vuelto a dar &hellip; <a href=\"https:\/\/vozcomoarma.noblogs.org\/?p=16585\">Sigue leyendo <span class=\"meta-nav\">&rarr;<\/span><\/a><\/p>\n","protected":false},"author":7045,"featured_media":0,"comment_status":"closed","ping_status":"open","sticky":false,"template":"","format":"standard","meta":{"footnotes":""},"categories":[61,9],"tags":[16,42,24,164],"class_list":["post-16585","post","type-post","status-publish","format-standard","hentry","category-noticias","category-noticias-y-comunicados","tag-guerra-social","tag-movimientos-sociales","tag-reflexion","tag-venezuela"],"_links":{"self":[{"href":"https:\/\/vozcomoarma.noblogs.org\/index.php?rest_route=\/wp\/v2\/posts\/16585","targetHints":{"allow":["GET"]}}],"collection":[{"href":"https:\/\/vozcomoarma.noblogs.org\/index.php?rest_route=\/wp\/v2\/posts"}],"about":[{"href":"https:\/\/vozcomoarma.noblogs.org\/index.php?rest_route=\/wp\/v2\/types\/post"}],"author":[{"embeddable":true,"href":"https:\/\/vozcomoarma.noblogs.org\/index.php?rest_route=\/wp\/v2\/users\/7045"}],"replies":[{"embeddable":true,"href":"https:\/\/vozcomoarma.noblogs.org\/index.php?rest_route=%2Fwp%2Fv2%2Fcomments&post=16585"}],"version-history":[{"count":3,"href":"https:\/\/vozcomoarma.noblogs.org\/index.php?rest_route=\/wp\/v2\/posts\/16585\/revisions"}],"predecessor-version":[{"id":16588,"href":"https:\/\/vozcomoarma.noblogs.org\/index.php?rest_route=\/wp\/v2\/posts\/16585\/revisions\/16588"}],"wp:attachment":[{"href":"https:\/\/vozcomoarma.noblogs.org\/index.php?rest_route=%2Fwp%2Fv2%2Fmedia&parent=16585"}],"wp:term":[{"taxonomy":"category","embeddable":true,"href":"https:\/\/vozcomoarma.noblogs.org\/index.php?rest_route=%2Fwp%2Fv2%2Fcategories&post=16585"},{"taxonomy":"post_tag","embeddable":true,"href":"https:\/\/vozcomoarma.noblogs.org\/index.php?rest_route=%2Fwp%2Fv2%2Ftags&post=16585"}],"curies":[{"name":"wp","href":"https:\/\/api.w.org\/{rel}","templated":true}]}}