{"id":16589,"date":"2017-05-26T13:57:50","date_gmt":"2017-05-26T11:57:50","guid":{"rendered":"https:\/\/vozcomoarma.noblogs.org\/?p=16589"},"modified":"2017-05-26T13:57:50","modified_gmt":"2017-05-26T11:57:50","slug":"gran-kafeta-griega-en-el-cso-la-enredadera-madrid","status":"publish","type":"post","link":"https:\/\/vozcomoarma.noblogs.org\/?p=16589","title":{"rendered":"Gran Kafeta Griega en el CSO La Enredadera (Madrid)"},"content":{"rendered":"<p align=\"justify\">Recibo en el correo electr\u00f3nico esta convocatoria para una cafeta griega en el CSO La Enredadera, en el barrio de Tetu\u00e1n, en Madrid, el pr\u00f3ximo 4 de junio:<\/p>\n<p align=\"justify\">&#8212;&#8212;&#8212;&#8212;&#8212;&#8212;&#8212;&#8212;&#8212;&#8212;&#8212;&#8212;&#8212;&#8212;-<\/p>\n<p align=\"justify\"><em>Tenemos el Placer de Invitaros a la Gran Cafeta Griega el Domingo 4 de Junio en La Enredadera<\/em><\/p>\n<p align=\"justify\"><em><strong>12 h<\/strong> Presentaci\u00f3n Gu\u00eda Legal sobre Fianzas y Debate-Reflexi\u00f3n sobre c\u00f3mo las encaramos<\/em><br \/>\n<em><strong>14 h<\/strong> Comedor 100% Vegetariano (Musaka y Baklav\u00e1)<\/em><br \/>\n<em><span lang=\"es-ES\">Y<\/span> <span lang=\"es-ES\">despu\u00e9s Jam-Session y Merendola!!!<\/span><\/em><\/p>\n<p align=\"justify\"><em>En C\/ Anastasio Herrero, 10 (Metro estrecho, salida Manuel Luna)<\/em><\/p>\n<p align=\"justify\"><em><a href=\"https:\/\/www.facebook.com\/enredadera.tetuan\">https:\/\/laenredaderadetetuan.wordpress.com\/<br \/>\nhttps:\/\/www.facebook.com\/enredadera.tetuan<\/a><\/em><\/p>\n<p align=\"justify\"><em>Dif\u00fandenos!!!<\/em><\/p>\n<p align=\"justify\"><a href=\"https:\/\/vozcomoarma.noblogs.org\/files\/2017\/05\/cafeta-griega-4-junio-enredadera.png\"><img loading=\"lazy\" decoding=\"async\" class=\"aligncenter wp-image-16590 size-full\" src=\"https:\/\/vozcomoarma.noblogs.org\/files\/2017\/05\/cafeta-griega-4-junio-enredadera.png\" alt=\"\" width=\"865\" height=\"600\" srcset=\"https:\/\/vozcomoarma.noblogs.org\/files\/2017\/05\/cafeta-griega-4-junio-enredadera.png 865w, https:\/\/vozcomoarma.noblogs.org\/files\/2017\/05\/cafeta-griega-4-junio-enredadera-300x208.png 300w, https:\/\/vozcomoarma.noblogs.org\/files\/2017\/05\/cafeta-griega-4-junio-enredadera-768x533.png 768w\" sizes=\"auto, (max-width: 865px) 100vw, 865px\" \/><\/a><\/p>\n","protected":false},"excerpt":{"rendered":"<p>Recibo en el correo electr\u00f3nico esta convocatoria para una cafeta griega en el CSO La Enredadera, en el barrio de Tetu\u00e1n, en Madrid, el pr\u00f3ximo 4 de junio: &#8212;&#8212;&#8212;&#8212;&#8212;&#8212;&#8212;&#8212;&#8212;&#8212;&#8212;&#8212;&#8212;&#8212;- Tenemos el Placer de Invitaros a la Gran Cafeta Griega el &hellip; <a href=\"https:\/\/vozcomoarma.noblogs.org\/?p=16589\">Sigue leyendo <span class=\"meta-nav\">&rarr;<\/span><\/a><\/p>\n","protected":false},"author":7045,"featured_media":0,"comment_status":"closed","ping_status":"open","sticky":false,"template":"","format":"standard","meta":{"footnotes":""},"categories":[1],"tags":[67,42,11],"class_list":["post-16589","post","type-post","status-publish","format-standard","hentry","category-general","tag-madrid","tag-movimientos-sociales","tag-solidaridad"],"_links":{"self":[{"href":"https:\/\/vozcomoarma.noblogs.org\/index.php?rest_route=\/wp\/v2\/posts\/16589","targetHints":{"allow":["GET"]}}],"collection":[{"href":"https:\/\/vozcomoarma.noblogs.org\/index.php?rest_route=\/wp\/v2\/posts"}],"about":[{"href":"https:\/\/vozcomoarma.noblogs.org\/index.php?rest_route=\/wp\/v2\/types\/post"}],"author":[{"embeddable":true,"href":"https:\/\/vozcomoarma.noblogs.org\/index.php?rest_route=\/wp\/v2\/users\/7045"}],"replies":[{"embeddable":true,"href":"https:\/\/vozcomoarma.noblogs.org\/index.php?rest_route=%2Fwp%2Fv2%2Fcomments&post=16589"}],"version-history":[{"count":1,"href":"https:\/\/vozcomoarma.noblogs.org\/index.php?rest_route=\/wp\/v2\/posts\/16589\/revisions"}],"predecessor-version":[{"id":16591,"href":"https:\/\/vozcomoarma.noblogs.org\/index.php?rest_route=\/wp\/v2\/posts\/16589\/revisions\/16591"}],"wp:attachment":[{"href":"https:\/\/vozcomoarma.noblogs.org\/index.php?rest_route=%2Fwp%2Fv2%2Fmedia&parent=16589"}],"wp:term":[{"taxonomy":"category","embeddable":true,"href":"https:\/\/vozcomoarma.noblogs.org\/index.php?rest_route=%2Fwp%2Fv2%2Fcategories&post=16589"},{"taxonomy":"post_tag","embeddable":true,"href":"https:\/\/vozcomoarma.noblogs.org\/index.php?rest_route=%2Fwp%2Fv2%2Ftags&post=16589"}],"curies":[{"name":"wp","href":"https:\/\/api.w.org\/{rel}","templated":true}]}}