{"id":16857,"date":"2017-06-14T13:15:18","date_gmt":"2017-06-14T11:15:18","guid":{"rendered":"https:\/\/vozcomoarma.noblogs.org\/?p=16857"},"modified":"2017-06-14T13:15:18","modified_gmt":"2017-06-14T11:15:18","slug":"francia-carta-del-preso-anarquista-damien-camelio","status":"publish","type":"post","link":"https:\/\/vozcomoarma.noblogs.org\/?p=16857","title":{"rendered":"Francia &#8211; Carta del preso anarquista Damien Camelio"},"content":{"rendered":"<p align=\"justify\"><a href=\"https:\/\/vozcomoarma.noblogs.org\/files\/2017\/06\/16110783.png\"><img loading=\"lazy\" decoding=\"async\" class=\"alignright wp-image-16858 size-medium\" src=\"https:\/\/vozcomoarma.noblogs.org\/files\/2017\/06\/16110783-300x260.png\" alt=\"\" width=\"300\" height=\"260\" srcset=\"https:\/\/vozcomoarma.noblogs.org\/files\/2017\/06\/16110783-300x260.png 300w, https:\/\/vozcomoarma.noblogs.org\/files\/2017\/06\/16110783.png 500w\" sizes=\"auto, (max-width: 300px) 100vw, 300px\" \/><\/a>Les compa\u00f1eres de <strong>Sin Banderas Ni Fronteras<\/strong> tradujeron y environ por e-mail esta carta p\u00fablica del compa\u00f1ero Damien Camelio, preso en Francia. Tambi\u00e9n a\u00f1aden una nota previa introduciendo la situaci\u00f3n y trayectoria del compa\u00f1ero.<\/p>\n<p align=\"justify\">&#8212;&#8212;&#8212;&#8212;&#8212;&#8212;&#8212;&#8212;&#8212;&#8211;<\/p>\n<p align=\"justify\"><em><strong>*Nota de Sin Banderas Ni Fronteras:<\/strong> Damien Camelio es un irreductible compa\u00f1ero an\u00e1rquico insurreccional de Francia. <\/em><em><strong><a href=\"https:\/\/vozcomoarma.noblogs.org\/?p=3161\">Fue detenido en 2014 por las acciones incendiarias del Grupo de Acci\u00f3n Directa Internacional (GADI)<\/a><\/strong><\/em><em>. Luego de ser condenado y salir a la calle <strong><a href=\"https:\/\/vozcomoarma.noblogs.org\/?p=14684\">vuelve a ser arrestado en diciembre de 2016<\/a><\/strong> acusado de da\u00f1os por los disturbios ocurridos en una manifestaci\u00f3n de abril de 2016. Fue condenado a 10 meses de prisi\u00f3n. En su carta hemos insertado notas para mejor comprensi\u00f3n de hechos y conceptos referidos por el compa\u00f1ero.*<\/em><\/p>\n<p align=\"justify\"><strong><em>CARTA DE DAMIEN<\/em><\/strong><\/p>\n<p align=\"justify\"><em>Es 18 de mayo, la fecha de mi libertad condicional, pero todav\u00eda estoy y estar\u00e9 en las mazmorras.<\/em><\/p>\n<p align=\"justify\"><em>La jueza Catherine Ardaillon, sindicalista de izquierda, activista en el tribunal de Evry y en la c\u00e1rcel de Fl\u00e9ury-M\u00e9rogis, ha decretado que de todos modos, para casos como el m\u00edo, es bueno que haya prisiones y, por lo tanto, la flexibilizaci\u00f3n de mi sentencia es algo que no ocurrir\u00e1.<\/em><\/p>\n<p align=\"justify\"><em>A diferencia de mi \u00faltima condena, no estoy bajo el yugo de la ley antiterrorista, pero en la pr\u00e1ctica todav\u00eda se me aplica.<\/em><\/p>\n<p align=\"justify\"><em>Es por eso que la solicitud de permiso para ir a una entrevista de trabajo (que no puede ser rechazada al final de una condena) (&#8230;) fue milagrosamente transformada en una simple solicitud de \u00a8permiso para mantener lazos familiares\u00a8, para que pudiera ser rechazada (&#8230;).<\/em><\/p>\n<p align=\"justify\"><em>Desde hace varias semanas, he sido objeto de numerosos allanamientos, en mi celda, en mi cuerpo, etc. No encontraron nada hasta que un informante (que debi\u00f3 estar muy cerca m\u00edo para dar una informaci\u00f3n tan precisa) les dijo d\u00f3nde estaba ocultando mis tarjetas SIM. As\u00ed que hace unos d\u00edas <\/em><em>encontraron 3 tarjetas SIM escondidas dentro de un paquete de peri\u00f3dicos nuevos. Estaban ocultas entre los peri\u00f3dicos en el fondo del embalaje. Durante la b\u00fasqueda, el carcelero reaccion\u00f3 de una manera que delat\u00f3 que ten\u00eda un informante: justo antes de la b\u00fasqueda, cuando vaci\u00e9 mis bolsillos antes de desvestirme, \u00e9l inmediatamente tom\u00f3 mis dos paquetes de peri\u00f3dicos a un lado, pero parec\u00eda desinteresado por el resto. Sab\u00eda que estaba hecho, y de hecho, al final de la b\u00fasqueda, me dijo: \u00ab\u00bfY aqu\u00ed, no hay nada?\u00bb Luego sac\u00f3 todas las p\u00e1ginas\u00a0 una por una hasta que aparecieron las tarjetas SIM.<\/em><\/p>\n<p align=\"justify\"><em>En los d\u00edas que siguieron, algunos de los prisioneros que tengo cerca han pasado por b\u00fasquedas similares.<\/em><\/p>\n<p align=\"justify\"><em>Ayer por la noche, el 17 de mayo, un escuadr\u00f3n de intervenci\u00f3n del ERIS [1] irrumpi\u00f3 en mi celda alrededor de las 8 pm. Para aquellxs que no est\u00e1n familiarizados con el ERIS, son escuadrones que reciben el mismo entrenamiento que el GIGN [2], GIPN [3] y RAID [4], sobreentrenados y equipados con diversas protecciones similares a las del CRS [5]: chalecos antibalas, escudos de pl\u00e1stico, capuchas debajo de sus cascos para que no puedan ser reconocidos, guantes reforzados, protectores de piernas, etc, etc. Normalmente est\u00e1n armados con bastones y balas de goma que disparan a punto de rango negro, por supuesto, ya que una celda no es mayor de 9 m\u00b2.<\/em><\/p>\n<p align=\"justify\"><em>En resumen, nos sorprendieron y nos arrojaron al pasillo, pegados a la pared con las manos sobre nuestras cabezas y luego esposados. Yo y mi co-detenido fuimos arrastrados a cuartos de cacheo separados. Por lo dem\u00e1s, conocemos la historia, cacheo con cuerpo desnudo, con la particularidad de que esta vez uno de ellos levant\u00f3 por la fuerza una de mis piernas para mantenerlas separadas lo m\u00e1s posible para que su colega que estaba en cuclillas pudiera mirar de mejor manera mi ano, con su linterna tan cerca de mi culo que pod\u00eda sentir el calor producido por el tubo.<\/em><\/p>\n<p align=\"justify\"><em>En ese momento me hizo pensar en lo que pas\u00f3 con Theo [6], pero no encontr\u00e9 nada mejor que decirle con un aire astuto: \u00ab\u00a1Bien, bastardo, est\u00e1s haciendo un buen trabajo!\u00bb. Pens\u00e1ndolo, fue un poco est\u00fapido decir eso, porque aunque quise ser ir\u00f3nico, empujar el entusiasmo hasta sabotear los fundamentos, no hay duda de que este bastardo realmente tuvo placer!<\/em><\/p>\n<p align=\"justify\"><em>Despu\u00e9s del strip-tease, nos arrojaron a la sala de espera. Hab\u00edan bloqueado las ventanas con hojas de papel pegadas al exterior, pero como una de ellas estaba un poco rota, pude ver lo que pasaba en el pasillo.<\/em><\/p>\n<p align=\"justify\"><em>Hab\u00eda un gran n\u00famero de personas: enfermeras, ERIS, todos los tenientes, el director, polic\u00edas vestidos de civil y el fiscal.<\/em><\/p>\n<p align=\"justify\"><em>Vaciaron completamente el contenido de la celda en cajas que cargaron en un cami\u00f3n para llevarlas al esc\u00e1ner. Entonces los vi entrar en la celda con perros. M\u00e1s tarde mis vecinos de celda me dijeron que incluso los oyeron desmontar partes de la celda con un destornillador.<\/em><\/p>\n<p align=\"justify\"><em>Mientras tanto, mi compa\u00f1ero de celda, que est\u00e1 lejos de ser un buen estratega, estaba tratando de romper todo, golpeando por todas partes y jugando al escondite acurruc\u00e1ndose justo debajo de las ventanas cuando levantaron el papel para ver qu\u00e9 estaba pasando. Bueno, por supuesto, el director orden\u00f3 al ERIS que lo llevara a aislamiento.<\/em><\/p>\n<p align=\"justify\"><em>En estos casos, prefiero ser lo m\u00e1s discreto posible para observar y escuchar todo lo que sucede y se dice, la gente presente, etc.<\/em><\/p>\n<p align=\"justify\"><em>Me dejaron solo en la sala de espera hasta la 1:30 AM. La b\u00fasqueda dur\u00f3 aproximadamente 5,5 horas.<\/em><\/p>\n<p align=\"justify\"><em>Cuando me sacaron de la sala de espera, realizaron una b\u00fasqueda bastante extra\u00f1a: \u00a1esta vez me registraron en la boca! Me pusieron la linterna para que pudieran ver y luego \u00abpon la lengua a la izquierda, arriba, derecha, abajo, extiende la mejilla con el dedo\u00bb, etc. Por un momento me pregunt\u00e9 si iban a llevarme al esc\u00e1ner a mi mismo esos idiotas!<\/em><\/p>\n<p align=\"justify\"><em>Entonces entend\u00ed: estaban buscando una tarjeta SIM. Las tres primeras que ya ten\u00edan, ten\u00edan que analizarlas y ver si hab\u00eda algo interesante que encontrar.<\/em><\/p>\n<p align=\"justify\"><em>Unas horas m\u00e1s tarde, el teniente confirm\u00f3 mis sospechas: durante la b\u00fasqueda encontraron 2 tel\u00e9fonos, un cargador y una SIM. El teniente me dijo que todo hab\u00eda sido enviado para ser analizada para determinar a qui\u00e9n pertenec\u00eda.<\/em><\/p>\n<p align=\"justify\"><em>Me hizo algunas preguntas y le dije que no sab\u00eda a qui\u00e9n pertenec\u00eda. \u00c9l no insisti\u00f3, algo que no me sorprendi\u00f3, porque sab\u00eda que el resultado del an\u00e1lisis ser\u00eda para mi parte negativo.<\/em><\/p>\n<p align=\"justify\"><em>\u00a1La celda era como Chernobyl! \u00a1Un verdadero basurero! \u00a1Algo que si no lo ve\u00edas con tus propios ojos no me creer\u00edas! Bueno, as\u00ed que limpi\u00e9 hasta las 7 de la ma\u00f1ana, luego dorm\u00ed un poco, luego termin\u00e9 de limpiar esta tarde antes de escribir esta carta.<\/em><\/p>\n<p align=\"justify\"><em>En realidad, no lograron encontrar algo concreto, y sin embargo, pusieron el paquete dentro. Pero eso no les impidi\u00f3 rechazar mi libertad condicional.<\/em><\/p>\n<p align=\"justify\"><em>Me di cuenta de eso hoy cuando pude llamar a mi novia.<\/em><\/p>\n<p align=\"justify\"><em>Tal vez el nuevo ministro de Justicia, el bastardo de Bayrou, recuerde el ataque a la iglesia de Pau, ciudad de la que es alcalde, realizado con un c\u00f3ctel Molotov y reivindicado por el GADI [7] en enero de 2014. Una acci\u00f3n y una c\u00e9lula por la cual reivindiqu\u00e9 responsabilidad y participaci\u00f3n despu\u00e9s de mi detenci\u00f3n bajo cargos de terrorismo.<\/em><\/p>\n<p align=\"justify\"><em>Puesto que no he dado ninguna noticia por mucho tiempo, recordar\u00e9 r\u00e1pidamente el sabotaje en los talleres de la prisi\u00f3n del cual me acusaron [8]. En cuanto al procedimiento judicial, que no era muy interesante, simplemente dir\u00eda que no pueden determinar qui\u00e9n es el responsable. Lo interesante es que el da\u00f1o econ\u00f3mico causado desde el interior de la prisi\u00f3n no fue despreciable. De hecho, muchos clientes de Post-it se han visto afectados en Noruega, Suecia, Holanda, Suiza, Austria, Francia e Inglaterra. Parece que la mercanc\u00eda entregada no era en algunos casos lo que se hab\u00eda ordenado, y en los otros casos estaba mal hecha y, por tanto, no pod\u00edan ser vendida.<\/em><\/p>\n<p align=\"justify\"><em>Es posible que, despu\u00e9s de los debates en torno al collage de carteles antielectorales que se pegaran en el patio [9], algunos prisioneros deseen poner en pr\u00e1ctica en el aqu\u00ed y ahora las propuestas anarquistas que surgieron de \u00e9l.<\/em><\/p>\n<p align=\"justify\"><em>Espero que esta carta no sea demasiado larga o demasiado aburrida para leer.<\/em><\/p>\n<p align=\"justify\"><em>He tratado de ser lo m\u00e1s preciso posible, porque es importante para m\u00ed que los compa\u00f1eros del exterior tengan toda la informaci\u00f3n.<\/em><\/p>\n<p align=\"justify\"><strong><em>Quiero saludar a lxs compa\u00f1erxs de Grecia y decir que el Proyecto Nemesis es una propuesta emocionante.<br \/>\n<\/em><em>\u00a1Un gui\u00f1o de solidaridad a Kara y Kr\u00e8m!<br \/>\n<\/em><a href=\"https:\/\/vozcomoarma.noblogs.org\/?p=16499\"><em>\u00a1Por un junio peligroso!<\/em><\/a><\/strong><\/p>\n<p align=\"justify\"><strong><em>Damien,<br \/>\n<\/em><\/strong><strong><em>Fleury-Merogis, en alg\u00fan lugar del mundo.<\/em><\/strong><\/p>\n<p align=\"justify\"><em><strong>PS:<\/strong> Todav\u00eda no he podido hacer p\u00fablico todo el procedimiento por el que estoy encarcelado, porque el Estado franc\u00e9s ha clasificado el expediente como seguridad interna, lo que significa que tengo que hacer una petici\u00f3n especial para tener acceso a \u00e9l. Puse la petici\u00f3n pero fue rechazada.<\/em><\/p>\n<p align=\"justify\"><strong><em>NOTAS:<\/em><\/strong><\/p>\n<p align=\"justify\"><em>[1] Equipos Regionales de Intervenci\u00f3n y Seguridad (ERIS): unidades de intervenci\u00f3n penitenciaria.<br \/>\n<\/em><em>[2] Grupo de Intervenci\u00f3n de la Gendarmer\u00eda Nacional (GIGN): unidades antiterroristas francesa, asiste a los gendarmes en arrestos de alto riesgo.<br \/>\n<\/em><em>[3] Grupos de Intervenci\u00f3n de la Polic\u00eda Nacional (GIPN): son unidades de \u00e9lite de la Polic\u00eda Nacional francesa. Act\u00faan en situaciones de extrema violencia, motines, secuestros, detenciones de alto riesgo o atentados terroristas<br \/>\n<\/em><em>[4] El RAID es una unidad de \u00e9lite de la polic\u00eda nacional francesa. Su nombre tiene que ver con Recherche, assistance, intervention, dissuasion (Investigaci\u00f3n, asistencia, intervenci\u00f3n, disuasi\u00f3n). La palabra \u00ab raid \u00bb designa tambi\u00e9n un asalto militar.<br \/>\n<\/em><em>[5] Compa\u00f1\u00edas Republicanas de Seguridad (CRS): fuerzas de seguridad de la Polic\u00eda Nacional francesa.<br \/>\n<\/em><em>[6] Se refiere a Theo, joven franc\u00e9s de origen africano de 22 a\u00f1os hospitalizado de gravedad en febrero de 2017 por las heridas en el recto que le caus\u00f3 un polic\u00eda con su porra reglamentaria durante un control en un distrito marginal de la periferia de Par\u00eds, hecho que fue sucedido de intensos disturbios en varias ciudades francesas.<br \/>\n<\/em><em>[7] Se refiera al ataque incendiario a la Iglesia de la Ciencia Cristiana, en febrero de 2014, accion reivindicada por el Grupo de Acci\u00f3n Directa Internacional (GADI).<br \/>\n<\/em><em>[8] En abril de este a\u00f1o se report\u00f3 que Damien fue procesado dentro de la prisi\u00f3n por una serie de sabotajes realizados por presos que trabajaban al interior de la c\u00e1rcel, en donde da\u00f1aron y desordenaron las mercanc\u00edas que deb\u00edan empacar para empresas multinacionales.<br \/>\n<\/em><em>[9] Se refiere a otra investigaci\u00f3n abierta contra Damien dentro de la prisi\u00f3n luego de que pegara afiches en el patio de la c\u00e1rcel agitando en contra de las \u00faltimas elecciones presidenciales en Francia.<\/em><\/p>\n","protected":false},"excerpt":{"rendered":"<p>Les compa\u00f1eres de Sin Banderas Ni Fronteras tradujeron y environ por e-mail esta carta p\u00fablica del compa\u00f1ero Damien Camelio, preso en Francia. Tambi\u00e9n a\u00f1aden una nota previa introduciendo la situaci\u00f3n y trayectoria del compa\u00f1ero. &#8212;&#8212;&#8212;&#8212;&#8212;&#8212;&#8212;&#8212;&#8212;&#8211; *Nota de Sin Banderas Ni &hellip; <a href=\"https:\/\/vozcomoarma.noblogs.org\/?p=16857\">Sigue leyendo <span class=\"meta-nav\">&rarr;<\/span><\/a><\/p>\n","protected":false},"author":7045,"featured_media":0,"comment_status":"closed","ping_status":"open","sticky":false,"template":"","format":"standard","meta":{"footnotes":""},"categories":[162,61,9,7],"tags":[17,54,24,19,10,11,71],"class_list":["post-16857","post","type-post","status-publish","format-standard","hentry","category-damien-camelio","category-noticias","category-noticias-y-comunicados","category-presxs","tag-carcel","tag-francia","tag-reflexion","tag-represion","tag-sabotaje","tag-solidaridad","tag-tortura"],"_links":{"self":[{"href":"https:\/\/vozcomoarma.noblogs.org\/index.php?rest_route=\/wp\/v2\/posts\/16857","targetHints":{"allow":["GET"]}}],"collection":[{"href":"https:\/\/vozcomoarma.noblogs.org\/index.php?rest_route=\/wp\/v2\/posts"}],"about":[{"href":"https:\/\/vozcomoarma.noblogs.org\/index.php?rest_route=\/wp\/v2\/types\/post"}],"author":[{"embeddable":true,"href":"https:\/\/vozcomoarma.noblogs.org\/index.php?rest_route=\/wp\/v2\/users\/7045"}],"replies":[{"embeddable":true,"href":"https:\/\/vozcomoarma.noblogs.org\/index.php?rest_route=%2Fwp%2Fv2%2Fcomments&post=16857"}],"version-history":[{"count":1,"href":"https:\/\/vozcomoarma.noblogs.org\/index.php?rest_route=\/wp\/v2\/posts\/16857\/revisions"}],"predecessor-version":[{"id":16859,"href":"https:\/\/vozcomoarma.noblogs.org\/index.php?rest_route=\/wp\/v2\/posts\/16857\/revisions\/16859"}],"wp:attachment":[{"href":"https:\/\/vozcomoarma.noblogs.org\/index.php?rest_route=%2Fwp%2Fv2%2Fmedia&parent=16857"}],"wp:term":[{"taxonomy":"category","embeddable":true,"href":"https:\/\/vozcomoarma.noblogs.org\/index.php?rest_route=%2Fwp%2Fv2%2Fcategories&post=16857"},{"taxonomy":"post_tag","embeddable":true,"href":"https:\/\/vozcomoarma.noblogs.org\/index.php?rest_route=%2Fwp%2Fv2%2Ftags&post=16857"}],"curies":[{"name":"wp","href":"https:\/\/api.w.org\/{rel}","templated":true}]}}