{"id":16950,"date":"2017-06-20T15:02:33","date_gmt":"2017-06-20T13:02:33","guid":{"rendered":"https:\/\/vozcomoarma.noblogs.org\/?p=16950"},"modified":"2017-06-22T14:56:53","modified_gmt":"2017-06-22T12:56:53","slug":"chile-bombas-de-ruido-coordinadas-por-el-fla-y-el-flt-en-santiago-y-la-provincia-de-arauco","status":"publish","type":"post","link":"https:\/\/vozcomoarma.noblogs.org\/?p=16950","title":{"rendered":"Chile &#8211; Bombas de ru\u00eddo coordinadas por el FLA y el FLT en Santiago y la Provincia de Arauco"},"content":{"rendered":"<p align=\"justify\"><a href=\"https:\/\/vozcomoarma.noblogs.org\/files\/2017\/06\/32304d364b3be171184aefa8d1ebe15c.jpg\"><img loading=\"lazy\" decoding=\"async\" class=\"size-medium wp-image-16953 alignright\" src=\"https:\/\/vozcomoarma.noblogs.org\/files\/2017\/06\/32304d364b3be171184aefa8d1ebe15c-300x300.jpg\" alt=\"\" width=\"300\" height=\"300\" srcset=\"https:\/\/vozcomoarma.noblogs.org\/files\/2017\/06\/32304d364b3be171184aefa8d1ebe15c-300x300.jpg 300w, https:\/\/vozcomoarma.noblogs.org\/files\/2017\/06\/32304d364b3be171184aefa8d1ebe15c.jpg 550w\" sizes=\"auto, (max-width: 300px) 100vw, 300px\" \/><\/a>Recibo en el correo electr\u00f3nico y difundo este comunicado reivindicando acciones por la liberaci\u00f3n animal y de la tierra en las regiones de Santiago y Arauco, en Chile. Las acciones son asumidas por sendos grupos del Frente de Liberaci\u00f3n Animal y el Frente de Liberaci\u00f3n de la Tierra:<\/p>\n<p align=\"justify\">&#8212;&#8212;&#8212;&#8212;&#8212;&#8212;&#8212;&#8212;&#8212;&#8212;&#8212;&#8211;<\/p>\n<p align=\"justify\"><em><strong>Bombas de ruido coordinadas por el FLA y el FLT en Santiago y la Provincia de Arauco<\/strong><\/em><\/p>\n<p align=\"justify\"><em>Abrazando la lucha por la Liberaci\u00f3n Total, continuamos\u2026<\/em><\/p>\n<p align=\"justify\"><em>Desde nuestra perspectiva y praxis deseamos generar complicidades y coordinaciones informales para el ataque. Ataque antiautoritario, entre afines, c\u00f3mplices, el cual ah sido demostrado desde hace ya un tiempo en el territorio chileno con sabotajes a baja escala.<\/em><\/p>\n<p align=\"justify\"><em>Por supuesto queremos que m\u00e1s hermanxs tomen la palabra y la acci\u00f3n en nombre del FLA y el FLT, solo es cuesti\u00f3n de decidirse, aqu\u00ed nadie es due\u00f1o de nada, todxs podemos hacerlo.<\/em><\/p>\n<p align=\"justify\"><em>Hoy reivindicamos nuevas acciones por la Liberaci\u00f3n Animal y de la Tierra. Bombas de ruido coordinadas el d\u00eda 11 de Junio frente a una carnicer\u00eda en Santiago y una empresa Forestal Arauco, m\u00e1s propaganda en la Provincia de Arauco. Estos son peque\u00f1os mensajes contra carnicerxs y depredadores del entorno natural, en nuestra mira se encuentran bastardxs.<\/em><\/p>\n<p align=\"justify\"><strong><em>Lxs traviesxs del Frente de Liberaci\u00f3n no se detienen con nada.<br \/>\n<\/em><\/strong><strong><em>Fuerza Awki\u00f1! Todo contin\u00faa\u2026<\/em><\/strong><\/p>\n<p align=\"justify\"><strong><em>Frente de Liberaci\u00f3n Animal<br \/>\n<\/em><\/strong><strong><em>Frente de Liberaci\u00f3n de la Tierra<\/em><\/strong><\/p>\n<p align=\"justify\"><em>* * *<\/em><\/p>\n<p align=\"justify\"><em>Nota: Awki\u00f1 es un compa\u00f1erx anarquista de origen chileno que se encuentra actualmente en clandestinidad. Pueden ver sus textos aqu\u00ed:<\/em><\/p>\n<p align=\"justify\"><em>a:<a href=\"https:\/\/es-contrainfo.espiv.net\/2016\/05\/29\/chile-sobre-nuevas-aventuras-comunicado-desde-la-clandestinidad\/\">https:\/\/es-contrainfo.espiv.net\/2016\/05\/29\/chile-sobre-nuevas-aventuras-comunicado-desde-la-clandestinidad\/<\/a><\/em><\/p>\n<p align=\"justify\"><em>b:<a href=\"https:\/\/es-contrainfo.espiv.net\/2017\/06\/14\/desde-algun-lugar-a-mas-de-un-ano-del-comienzo-de-mi-clandestinidad-la-guerra-continua\/\">https:\/\/es-contrainfo.espiv.net\/2017\/06\/14\/desde-algun-lugar-a-mas-de-un-ano-del-comienzo-de-mi-clandestinidad-la-guerra-continua\/<\/a><\/em><\/p>\n<p align=\"justify\"><a href=\"https:\/\/vozcomoarma.noblogs.org\/files\/2017\/06\/01-PROV.-ARAUCO.jpg\"><img loading=\"lazy\" decoding=\"async\" class=\"aligncenter wp-image-16985 size-full\" src=\"https:\/\/vozcomoarma.noblogs.org\/files\/2017\/06\/01-PROV.-ARAUCO.jpg\" alt=\"\" width=\"607\" height=\"450\" srcset=\"https:\/\/vozcomoarma.noblogs.org\/files\/2017\/06\/01-PROV.-ARAUCO.jpg 607w, https:\/\/vozcomoarma.noblogs.org\/files\/2017\/06\/01-PROV.-ARAUCO-300x222.jpg 300w\" sizes=\"auto, (max-width: 607px) 100vw, 607px\" \/><\/a> <a href=\"https:\/\/vozcomoarma.noblogs.org\/files\/2017\/06\/02-PROV.-ARAUCO.jpg\"><img loading=\"lazy\" decoding=\"async\" class=\"size-medium wp-image-16986 aligncenter\" src=\"https:\/\/vozcomoarma.noblogs.org\/files\/2017\/06\/02-PROV.-ARAUCO-300x225.jpg\" alt=\"\" width=\"300\" height=\"225\" srcset=\"https:\/\/vozcomoarma.noblogs.org\/files\/2017\/06\/02-PROV.-ARAUCO-300x225.jpg 300w, https:\/\/vozcomoarma.noblogs.org\/files\/2017\/06\/02-PROV.-ARAUCO.jpg 601w\" sizes=\"auto, (max-width: 300px) 100vw, 300px\" \/><\/a><\/p>\n","protected":false},"excerpt":{"rendered":"<p>Recibo en el correo electr\u00f3nico y difundo este comunicado reivindicando acciones por la liberaci\u00f3n animal y de la tierra en las regiones de Santiago y Arauco, en Chile. Las acciones son asumidas por sendos grupos del Frente de Liberaci\u00f3n Animal &hellip; <a href=\"https:\/\/vozcomoarma.noblogs.org\/?p=16950\">Sigue leyendo <span class=\"meta-nav\">&rarr;<\/span><\/a><\/p>\n","protected":false},"author":7045,"featured_media":0,"comment_status":"closed","ping_status":"open","sticky":false,"template":"","format":"standard","meta":{"footnotes":""},"categories":[58,61,9],"tags":[47,39,78,30,16,26,10,11],"class_list":["post-16950","post","type-post","status-publish","format-standard","hentry","category-acciones","category-noticias","category-noticias-y-comunicados","tag-anti-desarrollismo","tag-anti-especismo","tag-chile","tag-critica-anti-industrial","tag-guerra-social","tag-insurreccionalismo","tag-sabotaje","tag-solidaridad"],"_links":{"self":[{"href":"https:\/\/vozcomoarma.noblogs.org\/index.php?rest_route=\/wp\/v2\/posts\/16950","targetHints":{"allow":["GET"]}}],"collection":[{"href":"https:\/\/vozcomoarma.noblogs.org\/index.php?rest_route=\/wp\/v2\/posts"}],"about":[{"href":"https:\/\/vozcomoarma.noblogs.org\/index.php?rest_route=\/wp\/v2\/types\/post"}],"author":[{"embeddable":true,"href":"https:\/\/vozcomoarma.noblogs.org\/index.php?rest_route=\/wp\/v2\/users\/7045"}],"replies":[{"embeddable":true,"href":"https:\/\/vozcomoarma.noblogs.org\/index.php?rest_route=%2Fwp%2Fv2%2Fcomments&post=16950"}],"version-history":[{"count":4,"href":"https:\/\/vozcomoarma.noblogs.org\/index.php?rest_route=\/wp\/v2\/posts\/16950\/revisions"}],"predecessor-version":[{"id":16987,"href":"https:\/\/vozcomoarma.noblogs.org\/index.php?rest_route=\/wp\/v2\/posts\/16950\/revisions\/16987"}],"wp:attachment":[{"href":"https:\/\/vozcomoarma.noblogs.org\/index.php?rest_route=%2Fwp%2Fv2%2Fmedia&parent=16950"}],"wp:term":[{"taxonomy":"category","embeddable":true,"href":"https:\/\/vozcomoarma.noblogs.org\/index.php?rest_route=%2Fwp%2Fv2%2Fcategories&post=16950"},{"taxonomy":"post_tag","embeddable":true,"href":"https:\/\/vozcomoarma.noblogs.org\/index.php?rest_route=%2Fwp%2Fv2%2Ftags&post=16950"}],"curies":[{"name":"wp","href":"https:\/\/api.w.org\/{rel}","templated":true}]}}