{"id":16977,"date":"2017-06-21T17:16:31","date_gmt":"2017-06-21T15:16:31","guid":{"rendered":"https:\/\/vozcomoarma.noblogs.org\/?p=16977"},"modified":"2017-06-25T14:15:13","modified_gmt":"2017-06-25T12:15:13","slug":"audio-charlas-del-i-encuentro-anarquista-contra-el-sistema-tecno-industrial-y-su-mundo-madrid","status":"publish","type":"post","link":"https:\/\/vozcomoarma.noblogs.org\/?p=16977","title":{"rendered":"[Audio] Charlas del I Encuentro Anarquista contra el Sistema Tecno-Industrial y su Mundo (Madrid)"},"content":{"rendered":"<p align=\"justify\">En los \u00faltimos d\u00edas del pasado mes de mayo, el CSO La Gatonera de Madrid acogi\u00f3 el<strong><a href=\"https:\/\/contratodanocividad.noblogs.org\/\"> I Encuentro Anarquista contra el Sistema Tecno-Industrial y su Mundo<\/a><\/strong>, unas jornadas de 3 d\u00edas con la intenci\u00f3n de crear un espacio para la discusi\u00f3n y encuentro de posturas alrededor de la lucha contra la civilizaci\u00f3n tecno-industrial y sus distintas expresiones y formas de dominaci\u00f3n. Adem\u00e1s del espacio para distribuidoras donde se dieron cita distintos proyectos de edici\u00f3n o difusi\u00f3n de propaganda antiautoritaria llegados desde distintos puntos del estado, el encuentro incluy\u00f3 varias charlas y actividades donde se tocaron tem\u00e1ticas que van desde la lucha contra la miner\u00eda a cielo abierto en Asturies y m\u00e1s all\u00e1 hasta la convergencia de las distintas tecnolog\u00edas del dominio (biotecnolog\u00eda, nanotecnolog\u00eda, biometr\u00eda y videovigilancia, Internet y telecomunicaciones&#8230;) para crear un sistema monstruoso orientado al control absoluto; desde la nueva transgenia y la manipulaci\u00f3n gen\u00e9tica usada como forma de control sobre los alimentos pero tambi\u00e9n sobre les individues humanes y no-humanes y sus cuerpos hasta el intento de ataque con explosivos llevado a cabo sin \u00e9xito contra unas instalaciones en construcci\u00f3n de un laboratorio de nanotecnolog\u00eda de la multinacional IBM llevado a cabo por tres anarquistas en Su\u00edza hace a\u00f1os, a cargo del compa Constantino Ragusa, \u00abCosta\u00bb, una de las personas que participaron en la acci\u00f3n y que estuvieron presas por ello.<\/p>\n<p align=\"justify\">Ahora, les compa\u00f1eres organizadores han empezado a publicar en su blog los archivos de audio de las diferentes charlas, que fueron grabadas para permitir su difusi\u00f3n a compa\u00f1eres que por razones de distancia o de falta de disponibilidad no pudieron asistir.<\/p>\n<p align=\"justify\">A continuaci\u00f3n, difundo las charlas disponibles hasta ahora, esperando a que se vayan subiendo las dem\u00e1s.<\/p>\n<p align=\"justify\">Para personas torpes con la inform\u00e1tica, para descargarlas y poder escucharlas offline cuando quer\u00e1is, click en la flechita al lado del icono que dice \u00abShare\u00bb.<\/p>\n<p align=\"justify\"><strong><em>La creaci\u00f3n de una sociedad artificial y tecno-totalitaria mediante la convergencia de las diferentes ciencias (a cargo de Constantino Ragusa)<br \/>\n<\/em><\/strong><\/p>\n<p style=\"text-align: center\" align=\"justify\"><iframe loading=\"lazy\" width=\"100%\" height=\"166\" scrolling=\"no\" frameborder=\"no\" src=\"https:\/\/w.soundcloud.com\/player?url=https%3A%2F%2Fapi.soundcloud.com%2Ftracks%2F328975710&player_height=&player_height_multi=&player_width=&player_type=visual&color=ff5500&auto_play=false&show_comments=true&show_user=true&buying=&sharing=&download=&show_artwork=&show_playcount=&hide_related=false\"><\/iframe><\/p>\n<p align=\"justify\"><strong><em>Solidaridad y complicidad. En torno a la tentativa de ataque a IBM (a cargo de Constantino Ragusa)<\/em><\/strong><\/p>\n<p style=\"text-align: center\" align=\"justify\"><iframe loading=\"lazy\" width=\"100%\" height=\"166\" scrolling=\"no\" frameborder=\"no\" src=\"https:\/\/w.soundcloud.com\/player?url=https%3A%2F%2Fapi.soundcloud.com%2Ftracks%2F328977161&player_height=&player_height_multi=&player_width=&player_type=visual&color=ff5500&auto_play=false&show_comments=true&show_user=true&buying=&sharing=&download=&show_artwork=&show_playcount=&hide_related=false\"><\/iframe><\/p>\n<p align=\"justify\"><strong><em>La nueva transgenia. La edici\u00f3n de genes, una herramienta de dominaci\u00f3n hacia el control de la vida<\/em>\u00a0<em>(a cargo de compa\u00f1eros de MOAI, colectivo de an\u00e1lisis y\u00a0 cr\u00edtica de la sociedad tecno-industrial<\/em><\/strong><strong><em>)<\/em><br \/>\n<\/strong><\/p>\n<p style=\"text-align: center\" align=\"justify\"><iframe loading=\"lazy\" width=\"100%\" height=\"166\" scrolling=\"no\" frameborder=\"no\" src=\"https:\/\/w.soundcloud.com\/player?url=https%3A%2F%2Fapi.soundcloud.com%2Ftracks%2F328974451&player_height=&player_height_multi=&player_width=&player_type=visual&color=ff5500&auto_play=false&show_comments=true&show_user=true&buying=&sharing=&download=&show_artwork=&show_playcount=&hide_related=false\"><\/iframe><\/p>\n<p align=\"justify\"><strong><em>La lucha contra la miner\u00eda a cielo abierto en Asturias (a cargo de una compa\u00f1era de la Asociaci\u00f3n Cambalache)<\/em><\/strong><\/p>\n<audio class=\"wp-audio-shortcode\" id=\"audio-16977-1\" preload=\"none\" style=\"width: 100%;\" controls=\"controls\"><source type=\"audio\/mpeg\" src=\"https:\/\/www.ivoox.com\/mineria-a-cielo-abierto_md_19049416_wp_1.mp3?_=1\" \/><a href=\"https:\/\/www.ivoox.com\/mineria-a-cielo-abierto_md_19049416_wp_1.mp3\">https:\/\/www.ivoox.com\/mineria-a-cielo-abierto_md_19049416_wp_1.mp3<\/a><\/audio>\n<p align=\"justify\">\n","protected":false},"excerpt":{"rendered":"<p>En los \u00faltimos d\u00edas del pasado mes de mayo, el CSO La Gatonera de Madrid acogi\u00f3 el I Encuentro Anarquista contra el Sistema Tecno-Industrial y su Mundo, unas jornadas de 3 d\u00edas con la intenci\u00f3n de crear un espacio para &hellip; <a href=\"https:\/\/vozcomoarma.noblogs.org\/?p=16977\">Sigue leyendo <span class=\"meta-nav\">&rarr;<\/span><\/a><\/p>\n","protected":false},"author":7045,"featured_media":0,"comment_status":"closed","ping_status":"open","sticky":false,"template":"","format":"standard","meta":{"footnotes":""},"categories":[161],"tags":[47,39,30,16,67,42,24,19],"class_list":["post-16977","post","type-post","status-publish","format-standard","hentry","category-audio","tag-anti-desarrollismo","tag-anti-especismo","tag-critica-anti-industrial","tag-guerra-social","tag-madrid","tag-movimientos-sociales","tag-reflexion","tag-represion"],"_links":{"self":[{"href":"https:\/\/vozcomoarma.noblogs.org\/index.php?rest_route=\/wp\/v2\/posts\/16977","targetHints":{"allow":["GET"]}}],"collection":[{"href":"https:\/\/vozcomoarma.noblogs.org\/index.php?rest_route=\/wp\/v2\/posts"}],"about":[{"href":"https:\/\/vozcomoarma.noblogs.org\/index.php?rest_route=\/wp\/v2\/types\/post"}],"author":[{"embeddable":true,"href":"https:\/\/vozcomoarma.noblogs.org\/index.php?rest_route=\/wp\/v2\/users\/7045"}],"replies":[{"embeddable":true,"href":"https:\/\/vozcomoarma.noblogs.org\/index.php?rest_route=%2Fwp%2Fv2%2Fcomments&post=16977"}],"version-history":[{"count":5,"href":"https:\/\/vozcomoarma.noblogs.org\/index.php?rest_route=\/wp\/v2\/posts\/16977\/revisions"}],"predecessor-version":[{"id":17042,"href":"https:\/\/vozcomoarma.noblogs.org\/index.php?rest_route=\/wp\/v2\/posts\/16977\/revisions\/17042"}],"wp:attachment":[{"href":"https:\/\/vozcomoarma.noblogs.org\/index.php?rest_route=%2Fwp%2Fv2%2Fmedia&parent=16977"}],"wp:term":[{"taxonomy":"category","embeddable":true,"href":"https:\/\/vozcomoarma.noblogs.org\/index.php?rest_route=%2Fwp%2Fv2%2Fcategories&post=16977"},{"taxonomy":"post_tag","embeddable":true,"href":"https:\/\/vozcomoarma.noblogs.org\/index.php?rest_route=%2Fwp%2Fv2%2Ftags&post=16977"}],"curies":[{"name":"wp","href":"https:\/\/api.w.org\/{rel}","templated":true}]}}