{"id":1704,"date":"2013-11-13T01:57:14","date_gmt":"2013-11-13T00:57:14","guid":{"rendered":"http:\/\/vozcomoarma.noblogs.org\/?p=1704"},"modified":"2013-11-13T01:58:53","modified_gmt":"2013-11-13T00:58:53","slug":"fanzine-boletin-informativo-de-la-campana-carcel-tortura-para-los-meses-de-octubre-y-noviembre","status":"publish","type":"post","link":"https:\/\/vozcomoarma.noblogs.org\/?p=1704","title":{"rendered":"[Fanzine] Bolet\u00edn informativo de la campa\u00f1a C\u00e1rcel = Tortura para los meses de octubre y noviembre."},"content":{"rendered":"<p style=\"text-align: justify\">Recibo en el correo electr\u00f3nico el \u00faltimo bolet\u00edn informativo de la campa\u00f1a C\u00e1rcel = Tortura mediante la cual presos y presas de todo el Estado conjugan sus esfuerzos con solidarixs en el exterior para combatir y denunciar los malos tratos y los abusos cometidos diariamente y con total impunidad sobre las personas presas en las c\u00e1rceles del Estado espa\u00f1ol.<\/p>\n<p style=\"text-align: justify\">Para leer\/descargar click <a href=\"https:\/\/vozcomoarma.noblogs.org\/files\/2013\/11\/BOLET\u00cdN-INFORMATIVO-FINAL_.pdf\">AQU\u00cd<\/a>.<\/p>\n<p style=\"text-align: justify\"><a href=\"https:\/\/vozcomoarma.noblogs.org\/files\/2013\/11\/Portada-bolet\u00edn-C\u00e1rcel-Tortura-octubre-noviembre.png\"><img loading=\"lazy\" decoding=\"async\" class=\"aligncenter size-full wp-image-1706\" alt=\"Portada bolet\u00edn C\u00e1rcel = Tortura octubre-noviembre\" src=\"https:\/\/vozcomoarma.noblogs.org\/files\/2013\/11\/Portada-bolet\u00edn-C\u00e1rcel-Tortura-octubre-noviembre.png\" width=\"455\" height=\"641\" srcset=\"https:\/\/vozcomoarma.noblogs.org\/files\/2013\/11\/Portada-bolet\u00edn-C\u00e1rcel-Tortura-octubre-noviembre.png 455w, https:\/\/vozcomoarma.noblogs.org\/files\/2013\/11\/Portada-bolet\u00edn-C\u00e1rcel-Tortura-octubre-noviembre-212x300.png 212w\" sizes=\"auto, (max-width: 455px) 100vw, 455px\" \/><\/a><\/p>\n","protected":false},"excerpt":{"rendered":"<p>Recibo en el correo electr\u00f3nico el \u00faltimo bolet\u00edn informativo de la campa\u00f1a C\u00e1rcel = Tortura mediante la cual presos y presas de todo el Estado conjugan sus esfuerzos con solidarixs en el exterior para combatir y denunciar los malos tratos &hellip; <a href=\"https:\/\/vozcomoarma.noblogs.org\/?p=1704\">Sigue leyendo <span class=\"meta-nav\">&rarr;<\/span><\/a><\/p>\n","protected":false},"author":7045,"featured_media":0,"comment_status":"closed","ping_status":"open","sticky":false,"template":"","format":"standard","meta":{"footnotes":""},"categories":[60,4],"tags":[17,16,42,24,19,11,71],"class_list":["post-1704","post","type-post","status-publish","format-standard","hentry","category-fanzines-y-revistas","category-publicaciones","tag-carcel","tag-guerra-social","tag-movimientos-sociales","tag-reflexion","tag-represion","tag-solidaridad","tag-tortura"],"_links":{"self":[{"href":"https:\/\/vozcomoarma.noblogs.org\/index.php?rest_route=\/wp\/v2\/posts\/1704","targetHints":{"allow":["GET"]}}],"collection":[{"href":"https:\/\/vozcomoarma.noblogs.org\/index.php?rest_route=\/wp\/v2\/posts"}],"about":[{"href":"https:\/\/vozcomoarma.noblogs.org\/index.php?rest_route=\/wp\/v2\/types\/post"}],"author":[{"embeddable":true,"href":"https:\/\/vozcomoarma.noblogs.org\/index.php?rest_route=\/wp\/v2\/users\/7045"}],"replies":[{"embeddable":true,"href":"https:\/\/vozcomoarma.noblogs.org\/index.php?rest_route=%2Fwp%2Fv2%2Fcomments&post=1704"}],"version-history":[{"count":3,"href":"https:\/\/vozcomoarma.noblogs.org\/index.php?rest_route=\/wp\/v2\/posts\/1704\/revisions"}],"predecessor-version":[{"id":1709,"href":"https:\/\/vozcomoarma.noblogs.org\/index.php?rest_route=\/wp\/v2\/posts\/1704\/revisions\/1709"}],"wp:attachment":[{"href":"https:\/\/vozcomoarma.noblogs.org\/index.php?rest_route=%2Fwp%2Fv2%2Fmedia&parent=1704"}],"wp:term":[{"taxonomy":"category","embeddable":true,"href":"https:\/\/vozcomoarma.noblogs.org\/index.php?rest_route=%2Fwp%2Fv2%2Fcategories&post=1704"},{"taxonomy":"post_tag","embeddable":true,"href":"https:\/\/vozcomoarma.noblogs.org\/index.php?rest_route=%2Fwp%2Fv2%2Ftags&post=1704"}],"curies":[{"name":"wp","href":"https:\/\/api.w.org\/{rel}","templated":true}]}}