{"id":1710,"date":"2013-11-16T01:51:43","date_gmt":"2013-11-16T00:51:43","guid":{"rendered":"http:\/\/vozcomoarma.noblogs.org\/?p=1710"},"modified":"2013-11-16T01:51:18","modified_gmt":"2013-11-16T00:51:18","slug":"5-detenidxs-en-barcelona-acusadxs-de-integrar-el-presunto-comando-mateo-morral","status":"publish","type":"post","link":"https:\/\/vozcomoarma.noblogs.org\/?p=1710","title":{"rendered":"5 detenidxs en Barcelona acusadxs de integrar el presunto Comando Mateo Morral."},"content":{"rendered":"<p style=\"text-align: justify\">Muchas cosas se han dicho dentro y fuera de los \u00e1mbitos anarquistas acerca de los dos ataques reivindicados como Comando Mateo Morral y que apuntaron a la Catedral de la Almudena de Madrid y a la Bas\u00edlica del pilar en Zaragoza. Hay quien cree que las acciones, efectivamente, son cosa de anarquistas, pero que tanto sus comunicados y discurso como los objetivos escogidos denotan una falta de an\u00e1lisis y de seriedad notables. Tambi\u00e9n hay quien opina que se trata de una falsa bandera, es decir, ataques perpetrados por la propia polic\u00eda para justificar su represi\u00f3n. En cualquier caso, era de esperar una reacci\u00f3n represiva y si bien yo tambi\u00e9n tengo mis serias dudas sobre qu\u00e9 o qui\u00e9nes se encuentran tras estos ataques explosivos creo que en el anarquismo ib\u00e9rico, una vez m\u00e1s, se ha pecado de desconfianza, recurriendo al t\u00f3pico de que estas acciones \u00abatraen la represi\u00f3n\u00bb en cuanto alguien, por fin, ha hecho praxis tanto discurso insurrecto. La represi\u00f3n no es algo generado por las acciones sino que se encuentra presente de forma permanente y golpea no s\u00f3lo cuando alguien se atreve a\u00a0 golpear al sistema frontalmente y de manera destructiva sino tambi\u00e9n cuando otras luchas no basadas en el enfrentamiento directo alcanzan cierto grado de \u00abpopularidad\u00bb, de incidencia social, y se convierten por tanto en una amenaza real para la suma verdad con la que lxs representantes de este sistema manipulan la realidad entre pantallas para perpetuar su status-quo. Naturalmente que las acciones de ataque generan una reacci\u00f3n represiva, pero no tiene sentido marcar el ritmo de nuestros sue\u00f1os al comp\u00e1s que se nos impone con montajes y vigilancia.<\/p>\n<p style=\"text-align: justify\">Hecha la reflexi\u00f3n, llegaba ayer la triste noticia de que al menos 5 compa\u00f1erxs habr\u00edan sido detenidxs en Barcelona siendo alrededor de las 2:50 horas del mi\u00e9rcoles. Dos de ellxs est\u00e1n acusadxs de formar parte del Comando Mateo Morral y lxs otrxs tres de colaborar con el mismo. Por lo que se sabe lxs dos compa\u00f1erxs detenidxs y acusadxs de integrar ese supuesto grupo son de origen chileno. Adem\u00e1s, entre lxs otrxs tres habr\u00eda una compa\u00f1era italiana, as\u00ed como otras dos personas detenidas y que convivir\u00edan con ella en el mismo domicilio.<\/p>\n<p style=\"text-align: justify\">En concreto, a lxs dos compa\u00f1erxs chilenxs se les acusa de estar detr\u00e1s del ataque a la bas\u00edlica del pilar en Zaragoza, a donde, seg\u00fan las \u00abtan fiables\u00bb fuentes policiales habr\u00edan acudido en transporte p\u00fablico portando el explosivo en una bolsa. Por lo visto, lxs cinco detenidxs habr\u00edan tenido que declarar hoy, viernes 15 de noviembre, ante el juez de guardia de la Audiencia Nacional acusadxs de un delito de estragos terroristas. No obstante, el juez pospuso hasta el domingo 17 la audiencia dado que la secci\u00f3n \u00abanti-terrorista\u00bb (terrorista de Estado) solicit\u00f3 una pr\u00f3rroga de 48 horas para su plazo investigativo con el supuesto objetivo de analizar lo que se encontr\u00f3 en el apartamento de lxs compas y seguir interrog\u00e1ndoles. El magistrado Eloy Velasco ser\u00e1 el encargado de tomarles declaraci\u00f3n y decidir\u00e1 sobre su ingreso en prisi\u00f3n, ya que el delito por el que se les acusa (el 572 del C\u00f3digo Penal) est\u00e1 castigado con penas de c\u00e1rcel de 15 a 20 a\u00f1os.<\/p>\n<p style=\"text-align: justify\">No obstante, lo mejor de todo viene cuando en la prensa se parlotea de que lxs dos detenidxs chilenxs \u00a1\u00a1habr\u00edan estado tambi\u00e9n procesadxs por el Caso Bombas en Chile!!, montaje absurdo que se derrumb\u00f3 en las narices de la fiscal\u00eda chilena, y del que se realiz\u00f3 un exhaustivo seguimiento en la versi\u00f3n anterior de este blog (click <a href=\"http:\/\/vozcomoarma.blogspot.sg\/p\/caso-bombas.html\">aqu\u00ed<\/a> para ver las noticias relativas a aquel vergonzoso episodio de la represi\u00f3n al anarquismo chileno). Resulta que lxs dos compas chilenxs detenidxs en Barcelona habr\u00edan estado involucradxs en aquel montaje, la llamada Operaci\u00f3n Salamandra medi\u00e1ticamente rebautizada de Caso Bombas. En concreto se tratar\u00eda de M\u00f3nica y Francisco, quienes tras su absoluci\u00f3n junto al resto de compas acusadxs (la cual el Ministerio del Interior, atribuye a un \u00aberror procedimental\u00bb, lo que demuestra que o bien no tienen ni idea de c\u00f3mo se desarrollaron aquellos hechos o bien que simplemente son imb\u00e9ciles y mienten m\u00e1s que hablan) ambxs compas se habr\u00edan trasladado a Barcelona donde habr\u00edan situado su nueva residencia. Ahora son envueltxs en esta nueva operaci\u00f3n represiva en la que, c\u00f3mo no, la propia polic\u00eda reconoce haber contado con la colaboraci\u00f3n de la Jefatura Nacional de \u00abInteligencia\u00bb Policial de Chile, cuerpo que estuvo al cargo de las manipulaciones (perd\u00f3n, de las investigaciones) en el Caso Bombas. \u00a1Qu\u00e9 casualidad!, oye, yo me pregunto \u00bfqu\u00e9 pasa, no os basta con haber hecho el rid\u00edculo una vez que quer\u00e9is hacerlo dos y aun por encima involucrando a vuestros coleguitas del CNP (Cuerpo de Nazis con Placa)? Como podemos comprobar, el Estado chileno no perdona que lxs compas saliesen absueltxs y que su mentira no cuajase como esperaban Hinzpeter y compa\u00f1\u00eda, y vuelve a amenazar a lxs compa\u00f1erxs con mentiras y shows medi\u00e1ticos esta vez en \u00abnuestras\u00bb propias fronteras.<\/p>\n<p style=\"text-align: justify\">Por ahora, me encuentro a la espera de contar con m\u00e1s informaci\u00f3n, a poder ser procedente de fuentes afines y fiables y no de la asquerosa prensa corporativa del poder ni de sus principales fuentes de noticias, la polic\u00eda. Lxs compas se encuentran incomunicadxs entre s\u00ed, pero se desconoce con seguridad el lugar donde les tienen encerradxs. Habr\u00e1 que esperar al domingo para contar con m\u00e1s datos al respecto.<\/p>\n<p style=\"text-align: justify\">Desde <a href=\"https:\/\/publicacionrefractario.wordpress.com\/2013\/11\/15\/extendiendo-los-lazos-solidarios-escrito-de-algunxs-procesadxs-por-el-caso-bombas-en-solidaridad-con-francisco-y-monica\/\">Refractario<\/a> recojo el siguiente escrito redactado por otrxs compas tambi\u00e9n procesadxs en su d\u00eda por el Caso Bombas en solidaridad con M\u00f3nica y Francisco.<\/p>\n<p style=\"text-align: justify\">Si los Estados colaboran entre s\u00ed para reprimir a quienes cuestionan su mundo intolerable, \u00a1la respuesta es la solidaridad internacional y de facto!<br \/>\n\u00a1A lxs compas detenidxs y a lxs rebeldes en Chile, mucha fuerza!<br \/>\n\u00a1El Estado es el \u00fanico terrorista! \u00a1Cabrones, no os va a ser tan f\u00e1cil!<\/p>\n<p style=\"text-align: justify\">&#8212;&#8212;<\/p>\n<p align=\"JUSTIFY\"><em>El 13 de noviembre son detenidxs por las fuerzas represivas del Estado Espa\u00f1ol nuestrxs compa\u00f1erxs M\u00f3nica y Francisco, acusadxs del atentado explosivo a la Bas\u00edlica del Pilar en Espa\u00f1a.<\/em><\/p>\n<p align=\"JUSTIFY\"><em>Ante esta situaci\u00f3n se desata un hurac\u00e1n de grandilocuentes declaraciones entre personerxs de ambos gobiernos, felicitaciones de resucitadxs fiscalitxs y recicladxs ministrxs del Interior.<\/em><\/p>\n<p align=\"JUSTIFY\"><em>M\u00f3nica y Francisco fueron detenidxs en Agosto de 2010 en el llamado Caso Bombas. Ambxs enfrentaron con dignidad y rebeld\u00eda el proceso en su contra, m\u00e1s de 9 meses de prisi\u00f3n en reg\u00edmenes de alta y m\u00e1xima seguridad, se negaron a los chantajes de la fiscal\u00eda, llevaron adelante junto al resto de lxs imputadxs una huelga de hambre de m\u00e1s de 65 d\u00edas y enfrentaron uno de los juicios m\u00e1s largos, saliendo absuelxs y con las convicciones intactas.<\/em><\/p>\n<p align=\"JUSTIFY\"><em>El sustento policial y medi\u00e1tico de la acusaci\u00f3n que hoy enfrentan lxs compa\u00f1erxs se basa en el fichaje jur\u00eddico del proceso Caso Bombas, razzia que se desat\u00f3 contra espacios, entornos e individualidades \u00e1cratas.<\/em><\/p>\n<p align=\"JUSTIFY\"><em>Ahora lxs poderosxs pretenden resucitar el cad\u00e1ver del Caso Bombas, amenazando abrir nuevos procesos contra nosotrxs, ante esto somos clarxs: rechazamos la acusaci\u00f3n, pero no negaremos qui\u00e9nes somos, nuestras ideas, nuestros v\u00ednculos, nuestro pasado, presente y futuro de lucha.<\/em><\/p>\n<p align=\"JUSTIFY\"><em>No existi\u00f3 ni existe asociaci\u00f3n il\u00edcita terrorista an\u00e1rquica, no existen l\u00edderes informales, centros de poder ni el financiamiento terrorista. Estos delirios investigativos s\u00f3lo intentan encasillarnos en l\u00f3gicas de organizaci\u00f3n y de vida que en la pr\u00e1ctica negamos. Despreciamos los m\u00e9todos del poder y ante esto el Estado nos identifica como lxs sospechosxs de siempre y lxs eternxs culpables.<\/em><\/p>\n<p align=\"JUSTIFY\"><em>M\u00e1s all\u00e1 de las volteretas de jueces\/zas, ministros del interior, fiscales y periodistas, nos mantenemos firmes en la convicci\u00f3n de que el proceso judicial iniciado en 2010 era una infamia que busc\u00f3 ilegalizar relaciones de amistad, persigui\u00f3 espacios, apunt\u00f3 posiciones de vida y pasados y presentes de lucha.<\/em><\/p>\n<p align=\"JUSTIFY\"><em>La complicidad del Estado Espa\u00f1ol con el Estado Chileno deja ver el rostro terrorista de cualquier estructura de poder, que mantiene su dominaci\u00f3n en base a la vigilancia y al miedo.<\/em><\/p>\n<p align=\"JUSTIFY\"><em>Hacemos un en\u00e9rgico llamado a solidarizar con M\u00f3nica y Francisco, en tanto compa\u00f1erxs an\u00e1rquicxs, m\u00e1s all\u00e1 de cualquier dictamen judicial, como as\u00ed mismo expresamos solidaridad con el resto de lxs secuestradxs por los Estados a lo largo y ancho del mundo.<\/em><\/p>\n<p align=\"JUSTIFY\"><em>A pesar de las distancias geogr\u00e1ficas que hoy nos separan, nos mantiene unidxs la convicci\u00f2n de lucha contra el poder. Es necesario acercar realidades y potenciar la solidaridad para romper el aislamiento y el miedo.<\/em><\/p>\n<p align=\"JUSTIFY\"><em>M\u00f3nica y Francisco son nuestrxs compa\u00f1erxs y lxs defendemos de las campa\u00f1as medi\u00e1ticas y policiales llevadas a cabo por ambos Estados.<\/em><\/p>\n<p align=\"JUSTIFY\"><em>Porque todos los Estados son terroristas y toda c\u00e1rcel un centro de exterminio.<\/em><\/p>\n<p align=\"JUSTIFY\"><em>Solidaridad revolucionaria m\u00e1s all\u00e1 de todas las fronteras.<\/em><\/p>\n<p align=\"JUSTIFY\"><em>Algunxs procesadxs por el Caso Bombas<\/em><\/p>\n<p align=\"JUSTIFY\"><em>13 de noviembre de 2013<\/em><\/p>\n<p align=\"JUSTIFY\"><a href=\"https:\/\/vozcomoarma.noblogs.org\/files\/2013\/11\/lienzoporcasopompasss.jpg\"><img loading=\"lazy\" decoding=\"async\" class=\"aligncenter size-full wp-image-1711\" alt=\"Pancarta Caso Bombas\" src=\"https:\/\/vozcomoarma.noblogs.org\/files\/2013\/11\/lienzoporcasopompasss.jpg\" width=\"606\" height=\"399\" srcset=\"https:\/\/vozcomoarma.noblogs.org\/files\/2013\/11\/lienzoporcasopompasss.jpg 476w, https:\/\/vozcomoarma.noblogs.org\/files\/2013\/11\/lienzoporcasopompasss-300x197.jpg 300w\" sizes=\"auto, (max-width: 606px) 100vw, 606px\" \/><\/a><\/p>\n","protected":false},"excerpt":{"rendered":"<p>Muchas cosas se han dicho dentro y fuera de los \u00e1mbitos anarquistas acerca de los dos ataques reivindicados como Comando Mateo Morral y que apuntaron a la Catedral de la Almudena de Madrid y a la Bas\u00edlica del pilar en &hellip; <a href=\"https:\/\/vozcomoarma.noblogs.org\/?p=1710\">Sigue leyendo <span class=\"meta-nav\">&rarr;<\/span><\/a><\/p>\n","protected":false},"author":7045,"featured_media":0,"comment_status":"closed","ping_status":"open","sticky":false,"template":"","format":"standard","meta":{"footnotes":""},"categories":[132,61,9,7],"tags":[107,78,16,26,24,19,11],"class_list":["post-1710","post","type-post","status-publish","format-standard","hentry","category-acusadxs-comando-mateo-morral","category-noticias","category-noticias-y-comunicados","category-presxs","tag-barcelona","tag-chile","tag-guerra-social","tag-insurreccionalismo","tag-reflexion","tag-represion","tag-solidaridad"],"_links":{"self":[{"href":"https:\/\/vozcomoarma.noblogs.org\/index.php?rest_route=\/wp\/v2\/posts\/1710","targetHints":{"allow":["GET"]}}],"collection":[{"href":"https:\/\/vozcomoarma.noblogs.org\/index.php?rest_route=\/wp\/v2\/posts"}],"about":[{"href":"https:\/\/vozcomoarma.noblogs.org\/index.php?rest_route=\/wp\/v2\/types\/post"}],"author":[{"embeddable":true,"href":"https:\/\/vozcomoarma.noblogs.org\/index.php?rest_route=\/wp\/v2\/users\/7045"}],"replies":[{"embeddable":true,"href":"https:\/\/vozcomoarma.noblogs.org\/index.php?rest_route=%2Fwp%2Fv2%2Fcomments&post=1710"}],"version-history":[{"count":1,"href":"https:\/\/vozcomoarma.noblogs.org\/index.php?rest_route=\/wp\/v2\/posts\/1710\/revisions"}],"predecessor-version":[{"id":1712,"href":"https:\/\/vozcomoarma.noblogs.org\/index.php?rest_route=\/wp\/v2\/posts\/1710\/revisions\/1712"}],"wp:attachment":[{"href":"https:\/\/vozcomoarma.noblogs.org\/index.php?rest_route=%2Fwp%2Fv2%2Fmedia&parent=1710"}],"wp:term":[{"taxonomy":"category","embeddable":true,"href":"https:\/\/vozcomoarma.noblogs.org\/index.php?rest_route=%2Fwp%2Fv2%2Fcategories&post=1710"},{"taxonomy":"post_tag","embeddable":true,"href":"https:\/\/vozcomoarma.noblogs.org\/index.php?rest_route=%2Fwp%2Fv2%2Ftags&post=1710"}],"curies":[{"name":"wp","href":"https:\/\/api.w.org\/{rel}","templated":true}]}}