{"id":17123,"date":"2017-07-05T17:29:56","date_gmt":"2017-07-05T15:29:56","guid":{"rendered":"https:\/\/vozcomoarma.noblogs.org\/?p=17123"},"modified":"2017-07-05T17:29:56","modified_gmt":"2017-07-05T15:29:56","slug":"alemania-carta-del-preso-anarquista-de-larga-condena-thomas-meyer-falk-en-apoyo-a-las-protestas-contra-la-cumbre-del-g-20-en-hamburgo","status":"publish","type":"post","link":"https:\/\/vozcomoarma.noblogs.org\/?p=17123","title":{"rendered":"Alemania &#8211; Carta del preso anarquista de larga condena Thomas Meyer-Falk en apoyo a las protestas contra la cumbre del G-20 en Hamburgo"},"content":{"rendered":"<p align=\"justify\"><a href=\"https:\/\/vozcomoarma.noblogs.org\/files\/2017\/07\/17818138_441402952859227_2248660781002391552_n.jpg\"><img loading=\"lazy\" decoding=\"async\" class=\"size-medium wp-image-17124 alignright\" src=\"https:\/\/vozcomoarma.noblogs.org\/files\/2017\/07\/17818138_441402952859227_2248660781002391552_n-300x300.jpg\" alt=\"\" width=\"300\" height=\"300\" srcset=\"https:\/\/vozcomoarma.noblogs.org\/files\/2017\/07\/17818138_441402952859227_2248660781002391552_n-300x300.jpg 300w, https:\/\/vozcomoarma.noblogs.org\/files\/2017\/07\/17818138_441402952859227_2248660781002391552_n.jpg 320w\" sizes=\"auto, (max-width: 300px) 100vw, 300px\" \/><\/a>Recojo de <strong><a href=\"https:\/\/insurrectionnewsworldwide.com\/2017\/07\/05\/germany-message-to-the-protesters-against-the-hamburg-g20-summit-from-imprisoned-comrade-thomas-meyer-falk\/\">Insurrection News<\/a><\/strong> en ingl\u00e9s y traduzco esta carta p\u00fablica del compa\u00f1ero Thomas Meyer-Falk, preso anarquista de larga condena encarcelado en Alemania, mostrando su apoyo a les compa\u00f1eres que se encuentran en Hamburgo participando ya de las movilizaciones contra la cumbre del G-20 que tendr\u00e1 lugar en los pr\u00f3ximos d\u00edas.<\/p>\n<p align=\"justify\">&#8212;&#8212;&#8212;&#8212;&#8212;&#8212;&#8212;&#8212;&#8212;&#8212;&#8212;&#8212;&#8212;&#8212;&#8211;<\/p>\n<p align=\"justify\"><strong><em>\u00a1Solidaridad y saludos afectuosos desde la c\u00e1rcel!<\/em><\/strong><\/p>\n<p align=\"justify\"><em>Cuando les representantes de las naciones del G20 se re\u00fanen en Hamburgo, la \u00e9lite de las compa\u00f1\u00edas de prisiones, que est\u00e1n representadas por Merkel, Trump, Putin y Erdogan, tambi\u00e9n se reunir\u00e1n.<\/em><\/p>\n<p align=\"justify\"><em>Ahora, en este momento, muchas decenas de miles de prisioneres en Alemania, Francia, Reino Unido y Turqu\u00eda est\u00e1n tras los barrotes, as\u00ed como millones de los EE.UU., China, Rusia, Arabia Saud\u00ed etc.<\/em><\/p>\n<p align=\"justify\"><em>Y tambi\u00e9n en Hamburgo justo ahora hay miles de personas en las c\u00e1rceles del supuestamente \u201clibre\u201d Hansestadt. Para hacer sitio para m\u00e1s personas todav\u00eda, un centro de detenci\u00f3n para hasta 400 prisioneres extra fue construido. 100 jueces se ofrecieron voluntaries para legalizar los arrestos por la polic\u00eda durante la cumbre.<\/em><\/p>\n<p align=\"justify\"><em>Quien quiera que ataque al G-20 tambi\u00e9n ataca al complejo carcelario-industrial. Un sistema basado en la explotaci\u00f3n y la opresi\u00f3n. Un sistema en el cual la polic\u00eda, la judicatura y la econom\u00eda trabajan mano a mano. Un sistema que intimida y que permanentemente retira a la gente de los procesos pol\u00edticos, pero sigue \u201crecicl\u00e1ndoles\u201d econ\u00f3micamente.<\/em><\/p>\n<p align=\"justify\"><em>\u00a1A todes vosotres en Hamburgo, por horas y d\u00edas activos y combativos!<\/em><\/p>\n<p align=\"justify\"><em>Saludos sinceros desde la prisi\u00f3n de Freiburg&#8230;<\/em><\/p>\n<p align=\"justify\"><em><strong>Thomas Meyer-Falk<\/strong><\/em><br \/>\n<em> (Preso anarquista de larga condena desde 1996)<\/em><\/p>\n<p align=\"justify\">&#8212;<\/p>\n<p align=\"justify\"><strong>Nota de La Rebeli\u00f3n de las Palabras: <\/strong>Thomas Meyer-Falk es un preso anarquista de larga condena que fue detenido en 1996 por expropiar un banco con el fin de ayudar a financiar distintos proyectos pol\u00edticos antiautoritarios. El compa\u00f1ero fue entonces condenado a 16 a\u00f1os de c\u00e1rcel, pero aunque su sentencia se complet\u00f3 en 2012 y dado que Thomas se ha mantenido firme y no ha renunciado a sus posicionamientos pol\u00edticos revolucionarios, hace 5 a\u00f1os que el Estado alem\u00e1n no cumple su palabra y le mantiene encarcelado de manera indefinida usando como pretexto para ello una ley de \u00abdetenci\u00f3n preventiva\u00bb. Seg\u00fan \u00faltimas informaciones compartidas por su entorno solidario, su puesta en libertad se esperar\u00eda para 2023.<\/p>\n<p align=\"justify\">Pod\u00e9is averiguar m\u00e1s sobre el compa\u00f1ero y su caso en el blog de apoyo, haciendo click <strong><a href=\"https:\/\/freedomforthomas.wordpress.com\/\">aqu\u00ed<\/a><\/strong> (el blog obviamente est\u00e1 en alem\u00e1n).<\/p>\n<p align=\"justify\">Para escribirle cartas al compa\u00f1ero d\u00e1ndole apoyo o tratando de romper el aislamiento, esta es la direcci\u00f3n:<\/p>\n<p><strong><em>Thomas Meyer-Falk, z.Zt. Justizvollzugsanstalt (SV),<\/em><\/strong><br \/>\n<strong><em>Hermann-Herder-Str.8, 79104 Freiburg, Alemania<\/em><\/strong><\/p>\n<div id=\"attachment_17125\" style=\"width: 510px\" class=\"wp-caption aligncenter\"><a href=\"https:\/\/vozcomoarma.noblogs.org\/files\/2017\/07\/20076c99188d4c4d6732c3dbfc4eaecf-social-justice-the-justice.jpg\"><img loading=\"lazy\" decoding=\"async\" aria-describedby=\"caption-attachment-17125\" class=\"wp-image-17125 size-full\" src=\"https:\/\/vozcomoarma.noblogs.org\/files\/2017\/07\/20076c99188d4c4d6732c3dbfc4eaecf-social-justice-the-justice.jpg\" alt=\"\" width=\"500\" height=\"600\" srcset=\"https:\/\/vozcomoarma.noblogs.org\/files\/2017\/07\/20076c99188d4c4d6732c3dbfc4eaecf-social-justice-the-justice.jpg 500w, https:\/\/vozcomoarma.noblogs.org\/files\/2017\/07\/20076c99188d4c4d6732c3dbfc4eaecf-social-justice-the-justice-250x300.jpg 250w\" sizes=\"auto, (max-width: 500px) 100vw, 500px\" \/><\/a><p id=\"caption-attachment-17125\" class=\"wp-caption-text\">\u00abEscuela &#8211; Vivienda &#8211; Salud &#8211; Juventud &#8211; 3\u00aa Edad &#8211; Bibliotecas &#8211; Tratamiento para toxic\u00f3manes &#8211; Refugios para indigentes &#8211; Parques &#8211; Arte y Cultura &#8211; Servicios Comunitarios &#8211; C\u00e1rcel. Cuando una puerta se cierra otra se abre&#8230; Destruye el complejo carcelario industrial\u00bb<\/p><\/div>\n","protected":false},"excerpt":{"rendered":"<p>Recojo de Insurrection News en ingl\u00e9s y traduzco esta carta p\u00fablica del compa\u00f1ero Thomas Meyer-Falk, preso anarquista de larga condena encarcelado en Alemania, mostrando su apoyo a les compa\u00f1eres que se encuentran en Hamburgo participando ya de las movilizaciones contra &hellip; <a href=\"https:\/\/vozcomoarma.noblogs.org\/?p=17123\">Sigue leyendo <span class=\"meta-nav\">&rarr;<\/span><\/a><\/p>\n","protected":false},"author":7045,"featured_media":0,"comment_status":"closed","ping_status":"open","sticky":false,"template":"","format":"standard","meta":{"footnotes":""},"categories":[58,61,9,7,320],"tags":[51,17,30,16,42,24,11],"class_list":["post-17123","post","type-post","status-publish","format-standard","hentry","category-acciones","category-noticias","category-noticias-y-comunicados","category-presxs","category-thomas-meyer-falk","tag-alemania","tag-carcel","tag-critica-anti-industrial","tag-guerra-social","tag-movimientos-sociales","tag-reflexion","tag-solidaridad"],"_links":{"self":[{"href":"https:\/\/vozcomoarma.noblogs.org\/index.php?rest_route=\/wp\/v2\/posts\/17123","targetHints":{"allow":["GET"]}}],"collection":[{"href":"https:\/\/vozcomoarma.noblogs.org\/index.php?rest_route=\/wp\/v2\/posts"}],"about":[{"href":"https:\/\/vozcomoarma.noblogs.org\/index.php?rest_route=\/wp\/v2\/types\/post"}],"author":[{"embeddable":true,"href":"https:\/\/vozcomoarma.noblogs.org\/index.php?rest_route=\/wp\/v2\/users\/7045"}],"replies":[{"embeddable":true,"href":"https:\/\/vozcomoarma.noblogs.org\/index.php?rest_route=%2Fwp%2Fv2%2Fcomments&post=17123"}],"version-history":[{"count":1,"href":"https:\/\/vozcomoarma.noblogs.org\/index.php?rest_route=\/wp\/v2\/posts\/17123\/revisions"}],"predecessor-version":[{"id":17126,"href":"https:\/\/vozcomoarma.noblogs.org\/index.php?rest_route=\/wp\/v2\/posts\/17123\/revisions\/17126"}],"wp:attachment":[{"href":"https:\/\/vozcomoarma.noblogs.org\/index.php?rest_route=%2Fwp%2Fv2%2Fmedia&parent=17123"}],"wp:term":[{"taxonomy":"category","embeddable":true,"href":"https:\/\/vozcomoarma.noblogs.org\/index.php?rest_route=%2Fwp%2Fv2%2Fcategories&post=17123"},{"taxonomy":"post_tag","embeddable":true,"href":"https:\/\/vozcomoarma.noblogs.org\/index.php?rest_route=%2Fwp%2Fv2%2Ftags&post=17123"}],"curies":[{"name":"wp","href":"https:\/\/api.w.org\/{rel}","templated":true}]}}