{"id":17143,"date":"2017-07-07T00:52:31","date_gmt":"2017-07-06T22:52:31","guid":{"rendered":"https:\/\/vozcomoarma.noblogs.org\/?p=17143"},"modified":"2017-07-07T00:53:25","modified_gmt":"2017-07-06T22:53:25","slug":"17143","status":"publish","type":"post","link":"https:\/\/vozcomoarma.noblogs.org\/?p=17143","title":{"rendered":"Su\u00edza &#8211; Incendiado en Z\u00fcrich un veh\u00edculo de la empresa IMPLENIA, involucrada en la construcci\u00f3n de c\u00e1rceles."},"content":{"rendered":"<p align=\"justify\"><a href=\"https:\/\/vozcomoarma.noblogs.org\/files\/2017\/07\/ImpleniaZurich-300x147.jpg\"><img loading=\"lazy\" decoding=\"async\" class=\"size-medium wp-image-17144 alignright\" src=\"https:\/\/vozcomoarma.noblogs.org\/files\/2017\/07\/ImpleniaZurich-300x147-300x147.jpg\" alt=\"\" width=\"300\" height=\"147\" \/><\/a>Recojo de <strong><a href=\"http:\/\/actforfree.nostate.net\/?p=27587\">Act For Freedom Now!<\/a><\/strong>, traduzco y difundo este comunicado reivindicando el incendio de una furgoneta propiedad de la empresa IMPLENIA en Z\u00fcrich, Su\u00edza, que se dedica, entre otras cosas, a construir prisiones, estando implicada en los trabajos de ampliaci\u00f3n de la c\u00e1rcel de B\u00e4sslergut, en Basilea.<\/p>\n<p align=\"justify\">&#8212;&#8212;&#8212;&#8212;&#8212;&#8212;&#8212;&#8212;&#8212;&#8212;&#8212;&#8212;&#8212;<\/p>\n<p align=\"justify\"><em>En la noche del 20 de junio, un artefacto incendiario fue colocado debajo de una furgoneta de la compa\u00f1\u00eda IMPLENIA. IMPLENIA est\u00e1 implicada en el trabajo por la ampliaci\u00f3n de la prisi\u00f3n de B\u00e4sslergut en Basilea. Todas las empresas, instituciones e individues que planifican, construyen y dirigen los campos de concentraci\u00f3n y las prisiones son co-responsables del mantenimiento de estructuras represivas.<\/em><\/p>\n<p align=\"justify\"><em>El fuego tambi\u00e9n es en solidaridad con la compa\u00f1era anarquista condenada por un robo a un banco en Aachen y con todes les compa\u00f1eres golpeades por la operaci\u00f3n \u201cScripta Manent\u201d en Italia.<\/em><\/p>\n<p align=\"justify\"><strong><em>\u00a1Por m\u00e1s fuegos nocturnos espl\u00e9ndidos!<br \/>\n<\/em><em>\u00a1Por la destrucci\u00f3n de la sociedad c\u00e1rcel!<\/em><\/strong><\/p>\n","protected":false},"excerpt":{"rendered":"<p>Recojo de Act For Freedom Now!, traduzco y difundo este comunicado reivindicando el incendio de una furgoneta propiedad de la empresa IMPLENIA en Z\u00fcrich, Su\u00edza, que se dedica, entre otras cosas, a construir prisiones, estando implicada en los trabajos de &hellip; <a href=\"https:\/\/vozcomoarma.noblogs.org\/?p=17143\">Sigue leyendo <span class=\"meta-nav\">&rarr;<\/span><\/a><\/p>\n","protected":false},"author":7045,"featured_media":0,"comment_status":"closed","ping_status":"open","sticky":false,"template":"","format":"standard","meta":{"footnotes":""},"categories":[58,295,61,9,272,7],"tags":[17,16,26,19,10,11,55],"class_list":["post-17143","post","type-post","status-publish","format-standard","hentry","category-acciones","category-detenidxs-operacion-scripta-manent","category-noticias","category-noticias-y-comunicados","category-presa-15-de-abril-barcelona","category-presxs","tag-carcel","tag-guerra-social","tag-insurreccionalismo","tag-represion","tag-sabotaje","tag-solidaridad","tag-suiza"],"_links":{"self":[{"href":"https:\/\/vozcomoarma.noblogs.org\/index.php?rest_route=\/wp\/v2\/posts\/17143","targetHints":{"allow":["GET"]}}],"collection":[{"href":"https:\/\/vozcomoarma.noblogs.org\/index.php?rest_route=\/wp\/v2\/posts"}],"about":[{"href":"https:\/\/vozcomoarma.noblogs.org\/index.php?rest_route=\/wp\/v2\/types\/post"}],"author":[{"embeddable":true,"href":"https:\/\/vozcomoarma.noblogs.org\/index.php?rest_route=\/wp\/v2\/users\/7045"}],"replies":[{"embeddable":true,"href":"https:\/\/vozcomoarma.noblogs.org\/index.php?rest_route=%2Fwp%2Fv2%2Fcomments&post=17143"}],"version-history":[{"count":2,"href":"https:\/\/vozcomoarma.noblogs.org\/index.php?rest_route=\/wp\/v2\/posts\/17143\/revisions"}],"predecessor-version":[{"id":17146,"href":"https:\/\/vozcomoarma.noblogs.org\/index.php?rest_route=\/wp\/v2\/posts\/17143\/revisions\/17146"}],"wp:attachment":[{"href":"https:\/\/vozcomoarma.noblogs.org\/index.php?rest_route=%2Fwp%2Fv2%2Fmedia&parent=17143"}],"wp:term":[{"taxonomy":"category","embeddable":true,"href":"https:\/\/vozcomoarma.noblogs.org\/index.php?rest_route=%2Fwp%2Fv2%2Fcategories&post=17143"},{"taxonomy":"post_tag","embeddable":true,"href":"https:\/\/vozcomoarma.noblogs.org\/index.php?rest_route=%2Fwp%2Fv2%2Ftags&post=17143"}],"curies":[{"name":"wp","href":"https:\/\/api.w.org\/{rel}","templated":true}]}}