{"id":1717,"date":"2013-11-16T01:04:11","date_gmt":"2013-11-16T00:04:11","guid":{"rendered":"http:\/\/vozcomoarma.noblogs.org\/?p=1717"},"modified":"2013-11-16T01:04:11","modified_gmt":"2013-11-16T00:04:11","slug":"ataque-incendiario-a-un-coche-patrulla-en-netzahualcoyotl-mexico-en-solidaridad-con-mario-lopez","status":"publish","type":"post","link":"https:\/\/vozcomoarma.noblogs.org\/?p=1717","title":{"rendered":"Ataque incendiario a un coche patrulla en Netzahualc\u00f3yotl (M\u00e9xico) en solidaridad con Mario L\u00f3pez."},"content":{"rendered":"<p align=\"JUSTIFY\">Compa\u00f1erxs de ANA (Ag\u00eancia de Noticias Anarquistas) enviaron la versi\u00f3n en portugu\u00e9s de este comunicado donde se reivindica un ataque incendiario contra un veh\u00edculo de patrulla policial en Netzahualc\u00f3yot en apoyo al compa Mario Gonz\u00e1lez, la cual, tras traducir, dejo a continuaci\u00f3n:<\/p>\n<p align=\"JUSTIFY\">&#8212;&#8212;&#8212;&#8212;-<\/p>\n<p align=\"JUSTIFY\"><em>En la madrugada del pasado jueves 31 de octubre del presente a\u00f1o colocamos un artefacto incendiario en una unidad de la Polic\u00eda del Estado de M\u00e9xico que se encontraba al lado de un m\u00f3dulo policial localizado en la Avenida Texcoco, en la ciudad Netzahualc\u00f3yotl. El artefacto cumpli\u00f3 el objetivo deseado.<\/em><\/p>\n<p align=\"JUSTIFY\"><em>El motivo, atacar de manera directa a las propiedades de las instituciones policiales, responsables y c\u00f3mplices de los \u00faltimos actos represivos perpetrados por el Estado mexicano y el GDF (Gobierno del Distrito Federal) contra el movimiento anarquista y el movimiento social en general.<\/em><\/p>\n<p align=\"JUSTIFY\"><em>Con este sabotaje reivindicamos la huelga de hambre que el compa\u00f1ero Mario Gonzalez mantiene desde hace 24 d\u00edas, luchando contra la prisi\u00f3n desde el pasado 4 de octubre en el Reclusorio Preventivo Varonil Oriente. Condiciones de c\u00e1rcel en las que lo mantiene el gobierno fascista del D.F. Entendemos la situaci\u00f3n que atraviesa el compa\u00f1ero y no queremos dejarlo s\u00f3lo en la batalla que est\u00e1 llevando a cabo. Mario fue detenido junto con 8 compa\u00f1erxs m\u00e1s el pasado 2 de octubre, momentos antes de llegar a la marcha en memoria de la masacre de estudiantes perpetrada por el ej\u00e9rcito en esa misma fecha del a\u00f1o 1968. Lxs compa\u00f1erxs fueron torturadxs por elementos de la SSP-DF y de la PDI, siendo Mario el \u00fanico de ellxs que aun permanece en prisi\u00f3n.<\/em><\/p>\n<p><em>\u00a1Fuego a las c\u00e1rceles!<\/em><\/p>\n<p><em>\u00a1Libertad a lxs presxs!<\/em><\/p>\n<p><em>\u00a1Solidaridad con lxs prisionerxs anarquistas!<\/em><\/p>\n<p><em>\u00a1Mario Gonz\u00e1lez libertad!<\/em><\/p>\n<p><em>En conflicto coon el Estado: Anarquistas Solidarixs.<\/em><\/p>\n<p><a href=\"https:\/\/vozcomoarma.noblogs.org\/files\/2013\/11\/hand.jpg\"><img loading=\"lazy\" decoding=\"async\" class=\"aligncenter size-full wp-image-1718\" alt=\"Fuego en las manos\" src=\"https:\/\/vozcomoarma.noblogs.org\/files\/2013\/11\/hand.jpg\" width=\"355\" height=\"355\" srcset=\"https:\/\/vozcomoarma.noblogs.org\/files\/2013\/11\/hand.jpg 500w, https:\/\/vozcomoarma.noblogs.org\/files\/2013\/11\/hand-300x300.jpg 300w\" sizes=\"auto, (max-width: 355px) 100vw, 355px\" \/><\/a><\/p>\n","protected":false},"excerpt":{"rendered":"<p>Compa\u00f1erxs de ANA (Ag\u00eancia de Noticias Anarquistas) enviaron la versi\u00f3n en portugu\u00e9s de este comunicado donde se reivindica un ataque incendiario contra un veh\u00edculo de patrulla policial en Netzahualc\u00f3yot en apoyo al compa Mario Gonz\u00e1lez, la cual, tras traducir, dejo &hellip; <a href=\"https:\/\/vozcomoarma.noblogs.org\/?p=1717\">Sigue leyendo <span class=\"meta-nav\">&rarr;<\/span><\/a><\/p>\n","protected":false},"author":7045,"featured_media":0,"comment_status":"closed","ping_status":"open","sticky":false,"template":"","format":"standard","meta":{"footnotes":""},"categories":[58,9,7],"tags":[16,26,53,24,19,10,11,71],"class_list":["post-1717","post","type-post","status-publish","format-standard","hentry","category-acciones","category-noticias-y-comunicados","category-presxs","tag-guerra-social","tag-insurreccionalismo","tag-mexico","tag-reflexion","tag-represion","tag-sabotaje","tag-solidaridad","tag-tortura"],"_links":{"self":[{"href":"https:\/\/vozcomoarma.noblogs.org\/index.php?rest_route=\/wp\/v2\/posts\/1717","targetHints":{"allow":["GET"]}}],"collection":[{"href":"https:\/\/vozcomoarma.noblogs.org\/index.php?rest_route=\/wp\/v2\/posts"}],"about":[{"href":"https:\/\/vozcomoarma.noblogs.org\/index.php?rest_route=\/wp\/v2\/types\/post"}],"author":[{"embeddable":true,"href":"https:\/\/vozcomoarma.noblogs.org\/index.php?rest_route=\/wp\/v2\/users\/7045"}],"replies":[{"embeddable":true,"href":"https:\/\/vozcomoarma.noblogs.org\/index.php?rest_route=%2Fwp%2Fv2%2Fcomments&post=1717"}],"version-history":[{"count":1,"href":"https:\/\/vozcomoarma.noblogs.org\/index.php?rest_route=\/wp\/v2\/posts\/1717\/revisions"}],"predecessor-version":[{"id":1719,"href":"https:\/\/vozcomoarma.noblogs.org\/index.php?rest_route=\/wp\/v2\/posts\/1717\/revisions\/1719"}],"wp:attachment":[{"href":"https:\/\/vozcomoarma.noblogs.org\/index.php?rest_route=%2Fwp%2Fv2%2Fmedia&parent=1717"}],"wp:term":[{"taxonomy":"category","embeddable":true,"href":"https:\/\/vozcomoarma.noblogs.org\/index.php?rest_route=%2Fwp%2Fv2%2Fcategories&post=1717"},{"taxonomy":"post_tag","embeddable":true,"href":"https:\/\/vozcomoarma.noblogs.org\/index.php?rest_route=%2Fwp%2Fv2%2Ftags&post=1717"}],"curies":[{"name":"wp","href":"https:\/\/api.w.org\/{rel}","templated":true}]}}