{"id":1730,"date":"2013-11-17T20:54:48","date_gmt":"2013-11-17T19:54:48","guid":{"rendered":"http:\/\/vozcomoarma.noblogs.org\/?p=1730"},"modified":"2013-11-17T20:54:48","modified_gmt":"2013-11-17T19:54:48","slug":"texto-conciencia-real-o-asimilacion-forzosa-sobre-los-comedores-veganos-y-su-objetivo","status":"publish","type":"post","link":"https:\/\/vozcomoarma.noblogs.org\/?p=1730","title":{"rendered":"Texto: \u00bfConciencia real o asimilaci\u00f3n forzosa? Sobre los comedores veganos y su objetivo."},"content":{"rendered":"<p align=\"JUSTIFY\">Lo que sigue a continuaci\u00f3n es una cr\u00edtica de intenci\u00f3n constructiva dirigida contra el espectro general de los movimientos sociales y m\u00e1s concretamente a aquellos anti-autoritarios o anarquistas, por ser estos donde m\u00e1s presencia encuentro de la problem\u00e1tica a abordar.<\/p>\n<p align=\"JUSTIFY\">Quien esto escribe, pese a no ser muy amigo de las etiquetas, se reconoce a s\u00ed mismo como anarquista y vegano, a pesar de las incoherencias y contradicciones en las que nos hace caer este mundo a quienes tratamos de liberarnos de toda relaci\u00f3n de poder y explotaci\u00f3n, incluyendo las que afectan a lxs animales no-humanxs. Tras una buena temporada observando lo siguiente, me decido a escribir algo al respecto con la sana ilusi\u00f3n de que alguien lo lea, se replantee lo que comento y tome cartas en el asunto.<\/p>\n<p align=\"JUSTIFY\">Hace no tanto tiempo que el veganismo era algo residual, anecd\u00f3tico, y encontrarse un comedor vegano en un centro social o espacio libertario era tan \u00absencillo\u00bb como encontrarse a un neonazi cotilleando la biiblioteca. Con el tiempo, esta realidad fue cambiando y el veganismo fue encontrando m\u00e1s aceptaci\u00f3n, m\u00e1s presencia en el discurso y pr\u00e1ctica de los colectivos y la liberaci\u00f3n animal y la cr\u00edtica antiespecista se convirtieron en temas de inter\u00e9s de los que se hablaba en gran cantidad de fanzines, textos y panfletos; a quienes vivieron aquellos a\u00f1os les cost\u00f3 mucho llegar a ese punto. Dentro de esta expansi\u00f3n lenta pero real, uno de los pasos importantes y punto de inflexi\u00f3n destacables para muchas opiniones fue el momento en que una mayor\u00eda inmensa de los centros sociales okupados o autogestionados, ateneos libertarios, bibliotecas y locales anarquistas etc\u00e9tera determinaron que todos los comedores, cenadores, kafetas con picoteo y dem\u00e1s ofertas culinarias que realizasen entre sus paredes u organizasen en las calles no incluir\u00edan en sus men\u00fas productos procedentes de la explotaci\u00f3n animal. Muchxs vieron esto como una prueba de que las personas que gestionaban esos colectivos o esas herramientas hab\u00edan entendido que rechazar la autoridad mientras incitaban al consumo de productos que la implicaban para animales no-humanxs no era consecuente y extendieron su rechazo a la autoridad especista. Bien, puede ser cierto, y de hecho lo es en gran parte de los casos, no obstante, es necesario, en mi humilde opini\u00f3n, detenerse, matizar m\u00e1s y analizar el modo en que esta reforma se ha asentado.<\/p>\n<p align=\"JUSTIFY\">Una pregunta al aire: \u00bfPor qu\u00e9 se hacen comedores veganos?, o planteado de otro modo m\u00e1s claro, \u00bfPor qu\u00e9 los comedores, cenadores y dem\u00e1s en las okupas, ateneos etc etc son veganos? Podemos apelar a lo anteriormente explicado, una ampliaci\u00f3n del rechazo a la autoridad y el respeto a lxs animales no-humanxs, pero la verdad creo que no estar\u00edamos siendo honestxs.<\/p>\n<p align=\"JUSTIFY\">Creo que en gran cantidad de espacios lo que se ha dado es una din\u00e1mica de asimilaci\u00f3n, casi forzosa, de esa rutina, definiendo el veganismo en esos lugares como complemento est\u00e9tico con el que aparentar un compromiso por la liberaci\u00f3n animal en realidad inexistente o muy precario, apenas respaldado y demostrado por una minor\u00eda de lxs compa\u00f1erxs de esos CSO. Algunxs pensar\u00e1n que estoy siendo injusto al decir esto, y quiz\u00e1 sea as\u00ed, pero mi experiencia en diferentes CSO me ha ense\u00f1ado a no valorar el contenido del paquete por su envoltorio. Personas que se llenan la boca con el sufrimiento animal y afirman estar plante\u00e1ndose el veganismo mientras hablan con veganxs durante el comedor \/ cenador \/ poner aqu\u00ed cualquier otro evento de degustaci\u00f3n de productos veganos, pero que luego son pilladas in fraganti comiendo churrasco, chorizo y dem\u00e1s a escondidas en espacios presuntamente libres de especismo; gente que acude al comedor vegano por cumplir pero que se pasa todo el rato haciendo comentarios burlescos para re\u00edrse con sus amiguitos; convocatorias relacionadas con la liberaci\u00f3n animal (charlas, proyecciones, debates, manifestaciones y concentraciones en la calle, mesas informativas, pegadas de carteles&#8230;) a las que acude s\u00f3lo un 10% de la gente que va al comedor (es decir, el porcentaje de pe\u00f1a que tambi\u00e9n es vegana los d\u00edas de la semana en que no hay comedor en la okupa)&#8230; son algunos ejemplos y todos han sucedido repiti\u00e9ndose en el tiempo y espacio en no pocas ocasiones.<\/p>\n<p align=\"JUSTIFY\">La cr\u00edtica a plantear, entonces, es si el veganismo y el discurso antiespecista se toma como una verdadera conciencia o por el contrario se reduce a un dogma, un c\u00f3digo que asimilar acr\u00edticamente para mantener unas apariencias, un status, al fin y al cabo, un sello comercial que certifique que estamos en un espacio \u00bflibre de autoridad?<\/p>\n<p align=\"JUSTIFY\">Este escrito viene al caso de una conversaci\u00f3n con un compa\u00f1ero recientemente en la que ambos llegamos a la misma conclusi\u00f3n: De nada sirve tener un comedor vegano en tu espacio si luego no existe un trabajo por el fin del especismo, cotidiano, de base y din\u00e1mico. La pregunta a formular, sin m\u00e1s rodeos, es la siguiente: \u00bfQu\u00e9 sentido tiene un comedor vegano en un espacio anarquista donde NADIE es veganx? Conozco varios casos y no acabo de entenderlo.<\/p>\n<p align=\"JUSTIFY\">Poner en los carteles de tus jornadas que el comedor ser\u00e1 vegano est\u00e1 muy bien, y joder, por supuesto que preferimos que sea vegano a que est\u00e9 lleno de carro\u00f1a, huesos triturados, secreci\u00f3n mamaria de vaca y menstruaci\u00f3n de gallina, pero si m\u00e1s all\u00e1 no existe un cuestionamiento de nuestro estilo de vida, de nuestros h\u00e1bitos de consumo y alimentaci\u00f3n, y del impacto que tienen dichos h\u00e1bitos sobre las vidas y h\u00e1bitats de incontables criaturas inocentes con las que compartimos este planeta, entonces todo se reduce a la instrumentalizaci\u00f3n del discurso antiespecista para reforzar un disfraz y eso no nos gusta nada. Si vas a hacer un comedor vegano para parecer m\u00e1s sensibilizadx con una causa que en realidad te importa una mierda, casi prefiero que no trates de enga\u00f1arnos y pongas una buena salsa bolognesa con la pasta llena de trocitos de carne picada, acompa\u00f1ado de un postre con l\u00e1cteos y huevo y de un buen entrante en forma de, por qu\u00e9 no, embutidos variados. Al menos ser\u00e9is honestxs, y no veng\u00e1is con que esto, al menos, sirve para promover el veganismo porque la mejor prueba de que esa promoci\u00f3n no es tan real como puede parecer a simple vista es que, en muchos casos, ni siquiera con el tiempo las personas que lo organizan y preparan se veganizan, tom\u00e1ndose por el contrario como un ataque las cr\u00edticas al considerar que \u00abbastante hacen ya\u00bb poniendo comedores veganos \u00a1como si tuvi\u00e9semos que agradec\u00e9rselo o algo!<\/p>\n<p align=\"JUSTIFY\">Si decides hacer un comedor vegano, que no sea por contentar a lxs cuatro anarcovegetas pesadxs de siempre (o sea, nosotrxs), sino por verdadero inter\u00e9s, por preocupaci\u00f3n y cari\u00f1o para con lxs animales no-humanxs, por empat\u00eda y por respeto. S\u00f3lo as\u00ed ser\u00e1 posible que esos encuentros se transformen en conversaciones y debates informales que originen nuevos proyectos y conspiraciones, nuevos colectivos e individualidades activas organizando su rabia para devolver a lxs asesinxs todos los golpes. Si los comedores veganos siguen siendo lugares donde juntarse para tener las mismas conversaciones superfluas que se tienen en el bar de la esquina mientras comes el bocata de tortilla con jam\u00f3n, entonces algo va mal y desde luego no es real la contribuci\u00f3n a la lucha contra el especismo sino m\u00e1s bien autocomplacencia pura y dura para evitar analizar y pensar en una cuesti\u00f3n inc\u00f3moda.<\/p>\n<p align=\"JUSTIFY\">Es preciso lanzar una cr\u00edtica al viento que sea recogida por aquellxs que se sientan aludidxs por la misma (no caer\u00e9 tan bajo de citar espacios o personas, pues esta cr\u00edtica es y pretende ser impersonal). Queremos rejuvenecer la labor de base antiespecista en las calles, pues creemos que dicho trabajo se encuentra en gran medida monopolizado por los sectores m\u00e1s reformistas del llamado \u00abmovimiento animalista \/ movimiento por los derechos de los animales\u00bb, un entorno que, si bien tiene sus aspectos positivos, no consideramos af\u00edn ya que enfoca la cuesti\u00f3n de la liberaci\u00f3n animal desde un enfoque equivocado al no cuestionar en absoluto la sociedad y el sistema en que nos encontramos, causa y motivo de todas las miserias conocidas incluyendo las que explotan, torturan, desnaturalizan, mercantilizan y asesinan a nuestrxs amigxs no-humanxs, limitando su pr\u00e1ctica a una est\u00e9ril a la par que recuperable propaganda en pos de una suerte de \u00abcapitalismo vegano\u00bb en el que las conciencias bienpensantes de la mayor\u00eda domesticada reci\u00e9n \u00abveganizada\u00bb puedan sentirse c\u00f3modas sin renunciar a las \u00abdelicias\u00bb del sistema. Esta gente fagocita las luchas, vac\u00eda su contenido potencialmente subversivo y las incorpora a los par\u00e1metros del mismo proyecto de dominacion del que se derivan los problemas que se pretende (presuntamente) combatir y erradicar. Crear una dimensi\u00f3n de la lucha realmente cr\u00edtica y radical que desenmascare a estxs \u00abcapita-listos verdes\u00bb y replantee el fin de la explotaci\u00f3n animal desde una perspectiva de liberaci\u00f3n mucho m\u00e1s amplia es nuestro cometido como anarquistas y como enemigxs de la autoridad y la opresi\u00f3n en cualquiera de sus formas.<\/p>\n<p align=\"JUSTIFY\">Repito: Este escrito no debe tomarse como un ataque personal ni a nivel de tu colectivo o espacio. Tampoco quiero que os ofend\u00e1is, mi objetivo no es \u00e9se, es simplemente haceros recapacitar y que cada cual saque sus propias conclusiones. S\u00e9 que muchxs s\u00ed llev\u00e1is a cabo esos esfuerzos, poni\u00e9ndolo todo y m\u00e1s de vuestra parte para promover el veganismo desde vuestros espacios, aguantando insufribles debates, mordi\u00e9ndoos la lengua para intentar mantener la calma mientras refut\u00e1is por en\u00e9sima vez el mismo argumento rid\u00edculo (ya sab\u00e9is, cosas del tipo de \u00abComer carne es necesario \u00bfsino las prote\u00ednas animales de d\u00f3nde las sacas&#8230;?\u00bb o \u00abNo respetas que yo coma carne\u00bb, respetando de paso que los neonazis apaleen migrantes o que en las c\u00e1rceles se torture porque total la cuesti\u00f3n es respetar las \u00abdecisiones personales\u00bb de lxs dem\u00e1s aunque impliquen sufrimiento y agon\u00eda para muchxs). S\u00e9 que os lo curr\u00e1is poniendo dinero muchas veces de vuestros propios bolsillos para sacar panfletos y carteles y tratando de ampliar el aforo de vuestras asambleas. A todxs vosotrxs, mi m\u00e1s sincero y afectuoso respeto y apoyo, porque somos la \u00faltima esperanza de esas miradas aterrorizadas que observan tras los barrotes los retales de un mundo que no comprenden pero que les ha condenado a muerte sin cometer delito, un mundo donde los sentimientos mueren de hipotermia congelando los corazones y las vidas son simple mercanc\u00eda. Tambi\u00e9n os dir\u00e9 que si a pesar de la intenci\u00f3n constructiva de esto alguien se molesta por lo que ha le\u00eddo, reconozco que me la trae al pairo. Hay verdades que duelen \u00a1pero si escuece es porque cura!<\/p>\n<p align=\"JUSTIFY\">Queremos caminar por calles repletas de carteles denunciando la crueldad especista, queremos o\u00edr noticias de acciones y ataques a empresas y establecimientos especistas m\u00e1s a menudo, de repartos de panfletos, de concentraciones ante los circos y plazas de toros, espont\u00e1neas e incontrolables, queremos esto y m\u00e1s, y queremos saber que muchas de esas iniciativas no han salido de lxs de siempre, que hay m\u00e1s gente atacando y desapareciendo. Queremos, en definitiva, la difusi\u00f3n virulenta de algo tan b\u00e1sico y elemental como es el respeto a una forma de vida inocente, su no menoscabo y su no sometimiento, sea cual sea el motivo de los mismos y queremos ser parte de ello. Porque nada nos hace m\u00e1s felices que ver en las calles el reflejo de la venganza contra el especismo y sonreir t\u00edmidamente mirando al suelo sabiendo que no hemos sido nosotrxs, y que alguien m\u00e1s est\u00e1 perdiendo la paciencia y para esto os necesitamos.<\/p>\n<p align=\"JUSTIFY\">La libertad colectiva florece del conjunto de libertades individuales establecidas en armon\u00eda y hasta que todxs nos hayamos liberado no s\u00f3lo de las cadenas que nos oprimen a nosotrxs sino tambi\u00e9n (\u00a1y sobre todo!) de esas partes de nuestras mentes que act\u00faan como cadenas sobre lxs dem\u00e1s, la anarqu\u00eda seguir\u00e1 siendo algo imposible. Porque como ya dijo Bakunin en su d\u00eda, una persona no puede ser libre mientras aquellxs que la rodean no lo sean as\u00ed que si de verdad odias la autoridad y el sometimiento, salta la reja de tus comodidades, rompe el candado de tus prejuicios, abre la jaula de tu empat\u00eda y lib\u00e9rate, lib\u00e9ralxs.<\/p>\n<p align=\"JUSTIFY\">\u00a1Hazte Veganx!<\/p>\n<p align=\"JUSTIFY\"><a href=\"https:\/\/vozcomoarma.noblogs.org\/files\/2013\/11\/Los-mataderos-crean-campos-de-batalla.jpg\"><img loading=\"lazy\" decoding=\"async\" class=\"aligncenter size-full wp-image-1731\" alt=\"Los mataderos crean campos de batalla\" src=\"https:\/\/vozcomoarma.noblogs.org\/files\/2013\/11\/Los-mataderos-crean-campos-de-batalla.jpg\" width=\"360\" height=\"508\" srcset=\"https:\/\/vozcomoarma.noblogs.org\/files\/2013\/11\/Los-mataderos-crean-campos-de-batalla.jpg 500w, https:\/\/vozcomoarma.noblogs.org\/files\/2013\/11\/Los-mataderos-crean-campos-de-batalla-212x300.jpg 212w\" sizes=\"auto, (max-width: 360px) 100vw, 360px\" \/><\/a><\/p>\n","protected":false},"excerpt":{"rendered":"<p>Lo que sigue a continuaci\u00f3n es una cr\u00edtica de intenci\u00f3n constructiva dirigida contra el espectro general de los movimientos sociales y m\u00e1s concretamente a aquellos anti-autoritarios o anarquistas, por ser estos donde m\u00e1s presencia encuentro de la problem\u00e1tica a abordar. &hellip; <a href=\"https:\/\/vozcomoarma.noblogs.org\/?p=1730\">Sigue leyendo <span class=\"meta-nav\">&rarr;<\/span><\/a><\/p>\n","protected":false},"author":7045,"featured_media":0,"comment_status":"closed","ping_status":"open","sticky":false,"template":"","format":"standard","meta":{"footnotes":""},"categories":[20],"tags":[39,42,37,24],"class_list":["post-1730","post","type-post","status-publish","format-standard","hentry","category-textos","tag-anti-especismo","tag-movimientos-sociales","tag-okupacion","tag-reflexion"],"_links":{"self":[{"href":"https:\/\/vozcomoarma.noblogs.org\/index.php?rest_route=\/wp\/v2\/posts\/1730","targetHints":{"allow":["GET"]}}],"collection":[{"href":"https:\/\/vozcomoarma.noblogs.org\/index.php?rest_route=\/wp\/v2\/posts"}],"about":[{"href":"https:\/\/vozcomoarma.noblogs.org\/index.php?rest_route=\/wp\/v2\/types\/post"}],"author":[{"embeddable":true,"href":"https:\/\/vozcomoarma.noblogs.org\/index.php?rest_route=\/wp\/v2\/users\/7045"}],"replies":[{"embeddable":true,"href":"https:\/\/vozcomoarma.noblogs.org\/index.php?rest_route=%2Fwp%2Fv2%2Fcomments&post=1730"}],"version-history":[{"count":1,"href":"https:\/\/vozcomoarma.noblogs.org\/index.php?rest_route=\/wp\/v2\/posts\/1730\/revisions"}],"predecessor-version":[{"id":1735,"href":"https:\/\/vozcomoarma.noblogs.org\/index.php?rest_route=\/wp\/v2\/posts\/1730\/revisions\/1735"}],"wp:attachment":[{"href":"https:\/\/vozcomoarma.noblogs.org\/index.php?rest_route=%2Fwp%2Fv2%2Fmedia&parent=1730"}],"wp:term":[{"taxonomy":"category","embeddable":true,"href":"https:\/\/vozcomoarma.noblogs.org\/index.php?rest_route=%2Fwp%2Fv2%2Fcategories&post=1730"},{"taxonomy":"post_tag","embeddable":true,"href":"https:\/\/vozcomoarma.noblogs.org\/index.php?rest_route=%2Fwp%2Fv2%2Ftags&post=1730"}],"curies":[{"name":"wp","href":"https:\/\/api.w.org\/{rel}","templated":true}]}}