{"id":17337,"date":"2017-07-12T18:24:15","date_gmt":"2017-07-12T16:24:15","guid":{"rendered":"https:\/\/vozcomoarma.noblogs.org\/?p=17337"},"modified":"2017-07-13T13:29:47","modified_gmt":"2017-07-13T11:29:47","slug":"esta-vez-en-galicia-los-circos-con-animales-siguen-tirando-de-manipulacion-para-proteger-su-lamentable-espectaculo","status":"publish","type":"post","link":"https:\/\/vozcomoarma.noblogs.org\/?p=17337","title":{"rendered":"Esta vez en Galicia. Los circos con animales siguen tirando de manipulaci\u00f3n para proteger su lamentable espect\u00e1culo."},"content":{"rendered":"<p align=\"justify\"><a href=\"https:\/\/vozcomoarma.noblogs.org\/files\/2017\/07\/yo-no-voy-al-circo-1.jpg\"><img loading=\"lazy\" decoding=\"async\" class=\"size-medium wp-image-17338 alignright\" src=\"https:\/\/vozcomoarma.noblogs.org\/files\/2017\/07\/yo-no-voy-al-circo-1-212x300.jpg\" alt=\"\" width=\"212\" height=\"300\" srcset=\"https:\/\/vozcomoarma.noblogs.org\/files\/2017\/07\/yo-no-voy-al-circo-1-212x300.jpg 212w, https:\/\/vozcomoarma.noblogs.org\/files\/2017\/07\/yo-no-voy-al-circo-1-768x1085.jpg 768w, https:\/\/vozcomoarma.noblogs.org\/files\/2017\/07\/yo-no-voy-al-circo-1-725x1024.jpg 725w, https:\/\/vozcomoarma.noblogs.org\/files\/2017\/07\/yo-no-voy-al-circo-1.jpg 1123w\" sizes=\"auto, (max-width: 212px) 100vw, 212px\" \/><\/a>En el pasado mes de marzo, se colgaba <strong><a href=\"https:\/\/vozcomoarma.noblogs.org\/?p=15695\">en este blog<\/a><\/strong> un texto de activistas antiespecistas\/animalistas de Ciudad Real desmontando las MENTIRAS que el empresario del Circo Continental junto con Nacho Pedrera, portavoz de la asociaci\u00f3n Circos Reunidos, hab\u00edan montado para intentar victimizarse, encubrir su gran torpeza y de paso criminalizar al movimiento por los derechos de los animales.<\/p>\n<p align=\"justify\">En aquella ocasi\u00f3n, despu\u00e9s de que su circo quedase en rid\u00edculo cuando dos toros lograron abandonar el recinto del circo y llegar a la v\u00eda p\u00fablica aunque sin atacar a nadie, ese incidente, fruto de las, afortunadamente, cutres instalaciones y seguridad de los explotadores due\u00f1os del circo, la fuga fortuita de los animales se convirti\u00f3 de repente y por arte de magia, con la complicidad de los medios de comunicaci\u00f3n locales en un acto supuestamente cometido por activistas animalistas que vestidos de negro y gritando consignas habr\u00edan sido vistos abriendo las jaulas de esos toros as\u00ed como de ponys, tigre y le\u00f3n (animales que deb\u00edan estar muy a gusto en su jaula, ya que en ning\u00fan momento fueron vistos fuera de ella). Con este cuento, pura invenci\u00f3n del due\u00f1o del circo para hacerse la v\u00edctima, no s\u00f3lo pretend\u00eda criminalizar al movimiento antiespecista local, sino tambi\u00e9n acusarles de poner en peligro la seguridad de ni\u00f1os, conductores y viandantes, algo que por supuesto, no es culpa de nadie m\u00e1s que del due\u00f1o del circo y adem\u00e1s, es falso ya que los toros (ni ponys, ni tigres, ni leones, s\u00f3lo dos toros) en ning\u00fan momento atacaron a nadie.<\/p>\n<p align=\"justify\">Cuando se da un incidente tan cutre y pat\u00e9tico en el que necesitas inventarte ataques de activistas a tus instalaciones para dar algo de pena y ver si as\u00ed reflotas tu asqueroso negocio basado en la explotaci\u00f3n y el maltrato, entonces queda claro que est\u00e1is acabados y que los circos de la escoria como vosotres, que convierte en \u201cespect\u00e1culo\u201d y pretende hacer pasar por divertida la tortura y la esclavitud de animales arrancados de sus h\u00e1bitats y condenados a una vida de jaulas y lamentos para diversi\u00f3n de cuatro imb\u00e9ciles, tienen los d\u00edas contados.<\/p>\n<p align=\"justify\">Tambi\u00e9n se produjo otro caso parecido en Madrid con el Circo Quir\u00f3s y el circo Gottani, cuando ante la presi\u00f3n ejercida por grupos de defensores de los animales que desde hac\u00eda varios a\u00f1os realizaban concentraciones y protestas pac\u00edficas frente a sus instalaciones en la capital para denunciar p\u00fablicamente el encierro y la violencia ejercida contra los animales explotados como atracci\u00f3n de feria, tambi\u00e9n se inventaron ataques de animalistas.<\/p>\n<p align=\"justify\">El 2 de enero de este a\u00f1o se produjo la primera concentraci\u00f3n de la temporada contra el circo Gottani en la que\u00a070 personas con carteles gritan lemas en contra de la explotaci\u00f3n y la esclavitud animal, a lo que el empresario del circo responde publicando una nota en sus queridos medios de comunicaci\u00f3n haci\u00e9ndose la v\u00edctima, sin mencionar en ning\u00fan momento los incidentes que ocurrieron durante concentraciones del a\u00f1o anterior en las que, a pesar de que les manifestantes no hab\u00edan incurrido en comportamiento violento de ninguna clase, el empresario envi\u00f3 a sus matones a perseguir, amenazar de muerte (un domador de este circo dijo textualmente a un activista \u00abte voy a rajar el cuello\u00bb y \u00abt\u00fa y yo nos vemos luego\u00bb, ver <strong><a href=\"https:\/\/porelfindelcircoconanimales.wordpress.com\/2016\/02\/03\/931\/\">aqu\u00ed<\/a><\/strong> m\u00e1s informaci\u00f3n), golpear e increpar a les manifestantes que protestaban. Pu\u00f1etazos, empujones, lanzamiento de objetos o empaparles con una manguera (en invierno) son algunas de las pr\u00e1cticas que ese circo despleg\u00f3 contra quienes exig\u00edan respeto para los animales.<\/p>\n<p align=\"justify\">12 d\u00edas despu\u00e9s, el 14 de enero tiene lugar otra <strong><a href=\"https:\/\/porelfindelcircoconanimales.wordpress.com\/2017\/01\/17\/cronica-de-la-concentracion-en-el-circo-quiros\/\" target=\"_blank\" rel=\"noopener\">concentraci\u00f3n frente al circo Quir\u00f3s en Madrid<\/a><\/strong>, en la que unas 200 personas expresan su rechazo absoluto a la utilizaci\u00f3n de animales en espect\u00e1culos. En ning\u00fan momento se habla de que las condiciones de los animales encerrados sean mejores o peores, ni de si se cumple o no la normativa estatal o la europea: se habla de que ning\u00fan animal deber\u00eda estar encerrado en un circo para que alguien gane dinero ni para que otras personas \u00abse diviertan\u00bb.<\/p>\n<p align=\"justify\">Esto fue respondido, nuevamente, con art\u00edculos y noticias publicados en los medios de comunicaci\u00f3n a los que sin duda estos miserables pagan para que les hagan de altavoz. Primero fue Europa Press, que publica una noticia diciendo que supuestos animalistas radicales hab\u00edan hecho pintadas en los camiones del circo Quir\u00f3s y hab\u00edan emboscado y pegado a Nacho Pedrera. A pesar de la completa falta de consistencia de las acusaciones, esta noticia ha sido copiada y pegada con mayor o menor disimulo por <strong><a href=\"http:\/\/www.telemadrid.es\/noticias\/madrid\/noticia\/el-circo-quiros-denuncia-pintandas-y-agresiones-por-parte-de-un-grupo-de-ani\" target=\"_blank\" rel=\"noopener\">Telemadrid<\/a><\/strong>, <strong><a href=\"http:\/\/www.elmundo.es\/madrid\/2017\/01\/15\/587ba20b22601dab5e8b4571.html\" target=\"_blank\" rel=\"noopener\">El Mundo<\/a><\/strong> y\u00a0<strong><a href=\"http:\/\/www.larazon.es\/local\/madrid\/amenazas-de-muerte-al-circo-JH14315286\" target=\"_blank\" rel=\"noopener\">La Raz\u00f3n,<\/a><\/strong> y reelaborada con especial ingenio y dominio de la prosa por <strong><a href=\"http:\/\/www.mundotoro.com\/noticia\/animalistas-amenazan-de-muerte-y-agreden-al-gerente-del-circo-quiros-en-madrid\/1312017\" target=\"_blank\" rel=\"noopener\">mundotoro.com<\/a><\/strong> (lo que demuestra que los torturadores que usan a los animales como payasos de circo y los que en cambio se divierten acuchill\u00e1ndoles hasta la muerte no son tan diferentes ni est\u00e1n tan alejados).<\/p>\n<p align=\"justify\">Aconsejo leer con detenimiento y atenci\u00f3n <strong><a href=\"http:\/\/www.eldiario.es\/caballodenietzsche\/Quiros-Gottani-verdadera-magia-circo_6_603749652.html\">este art\u00edculo publicado en El Diario por la Asamblea Antiespecista de Madrid<\/a><\/strong>, donde desmontan gran parte de las acusaciones de Pedrera, y de todo el armaz\u00f3n victimista que construy\u00f3 para criminalizar a les antiespecistas.<\/p>\n<p align=\"justify\">\u00bfA qu\u00e9 viene todo esto? Pues a que despu\u00e9s de quedar en evidencia por inventarse supuestas agresiones y supuestos actos de sabotaje en Ciudad Real y Madrid, hechos que nadie ha visto y que nadie ha podido corroborar salvo el relato inconsistente y lleno de contradicciones de los empresarios de los circos, ahora le llega el turno a Galicia.<\/p>\n<p align=\"justify\">Hoy, publicaba <strong><a href=\"http:\/\/diariodepontevedra.galiciae.com\/noticia\/729119\/circos-reunidos-denuncia-que-animalistas-radicales-agredieron-al-dueno-de-un-circo-en\">el Diario de Pontevedra<\/a><\/strong> una noticia de Circos Reunidos (nuevamente, Nacho Pedrera aparece en escena con su asociaci\u00f3n embustera) hablando de una supuesta agresi\u00f3n por parte de un grupo de \u00abanimalistas radicales\u00bb (sic) que le habr\u00edan pegado una paliza con barras de metal al due\u00f1o de un circo con animales portugu\u00e9s en la localidad pontevedresa de Silleda. En esa noticia no han dudado en aprovechar el (presunto) incidente para recordar los hechos en Ciudad Real y Madrid, \u00a1hechos que han quedado demostrados como falsos o al menos como faltos de verdad! Seg\u00fan declara Circos Reunidos,<em> \u00abestos hechos de radicalismo son inadmisibles, como lo ocurrido en enero en el circo Quiros en Madrid o en marzo en el Circo Continental en Ciudad Real\u00bb<\/em>.<\/p>\n<p align=\"justify\">No obstante, nosotres no olvidamos, nuestra memoria no es tan torpe ni a corto plazo como la de esas masas que enga\u00f1\u00e1is con publicidad de animales felices, sabemos perfectamente cu\u00e1les son vuestras tretas, c\u00f3mo funciona vuestra manipulaci\u00f3n y hasta d\u00f3nde est\u00e1is dispuestes a llegar para defender vuestro \u00abderecho\u00bb a torturar y esclavizar animales, vali\u00e9ndoos para ello de unas leyes y normativas que no son menos especistas y que desde luego no garantizan en absoluto el bienestar de los animales.<\/p>\n<p align=\"justify\">Quede clara una cosa. Por lo que a m\u00ed respecta (y hablo s\u00f3lo por m\u00ed), si a este embustero especista torturador de animales y agresor le hubieran dado esa supuesta paliza, yo me alegrar\u00eda. No encuentro motivos para compadecerme de un miserable que dedica su vida a sacar animales de su h\u00e1bitat natural, encerrarles toda su vida y torturarles hasta convertirles en poco m\u00e1s que payasos de circo. No encuentro motivos para sentir l\u00e1stima por alguien que opta por la violencia, la amenaza, la coerci\u00f3n y el terror como armas contra grupos de activistas pac\u00edfiques que piden \u00abtama\u00f1a barbaridad\u00bb como un mundo donde los animales sean tenidos en cuenta y respetados. No obstante, \u00bfsab\u00e9is el cuento aquel donde una oveja, de tanto gritar que viene el lobo, al final, cuando el lobo realmente atac\u00f3, nadie la crey\u00f3? Pues eso es, m\u00e1s o menos, lo que nos pasa contigo, Nachete. Ya nadie se cree tus lloros ni los de tus colegas. Sois unos torturadores y unos asesinos cobardes, y lo pagar\u00e9is caro, no quiz\u00e1 en forma de palizas, pero s\u00ed cuando tu negocio se hunda y ya no tengas la posibilidad de seguir ganando dinero a costa de encerrar y maltratar a criaturas inocentes.<\/p>\n<p align=\"justify\"><strong>\u00a1No a los circos con animales!<\/strong><\/p>\n","protected":false},"excerpt":{"rendered":"<p>En el pasado mes de marzo, se colgaba en este blog un texto de activistas antiespecistas\/animalistas de Ciudad Real desmontando las MENTIRAS que el empresario del Circo Continental junto con Nacho Pedrera, portavoz de la asociaci\u00f3n Circos Reunidos, hab\u00edan montado &hellip; <a href=\"https:\/\/vozcomoarma.noblogs.org\/?p=17337\">Sigue leyendo <span class=\"meta-nav\">&rarr;<\/span><\/a><\/p>\n","protected":false},"author":7045,"featured_media":0,"comment_status":"closed","ping_status":"open","sticky":false,"template":"","format":"standard","meta":{"footnotes":""},"categories":[61,9],"tags":[39,67,42,24,19,71],"class_list":["post-17337","post","type-post","status-publish","format-standard","hentry","category-noticias","category-noticias-y-comunicados","tag-anti-especismo","tag-madrid","tag-movimientos-sociales","tag-reflexion","tag-represion","tag-tortura"],"_links":{"self":[{"href":"https:\/\/vozcomoarma.noblogs.org\/index.php?rest_route=\/wp\/v2\/posts\/17337","targetHints":{"allow":["GET"]}}],"collection":[{"href":"https:\/\/vozcomoarma.noblogs.org\/index.php?rest_route=\/wp\/v2\/posts"}],"about":[{"href":"https:\/\/vozcomoarma.noblogs.org\/index.php?rest_route=\/wp\/v2\/types\/post"}],"author":[{"embeddable":true,"href":"https:\/\/vozcomoarma.noblogs.org\/index.php?rest_route=\/wp\/v2\/users\/7045"}],"replies":[{"embeddable":true,"href":"https:\/\/vozcomoarma.noblogs.org\/index.php?rest_route=%2Fwp%2Fv2%2Fcomments&post=17337"}],"version-history":[{"count":5,"href":"https:\/\/vozcomoarma.noblogs.org\/index.php?rest_route=\/wp\/v2\/posts\/17337\/revisions"}],"predecessor-version":[{"id":17343,"href":"https:\/\/vozcomoarma.noblogs.org\/index.php?rest_route=\/wp\/v2\/posts\/17337\/revisions\/17343"}],"wp:attachment":[{"href":"https:\/\/vozcomoarma.noblogs.org\/index.php?rest_route=%2Fwp%2Fv2%2Fmedia&parent=17337"}],"wp:term":[{"taxonomy":"category","embeddable":true,"href":"https:\/\/vozcomoarma.noblogs.org\/index.php?rest_route=%2Fwp%2Fv2%2Fcategories&post=17337"},{"taxonomy":"post_tag","embeddable":true,"href":"https:\/\/vozcomoarma.noblogs.org\/index.php?rest_route=%2Fwp%2Fv2%2Ftags&post=17337"}],"curies":[{"name":"wp","href":"https:\/\/api.w.org\/{rel}","templated":true}]}}