{"id":1736,"date":"2013-11-17T21:05:52","date_gmt":"2013-11-17T20:05:52","guid":{"rendered":"http:\/\/vozcomoarma.noblogs.org\/?p=1736"},"modified":"2013-11-17T21:05:52","modified_gmt":"2013-11-17T20:05:52","slug":"jornadas-antifascistas-de-murcia","status":"publish","type":"post","link":"https:\/\/vozcomoarma.noblogs.org\/?p=1736","title":{"rendered":"Jornadas Antifascistas de Murcia."},"content":{"rendered":"<p style=\"text-align: justify\">Desde Murcia compas env\u00edan esta convocatoria para unas jornadas antifascistas que se realizar\u00e1n el 20 y el 23 de noviembre aprovechando la fecha en la que unxs celebramos (sin olvidar que la lucha sigue, que no hemos ganado y que s\u00f3lo hemos heredado la asquerosa democracia liberal y burguesa que Franco quiso legarnos) y otrxs lloran la muerte del bastardo dictador Francisco Franco.<\/p>\n<p style=\"text-align: justify\">El mi\u00e9rcoles 20 habr\u00e1 una manifestaci\u00f3n antifascista, que saldr\u00e1 de la plaza Santo Domingo a las 20:30 y que est\u00e1 convocada por la Coordinadora Antifascista del Sureste.<\/p>\n<p style=\"text-align: justify\">Por otro lado, el d\u00eda 23 a las 19:30 habr\u00e1 una charla en el Centro Social Okupado Anarquista acerca de la lucha anticapitalista por parte de los grupos aut\u00f3nomos durante la mal llamada transici\u00f3n.<\/p>\n<p style=\"text-align: justify\">Para m\u00e1s informaci\u00f3n, dejo el cartel. \u00a1Contra el fascismo de ayer y hoy!<\/p>\n<p style=\"text-align: justify\"><a href=\"https:\/\/vozcomoarma.noblogs.org\/files\/2013\/11\/JORNADAS-ANTIFASCISTAS-20N-23N-MURCIA.jpeg\"><img loading=\"lazy\" decoding=\"async\" class=\"aligncenter size-full wp-image-1737\" alt=\"JORNADAS ANTIFASCISTAS 20N-23N MURCIA\" src=\"https:\/\/vozcomoarma.noblogs.org\/files\/2013\/11\/JORNADAS-ANTIFASCISTAS-20N-23N-MURCIA.jpeg\" width=\"516\" height=\"730\" srcset=\"https:\/\/vozcomoarma.noblogs.org\/files\/2013\/11\/JORNADAS-ANTIFASCISTAS-20N-23N-MURCIA.jpeg 679w, https:\/\/vozcomoarma.noblogs.org\/files\/2013\/11\/JORNADAS-ANTIFASCISTAS-20N-23N-MURCIA-212x300.jpeg 212w\" sizes=\"auto, (max-width: 516px) 100vw, 516px\" \/><\/a><\/p>\n","protected":false},"excerpt":{"rendered":"<p>Desde Murcia compas env\u00edan esta convocatoria para unas jornadas antifascistas que se realizar\u00e1n el 20 y el 23 de noviembre aprovechando la fecha en la que unxs celebramos (sin olvidar que la lucha sigue, que no hemos ganado y que &hellip; <a href=\"https:\/\/vozcomoarma.noblogs.org\/?p=1736\">Sigue leyendo <span class=\"meta-nav\">&rarr;<\/span><\/a><\/p>\n","protected":false},"author":7045,"featured_media":0,"comment_status":"closed","ping_status":"open","sticky":false,"template":"","format":"standard","meta":{"footnotes":""},"categories":[59,9],"tags":[14,16,42,128,37,24],"class_list":["post-1736","post","type-post","status-publish","format-standard","hentry","category-convocatorias","category-noticias-y-comunicados","tag-anti-fascismo","tag-guerra-social","tag-movimientos-sociales","tag-murcia","tag-okupacion","tag-reflexion"],"_links":{"self":[{"href":"https:\/\/vozcomoarma.noblogs.org\/index.php?rest_route=\/wp\/v2\/posts\/1736","targetHints":{"allow":["GET"]}}],"collection":[{"href":"https:\/\/vozcomoarma.noblogs.org\/index.php?rest_route=\/wp\/v2\/posts"}],"about":[{"href":"https:\/\/vozcomoarma.noblogs.org\/index.php?rest_route=\/wp\/v2\/types\/post"}],"author":[{"embeddable":true,"href":"https:\/\/vozcomoarma.noblogs.org\/index.php?rest_route=\/wp\/v2\/users\/7045"}],"replies":[{"embeddable":true,"href":"https:\/\/vozcomoarma.noblogs.org\/index.php?rest_route=%2Fwp%2Fv2%2Fcomments&post=1736"}],"version-history":[{"count":1,"href":"https:\/\/vozcomoarma.noblogs.org\/index.php?rest_route=\/wp\/v2\/posts\/1736\/revisions"}],"predecessor-version":[{"id":1738,"href":"https:\/\/vozcomoarma.noblogs.org\/index.php?rest_route=\/wp\/v2\/posts\/1736\/revisions\/1738"}],"wp:attachment":[{"href":"https:\/\/vozcomoarma.noblogs.org\/index.php?rest_route=%2Fwp%2Fv2%2Fmedia&parent=1736"}],"wp:term":[{"taxonomy":"category","embeddable":true,"href":"https:\/\/vozcomoarma.noblogs.org\/index.php?rest_route=%2Fwp%2Fv2%2Fcategories&post=1736"},{"taxonomy":"post_tag","embeddable":true,"href":"https:\/\/vozcomoarma.noblogs.org\/index.php?rest_route=%2Fwp%2Fv2%2Ftags&post=1736"}],"curies":[{"name":"wp","href":"https:\/\/api.w.org\/{rel}","templated":true}]}}