{"id":17413,"date":"2017-07-18T14:18:01","date_gmt":"2017-07-18T12:18:01","guid":{"rendered":"https:\/\/vozcomoarma.noblogs.org\/?p=17413"},"modified":"2017-07-18T14:21:00","modified_gmt":"2017-07-18T12:21:00","slug":"chile-atentado-incendiario-a-bus-del-transantiago-panfleto-post-electoral","status":"publish","type":"post","link":"https:\/\/vozcomoarma.noblogs.org\/?p=17413","title":{"rendered":"Chile &#8211; Atentado incendiario a bus del Transantiago + Panfleto Post-electoral"},"content":{"rendered":"<p align=\"justify\">Les compas de <strong><a href=\"https:\/\/noticiasdelaguerrasocial.wordpress.com\/\">Noticias de la Guerra Social (Chile)<\/a><\/strong> han enviado por e-mail esta noticia para su difusi\u00f3n, acerca de un nuevo ataque incendiario contra una de las m\u00e1quinas que el Capital necesita para el transporte cada vez m\u00e1s estresante y convulsivo de esclaves y mercanc\u00edas por la ciudad de Santiago de Chile, un autob\u00fas del Transantiago, como gesto simb\u00f3lico de negaci\u00f3n de la autoridad y la dominaci\u00f3n capitalista, dentro del contexto de la lucha contra las elecciones presidenciales primarias (realizadas el d\u00eda previo a la fecha de esta acci\u00f3n).<\/p>\n<p align=\"justify\">Aclarar que lo que sigue NO es una reivindicaci\u00f3n de responsabilidad, sino un mero reporte informativo. Por ahora, no se han emitido reivindicaciones escritas, si bien les autores del sabotaje dejaron a su paso en el lugar panfletos explicando sus razones pol\u00edticas para ello:<\/p>\n<p align=\"justify\">&#8212;&#8212;&#8212;&#8212;&#8212;&#8212;&#8212;&#8212;&#8211;<\/p>\n<p align=\"justify\"><em>Cerca de las 23:30 del 02 de junio del 2017, 3 sujetos hacen bajar a los 12 pasajeros y al ch\u00f3fer de un nuevo bus del Transantiago en la intersecci\u00f3n de Las Rejas sur con Pasaje Jerem\u00edas, sector de Villa Francia.<\/em><\/p>\n<p align=\"justify\"><em>Tras dejar la micro vac\u00eda, lxs an\u00f3nimxs lanzaron 3 bombas molotov incendiando por completo el bus, lanzando panfletos por el sector. Recordamos que el d\u00eda anterior al ataque incendiario se realizaron las elecciones primarias, donde se decidir\u00e1 qu\u00e9 candidatos presidenciales competir\u00e1n. Este atentado incendiario se suma <strong><a href=\"https:\/\/vozcomoarma.noblogs.org\/?p=17112\">al reciente ataque contra otro bus del Transantiago en el mismo sector<\/a><\/strong><\/em><\/p>\n<p align=\"justify\"><em>::Transcripci\u00f3n del panfleto encontrado en el sector:::<\/em><\/p>\n<p align=\"justify\"><em>Contra las elecciones de la burgues\u00eda a levantar lucha popular y subversiva<br \/>\n<\/em><em>\u00a1A construir el ejercito del pueblo!<br \/>\n<\/em><\/p>\n<p align=\"justify\"><em>-Brigadas Revolucionarias-<\/em><\/p>\n<p align=\"justify\"><em><strong>PD de Noticias de la Guerra Social:<\/strong> Como antiautoritarios, nos posicionamos lejos de los discursos propios de la izquierda, sus imaginarios de pueblo y lucha popular como horizonte revolucionario. Pero aun as\u00ed, nos parece importante situar esta acci\u00f3n y otras que sucedieron estas fechas considerando el contexto antielectoral y con el ejercito encargado de custodiar el orden de algunos locales de votaci\u00f3n.<\/em><\/p>\n<p align=\"justify\"><a href=\"https:\/\/vozcomoarma.noblogs.org\/files\/2017\/07\/02bus02julio.jpg\"><img loading=\"lazy\" decoding=\"async\" class=\"aligncenter wp-image-17415 size-full\" src=\"https:\/\/vozcomoarma.noblogs.org\/files\/2017\/07\/02bus02julio.jpg\" alt=\"\" width=\"768\" height=\"432\" srcset=\"https:\/\/vozcomoarma.noblogs.org\/files\/2017\/07\/02bus02julio.jpg 768w, https:\/\/vozcomoarma.noblogs.org\/files\/2017\/07\/02bus02julio-300x169.jpg 300w\" sizes=\"auto, (max-width: 768px) 100vw, 768px\" \/><\/a> <a href=\"https:\/\/vozcomoarma.noblogs.org\/files\/2017\/07\/01bus02julio.jpg\"><img loading=\"lazy\" decoding=\"async\" class=\"aligncenter wp-image-17416 size-full\" src=\"https:\/\/vozcomoarma.noblogs.org\/files\/2017\/07\/01bus02julio.jpg\" alt=\"\" width=\"768\" height=\"449\" srcset=\"https:\/\/vozcomoarma.noblogs.org\/files\/2017\/07\/01bus02julio.jpg 768w, https:\/\/vozcomoarma.noblogs.org\/files\/2017\/07\/01bus02julio-300x175.jpg 300w\" sizes=\"auto, (max-width: 768px) 100vw, 768px\" \/><\/a><\/p>\n","protected":false},"excerpt":{"rendered":"<p>Les compas de Noticias de la Guerra Social (Chile) han enviado por e-mail esta noticia para su difusi\u00f3n, acerca de un nuevo ataque incendiario contra una de las m\u00e1quinas que el Capital necesita para el transporte cada vez m\u00e1s estresante &hellip; <a href=\"https:\/\/vozcomoarma.noblogs.org\/?p=17413\">Sigue leyendo <span class=\"meta-nav\">&rarr;<\/span><\/a><\/p>\n","protected":false},"author":7045,"featured_media":0,"comment_status":"closed","ping_status":"open","sticky":false,"template":"","format":"standard","meta":{"footnotes":""},"categories":[58,61,9],"tags":[78,16,26,10],"class_list":["post-17413","post","type-post","status-publish","format-standard","hentry","category-acciones","category-noticias","category-noticias-y-comunicados","tag-chile","tag-guerra-social","tag-insurreccionalismo","tag-sabotaje"],"_links":{"self":[{"href":"https:\/\/vozcomoarma.noblogs.org\/index.php?rest_route=\/wp\/v2\/posts\/17413","targetHints":{"allow":["GET"]}}],"collection":[{"href":"https:\/\/vozcomoarma.noblogs.org\/index.php?rest_route=\/wp\/v2\/posts"}],"about":[{"href":"https:\/\/vozcomoarma.noblogs.org\/index.php?rest_route=\/wp\/v2\/types\/post"}],"author":[{"embeddable":true,"href":"https:\/\/vozcomoarma.noblogs.org\/index.php?rest_route=\/wp\/v2\/users\/7045"}],"replies":[{"embeddable":true,"href":"https:\/\/vozcomoarma.noblogs.org\/index.php?rest_route=%2Fwp%2Fv2%2Fcomments&post=17413"}],"version-history":[{"count":2,"href":"https:\/\/vozcomoarma.noblogs.org\/index.php?rest_route=\/wp\/v2\/posts\/17413\/revisions"}],"predecessor-version":[{"id":17419,"href":"https:\/\/vozcomoarma.noblogs.org\/index.php?rest_route=\/wp\/v2\/posts\/17413\/revisions\/17419"}],"wp:attachment":[{"href":"https:\/\/vozcomoarma.noblogs.org\/index.php?rest_route=%2Fwp%2Fv2%2Fmedia&parent=17413"}],"wp:term":[{"taxonomy":"category","embeddable":true,"href":"https:\/\/vozcomoarma.noblogs.org\/index.php?rest_route=%2Fwp%2Fv2%2Fcategories&post=17413"},{"taxonomy":"post_tag","embeddable":true,"href":"https:\/\/vozcomoarma.noblogs.org\/index.php?rest_route=%2Fwp%2Fv2%2Ftags&post=17413"}],"curies":[{"name":"wp","href":"https:\/\/api.w.org\/{rel}","templated":true}]}}