{"id":17451,"date":"2017-07-19T20:32:55","date_gmt":"2017-07-19T18:32:55","guid":{"rendered":"https:\/\/vozcomoarma.noblogs.org\/?p=17451"},"modified":"2017-07-19T20:32:55","modified_gmt":"2017-07-19T18:32:55","slug":"para-nosotros-tampoco-termina-nada-todo-continua-desestimado-el-recurso-de-la-audiencia-nacional-a-los-imputados-de-la-operacion-pinata","status":"publish","type":"post","link":"https:\/\/vozcomoarma.noblogs.org\/?p=17451","title":{"rendered":"\u00abPara nosotros, tampoco termina nada: Todo contin\u00faa\u00bb \/\/ Desestimado el recurso de la Audiencia Nacional a los imputados de la Operaci\u00f3n Pi\u00f1ata"},"content":{"rendered":"<p align=\"justify\"><a href=\"https:\/\/vozcomoarma.noblogs.org\/files\/2017\/07\/solidaridad-companeros-anarquistas-detenidos-operacion-pinata_1_2252817.jpg\"><img loading=\"lazy\" decoding=\"async\" class=\"size-medium wp-image-17452 alignright\" src=\"https:\/\/vozcomoarma.noblogs.org\/files\/2017\/07\/solidaridad-companeros-anarquistas-detenidos-operacion-pinata_1_2252817-300x200.jpg\" alt=\"\" width=\"300\" height=\"200\" srcset=\"https:\/\/vozcomoarma.noblogs.org\/files\/2017\/07\/solidaridad-companeros-anarquistas-detenidos-operacion-pinata_1_2252817-300x200.jpg 300w, https:\/\/vozcomoarma.noblogs.org\/files\/2017\/07\/solidaridad-companeros-anarquistas-detenidos-operacion-pinata_1_2252817.jpg 620w\" sizes=\"auto, (max-width: 300px) 100vw, 300px\" \/><\/a>A continuaci\u00f3n sigue una noticia recibida en el correo electr\u00f3nico sobre la desestimaci\u00f3n del recurso de la defensa de las personas acusadas en el marco de la Operaci\u00f3n Pi\u00f1ata, quienes recurrieron contra una de tantas irregularidades presentes en el proceso y por la cual se hab\u00eda ignorado el derecho de las acusadas a organizar su defensa:<\/p>\n<p align=\"justify\">&#8212;&#8212;&#8212;&#8212;&#8212;&#8212;&#8212;&#8212;&#8212;&#8212;&#8212;&#8212;&#8212;<\/p>\n<p align=\"justify\"><strong><em>PARA NOSOTROS, TAMPOCO TERMINA NADA: TODO CONTIN\u00daA<\/em><\/strong><\/p>\n<p align=\"justify\"><em>[Desestimado el recurso de la Audiencia Nacional a los imputados de la Operaci\u00f3n Pi\u00f1ata]<\/em><\/p>\n<p align=\"justify\"><em>El juzgado de la Audiencia Nacional N\u00ba 6 ha desestimado el recurso que se puso por parte de los abogados de la Operaci\u00f3n Pi\u00f1ata y ha decidido continuar con la pr\u00f3rroga de 18 meses (m\u00e1ximo) de fase de instrucci\u00f3n.<\/em><\/p>\n<p align=\"justify\"><em>El recurso que se envi\u00f3 hace m\u00e1s de un mes, redactaba que la A.N. hab\u00eda dejado sin lugar a defensa a los encausados dado que el juzgado deb\u00eda de esperar una respuesta por la parte acusada en la que se ped\u00eda el archivo alegando distintos motivos. Antes de haber podido ni siquiera enviar dicha comunicaci\u00f3n, Eloy Velasco decidi\u00f3 responder negativamente, pero no se sabe a qu\u00e9 respond\u00eda negativamente dado que a\u00fan no hab\u00eda dado lugar a enviar los alegatos pertinentes.<\/em><\/p>\n<p align=\"justify\"><em> A esto, se le considera una falta grave por dejar en indefensi\u00f3n a los imputados y por eso los abogados han recurrido dicho defecto de forma grave con la consiguiente negativa de nuevo.<\/em><\/p>\n<p align=\"justify\"><em>Esto es todo a nivel legal de momento, algo que algunas personas ve\u00edamos interesante compartir con el resto de compa\u00f1eros, pero que al mismo tiempo no queremos que sea el centro de la cuesti\u00f3n.<\/em><\/p>\n<p align=\"justify\"><em>Parece ser que la Audiencia Nacional no quiere dejarlo estar y no se olvida de esto. Sabemos los l\u00edos internos de poder que tienen tras esos muros. Sabemos c\u00f3mo se las gastan a golpe de mazazo con chantajes y sobornos pol\u00edticos de por medio para asegurarse una imagen democr\u00e1tica y eficaz. Conocemos sus aparatos represivos porque tanto nosotros como muchos compa\u00f1eros y luchadores los han sufrido. Y es por eso que no confiamos en absoluto en su democracia, sus tr\u00e1mites, sus derechos ni sus leyes.<\/em><\/p>\n<p align=\"justify\"><em>Eloy Velasco se ha marchado pero ha dejado sus deberes hechos a quien le sigue.<\/em><\/p>\n<p align=\"justify\"><em>Para nosotros tampoco termina nada, ni nos olvidamos ni pensamos quedarnos estancados esperando una sentencia condenatoria. A pesar de haber archivado la Operaci\u00f3n Pandora I y II y de saber que los compa\u00f1eros M\u00f3nica y Francisco se encuentran por fin en libertad, no podemos olvidar las consecuencias que han tenido estas operaciones represivas para el movimiento anarquista, para las luchas en general y para las personas que las han sufrido en particular. Porque ni con todas las absoluciones que pudiera haber ni con todos los archivos de causas que quieran efectuar, har\u00e1n que nos quedemos de brazos cruzados tras haber montado semejante espect\u00e1culo, que al fin y al cabo es lo que les interesa.<\/em><\/p>\n<p align=\"justify\"><em>El da\u00f1o ya est\u00e1 hecho, sea cual sea el resultado, y al fin y al cabo s\u00f3lo somos un instrumento m\u00e1s del Estado para demostrar a los ciudadanos de bien que todo est\u00e1 bajo control.<\/em><\/p>\n<p align=\"justify\"><em> Todo esto de la mano de la prensa, aut\u00e9nticos carro\u00f1eros que se han esmerado muy bien en hacer su trabajo de intoxicaci\u00f3n y manipulaci\u00f3n medi\u00e1tica. Ya se ve\u00eda venir y es que \u201ccuando el r\u00edo suena, agua lleva\u201d.<\/em><\/p>\n<p align=\"justify\"><em>Para todos ellos (medios, pol\u00edticos, polic\u00edas, carceleros, jueces, etc.) todo nuestro odio.<\/em><\/p>\n<p align=\"justify\"><em>Para los compa\u00f1eros que contin\u00faan adelante sin retroceder, aquellos que siguen mostrando que la solidaridad no entiende de fronteras ni de leyes: Toda nuestra complicidad.<\/em><\/p>\n<p align=\"justify\"><strong><em>Que la lucha contin\u00fae. Todo sigue, nada termina aqu\u00ed\u2026<\/em><\/strong><\/p>\n<p align=\"justify\"><strong><em>Seguimos adelante por la compa\u00f1era encarcelada en Aachen y por los imputados de la Operaci\u00f3n ICE.<br \/>\n<\/em><em>Por los presos del Estado Espa\u00f1ol en lucha que actualmente est\u00e1n lanzando una propuesta al exterior con reivindicaciones y huelgas.<br \/>\n<\/em><em>Por los compa\u00f1eros de Italia que siguen recibiendo a golpe de detenci\u00f3n la represi\u00f3n por parte del Estado.<br \/>\n<\/em><em>Por todos los presos de todas las c\u00e1rceles y C.I.E. \u00a1ABAJO LOS MUROS DE LAS PRISIONES Y DE LAS FRONTERAS!<\/em><\/strong><\/p>\n","protected":false},"excerpt":{"rendered":"<p>A continuaci\u00f3n sigue una noticia recibida en el correo electr\u00f3nico sobre la desestimaci\u00f3n del recurso de la defensa de las personas acusadas en el marco de la Operaci\u00f3n Pi\u00f1ata, quienes recurrieron contra una de tantas irregularidades presentes en el proceso &hellip; <a href=\"https:\/\/vozcomoarma.noblogs.org\/?p=17451\">Sigue leyendo <span class=\"meta-nav\">&rarr;<\/span><\/a><\/p>\n","protected":false},"author":7045,"featured_media":0,"comment_status":"closed","ping_status":"open","sticky":false,"template":"","format":"standard","meta":{"footnotes":""},"categories":[61,9,7,209],"tags":[107,48,16,67,42,24,19,11],"class_list":["post-17451","post","type-post","status-publish","format-standard","hentry","category-noticias","category-noticias-y-comunicados","category-presxs","category-presxs-operacion-pinata","tag-barcelona","tag-cataluna","tag-guerra-social","tag-madrid","tag-movimientos-sociales","tag-reflexion","tag-represion","tag-solidaridad"],"_links":{"self":[{"href":"https:\/\/vozcomoarma.noblogs.org\/index.php?rest_route=\/wp\/v2\/posts\/17451","targetHints":{"allow":["GET"]}}],"collection":[{"href":"https:\/\/vozcomoarma.noblogs.org\/index.php?rest_route=\/wp\/v2\/posts"}],"about":[{"href":"https:\/\/vozcomoarma.noblogs.org\/index.php?rest_route=\/wp\/v2\/types\/post"}],"author":[{"embeddable":true,"href":"https:\/\/vozcomoarma.noblogs.org\/index.php?rest_route=\/wp\/v2\/users\/7045"}],"replies":[{"embeddable":true,"href":"https:\/\/vozcomoarma.noblogs.org\/index.php?rest_route=%2Fwp%2Fv2%2Fcomments&post=17451"}],"version-history":[{"count":1,"href":"https:\/\/vozcomoarma.noblogs.org\/index.php?rest_route=\/wp\/v2\/posts\/17451\/revisions"}],"predecessor-version":[{"id":17453,"href":"https:\/\/vozcomoarma.noblogs.org\/index.php?rest_route=\/wp\/v2\/posts\/17451\/revisions\/17453"}],"wp:attachment":[{"href":"https:\/\/vozcomoarma.noblogs.org\/index.php?rest_route=%2Fwp%2Fv2%2Fmedia&parent=17451"}],"wp:term":[{"taxonomy":"category","embeddable":true,"href":"https:\/\/vozcomoarma.noblogs.org\/index.php?rest_route=%2Fwp%2Fv2%2Fcategories&post=17451"},{"taxonomy":"post_tag","embeddable":true,"href":"https:\/\/vozcomoarma.noblogs.org\/index.php?rest_route=%2Fwp%2Fv2%2Ftags&post=17451"}],"curies":[{"name":"wp","href":"https:\/\/api.w.org\/{rel}","templated":true}]}}