{"id":1748,"date":"2013-11-17T22:26:25","date_gmt":"2013-11-17T21:26:25","guid":{"rendered":"http:\/\/vozcomoarma.noblogs.org\/?p=1748"},"modified":"2013-11-17T22:35:27","modified_gmt":"2013-11-17T21:35:27","slug":"el-proximo-20-n-solidaridad-con-el-cso-palavea","status":"publish","type":"post","link":"https:\/\/vozcomoarma.noblogs.org\/?p=1748","title":{"rendered":"Galiza &#8211; El pr\u00f3ximo 20-N \u00a1Solidaridad con el CSO Palavea!"},"content":{"rendered":"<p align=\"JUSTIFY\">El Centro Social Okupado Palavea es un espacio para la cultura libre y las biopol\u00edticas alternativas situado en el antiguo internado de las Oblatas, en el barrio de Palavea, Coru\u00f1a. Durante a\u00f1os este edificio permaneci\u00f3 en estado de completo abandono, a merced de los buitres que convierten la vivienda en un bien con el que especular libremente amparados en unas leyes que favorecen el \u00e9xito de sus estrategias. Hace una temporada, el espacio fue okupado por un grupo de personas procedentes de diferentes movimientos sociales de la ciudad con el objetivo de rehabilitar su ruinoso interior y utilizarlo como vivienda y como espacio donde construir otra forma de relacionarse y de concebir la realidad, donde dise\u00f1ar y poner en marcha pr\u00e1cticas de autogesti\u00f3n, de comunidad y de lucha social al margen de las instituciones que comercian d\u00eda a d\u00eda con nuestros sue\u00f1os y esperanzas destruyendo las vidas y el futuro de las personas para seguir llenando sus rebosantes arcas. Ahora, un empresario local ha comprado el edificio con el presunto objetivo de montar un asilo privado, pero sus intenciones no tienen nada que ver con un filantr\u00f3pico proyecto de ayuda p\u00fablica sino que s\u00f3lo esconden intereses netamente lucrativos vehiculados por el cada vez mayor envejecimiento de la poblaci\u00f3n en una sociedad marcada por la privatizaci\u00f3n de los servicios p\u00fablicos m\u00e1s elementales, lo que en suma da como resultado un negocio seguro. Adem\u00e1s, existe un inter\u00e9s represivo que queda al descubierto cuando la presencia de los colectivos que devolvieron la vida a ese edificio y al barrio fue aprovechada para abaratar el precio (teniendo en cuenta que Valery Karpin, ex-futbolista y actual especulador inmobiliario que perdi\u00f3 la propiedad en su d\u00eda por no poder afrontar los pagos, hab\u00eda pagado inicialmente 7 miillones de \u20ac, y que el empresario de Sada que lo ha comprado ahora ha pagado s\u00f3lo 1 mill\u00f3n al compr\u00e1rselo a Nova Galicia Banco, a quienes pas\u00f3 la propiedad tras perderla Karpin). Urge echarles de ah\u00ed porque fomentan otra manera de vivir, porque cuestionan lo establecido y reconfiguran sus m\u00e1rgenes para liberar momentos y espacios secuestrados bajo las l\u00f3gicas del mercado que terminan exterminando la libertad y someti\u00e9ndonos a las directrices que nos marcan sus estructuras, las mismas que nos est\u00e1n arruinando bajo el pretexto de una falsa crisis que legitima la supresi\u00f3n de nuestra dignidad a todos los niveles.<\/p>\n<p align=\"JUSTIFY\">El pr\u00f3ximo 20 de noviembre, en un sorprendente alarde de nostalgia fascista, tendr\u00e1 lugar un juicio contra las personas identificadas por su okupaci\u00f3n del espacio, que podr\u00eda ser la antesala de un desalojo y destrucci\u00f3n del mismo. Por eso, el pr\u00f3ximo 20 de noviembre a las 11:35 de la ma\u00f1ana delante de los juzgados de A Coru\u00f1a tendr\u00e1 lugar una concentraci\u00f3n de apoyo al proyecto del Centro Social Okupado Palavea. \u00a1VEN Y MUESTRA TU APOYO!<\/p>\n<p align=\"JUSTIFY\">En el CSO Palavea se ha dado acogida a numerosos proyectos culturales, sociales y pol\u00edticos. Se han hecho conciertos de grupos de todo tipo de estilos que por sus pocos recursos o por sus convicciones no encajaron en el cat\u00e1logo oficial de la industria discogr\u00e1fica o no encuentran lugar en los locales comerciales; Se han hecho infinidad de comedores veganos con los que reunir dinero para diferentes causas; Se han dado charlas sobre toda clase de tem\u00e1ticas, debates y proyecciones de documentales; Se han creado numerosos talleres (yoga, reciclaje y reparaci\u00f3n inform\u00e1tica, percusi\u00f3n, guitarra, danza, fabricaci\u00f3n de jabones, manualidades y artes pl\u00e1sticas, cocina vegana, artes marciales&#8230;); Se ha construido y puesto en marcha una huerta ecol\u00f3gica y cooperativa donde han participado muchxs vecinos y vecinas, y una rampa de skate, ciber-caf\u00e9 y otros recursos gratu\u00edtos y a disposici\u00f3n de cualquiera. Estos y otros muchos proyectos han permitido superar las dificultades que los imperativos capitalistas nos ponen a la hora de recuperar nuestras vidas y nuestra autonom\u00eda, nuestra energ\u00eda y nuestras ganas de seguir combatiendo sus injusticias y de seguir llen\u00e1ndonos con algo m\u00e1s que vac\u00edo y gris ciudad en un mundo cada vez m\u00e1s podrido y envenenado al que s\u00f3lo le queda caer, derrumbarse, para que de sus escombros pueda germinar la semilla de rabia y creatividad que nos permita forjar otro mundo m\u00e1s necesario que imposible.<\/p>\n<p align=\"JUSTIFY\">Mientras la especulaci\u00f3n y sus estrategias chantajistas privatizan el espacio y convierten la vivienda en una propiedad privada con la que jugar como si la vida real fuese un tablero de Monopoly macabro, se protege a quienes dejan a miles de familias en la calle y se expulsa, reprime y persigue a quienes deciden, mediante la acci\u00f3n directa y la pr\u00e1ctica colectiva, oponerse a esta situaci\u00f3n y rebelarse. No esper\u00e1bamos menos de un sistema genocida que lacera millones de vidas, aniquila el medio ambiente y sumerge las conciencias en las lagunas consumistas rentabilizando la frustraci\u00f3n y los complejos de autoestima. Desalojar\u00e1n, lo sabemos, tarde o temprano lo har\u00e1n, pero tambi\u00e9n sabemos que la lucha no termina aqu\u00ed, que esto es s\u00f3lo el principio y que mientras nos quede aliento seguiremos creando espacios vivos donde algunxs s\u00f3lo quieren muerte y dinero.<\/p>\n<p align=\"JUSTIFY\">\u00a1Solidaridad con lxs compa\u00f1erxs del CSO Palavea!<\/p>\n<p align=\"JUSTIFY\">Para leer el comunicado de la asamblea del CSO ante el juicio click <a href=\"https:\/\/vozcomoarma.noblogs.org\/?p=1490\">aqu\u00ed<\/a>.<\/p>\n<p align=\"JUSTIFY\"><a href=\"https:\/\/vozcomoarma.noblogs.org\/files\/2013\/11\/concentracion20-n.jpg\"><img loading=\"lazy\" decoding=\"async\" class=\"aligncenter size-full wp-image-1749\" alt=\"Concentraci\u00f3n CSO Palavea\" src=\"https:\/\/vozcomoarma.noblogs.org\/files\/2013\/11\/concentracion20-n.jpg\" width=\"450\" height=\"318\" srcset=\"https:\/\/vozcomoarma.noblogs.org\/files\/2013\/11\/concentracion20-n.jpg 450w, https:\/\/vozcomoarma.noblogs.org\/files\/2013\/11\/concentracion20-n-300x212.jpg 300w\" sizes=\"auto, (max-width: 450px) 100vw, 450px\" \/><\/a><\/p>\n","protected":false},"excerpt":{"rendered":"<p>El Centro Social Okupado Palavea es un espacio para la cultura libre y las biopol\u00edticas alternativas situado en el antiguo internado de las Oblatas, en el barrio de Palavea, Coru\u00f1a. Durante a\u00f1os este edificio permaneci\u00f3 en estado de completo abandono, &hellip; <a href=\"https:\/\/vozcomoarma.noblogs.org\/?p=1748\">Sigue leyendo <span class=\"meta-nav\">&rarr;<\/span><\/a><\/p>\n","protected":false},"author":7045,"featured_media":0,"comment_status":"closed","ping_status":"open","sticky":false,"template":"","format":"standard","meta":{"footnotes":""},"categories":[59,9],"tags":[62,40,18,16,42,37,24,19,11],"class_list":["post-1748","post","type-post","status-publish","format-standard","hentry","category-convocatorias","category-noticias-y-comunicados","tag-desalojo","tag-especulacion","tag-galicia","tag-guerra-social","tag-movimientos-sociales","tag-okupacion","tag-reflexion","tag-represion","tag-solidaridad"],"_links":{"self":[{"href":"https:\/\/vozcomoarma.noblogs.org\/index.php?rest_route=\/wp\/v2\/posts\/1748","targetHints":{"allow":["GET"]}}],"collection":[{"href":"https:\/\/vozcomoarma.noblogs.org\/index.php?rest_route=\/wp\/v2\/posts"}],"about":[{"href":"https:\/\/vozcomoarma.noblogs.org\/index.php?rest_route=\/wp\/v2\/types\/post"}],"author":[{"embeddable":true,"href":"https:\/\/vozcomoarma.noblogs.org\/index.php?rest_route=\/wp\/v2\/users\/7045"}],"replies":[{"embeddable":true,"href":"https:\/\/vozcomoarma.noblogs.org\/index.php?rest_route=%2Fwp%2Fv2%2Fcomments&post=1748"}],"version-history":[{"count":2,"href":"https:\/\/vozcomoarma.noblogs.org\/index.php?rest_route=\/wp\/v2\/posts\/1748\/revisions"}],"predecessor-version":[{"id":1751,"href":"https:\/\/vozcomoarma.noblogs.org\/index.php?rest_route=\/wp\/v2\/posts\/1748\/revisions\/1751"}],"wp:attachment":[{"href":"https:\/\/vozcomoarma.noblogs.org\/index.php?rest_route=%2Fwp%2Fv2%2Fmedia&parent=1748"}],"wp:term":[{"taxonomy":"category","embeddable":true,"href":"https:\/\/vozcomoarma.noblogs.org\/index.php?rest_route=%2Fwp%2Fv2%2Fcategories&post=1748"},{"taxonomy":"post_tag","embeddable":true,"href":"https:\/\/vozcomoarma.noblogs.org\/index.php?rest_route=%2Fwp%2Fv2%2Ftags&post=1748"}],"curies":[{"name":"wp","href":"https:\/\/api.w.org\/{rel}","templated":true}]}}