{"id":17511,"date":"2017-07-25T14:13:20","date_gmt":"2017-07-25T12:13:20","guid":{"rendered":"https:\/\/vozcomoarma.noblogs.org\/?p=17511"},"modified":"2017-07-25T14:13:20","modified_gmt":"2017-07-25T12:13:20","slug":"alemania-estos-fueron-dias-de-revuelta-sobre-las-protestas-contra-la-cumbre-del-g-20-en-hamburgo","status":"publish","type":"post","link":"https:\/\/vozcomoarma.noblogs.org\/?p=17511","title":{"rendered":"Alemania &#8211; \u00abEstos fueron d\u00edas de revuelta&#8230;\u00bb, sobre las protestas contra la cumbre del G-20 en Hamburgo"},"content":{"rendered":"<p align=\"justify\">A continuaci\u00f3n sigue una traducci\u00f3n que he realizado de un texto recogido (en ingl\u00e9s) de <strong><a href=\"https:\/\/insurrectionnewsworldwide.com\/2017\/07\/24\/germany-g20-in-hamburg-these-were-days-of-revolt\/\">Insurrection News<\/a><\/strong> y titulado <em>\u00abThese were days of revolt&#8230;\u00bb <\/em>(Estos fueron d\u00edas de revuelta&#8230;) y que fue publicado por compa\u00f1eres de Hamburgo para compartir sus impresiones y conclusiones tras las protestas que tuvieron lugar en la ciudad alemana hace unas semanas, para protestar contra la cumbre que el G-20, el organismo formado por las y los jefes de Estado de los 20 pa\u00edses m\u00e1s industrializados y criminales del planeta, realiz\u00f3 all\u00ed en los d\u00edas 6, 7 y 8 de julio.<\/p>\n<p align=\"justify\">&#8212;&#8212;&#8212;&#8212;&#8212;&#8212;&#8212;&#8212;&#8212;&#8212;&#8212;&#8212;&#8211;<\/p>\n<p align=\"justify\"><em>Durante los d\u00edas de la cumbre del G-20, miles de personas inundaron las calles de Hamburgo con su rabia por la violencia de la polic\u00eda y el mundo que protegen. Ya durante la semana anterior, no hab\u00eda duda de la voluntad de la polic\u00eda de confrontar cualquier se\u00f1al de protesta o resistencia con tolerancia cero. Durante la manifestaci\u00f3n del jueves por la noche, aclararon su posici\u00f3n una vez m\u00e1s, atacando la cabecra de la manifestaci\u00f3n desde el primer minuto en que empez\u00f3. La polic\u00eda obviamente abraz\u00f3 con sa\u00f1a la posibilidad de lesiones incluso potencialmente letales, cuando empujaron y encapsularon al bloque central de la manifestaci\u00f3n en una parte de Hafenstra\u00dfe muy estrecha, como un ca\u00f1\u00f3n, bordeado en los lados por muros de ladrillo. Causaron el p\u00e1nico, golpeando, pateando, rociando con spray de pimienta y disparando gas lacrim\u00f3geno y ca\u00f1ones de agua desde el frente y los laterales. <span lang=\"es-ES\">Muchas personas trataron de huir por las paredes de los lados, mucha gente <\/span><span lang=\"es-ES\">fue herida<\/span><span lang=\"es-ES\"> &#8211; pero se <\/span><span lang=\"es-ES\">pudieron<\/span><span lang=\"es-ES\"> ver tambi\u00e9n momentos impresionantes de solidaridad, la gente ayud\u00e1ndose un<\/span><span lang=\"es-ES\">e<\/span><span lang=\"es-ES\">s a otr<\/span><span lang=\"es-ES\">e<\/span><span lang=\"es-ES\">s por la pared, mientras que otr<\/span><span lang=\"es-ES\">e<\/span><span lang=\"es-ES\">s atacaron a l<\/span><span lang=\"es-ES\">a<\/span><span lang=\"es-ES\"> polic\u00eda desde arriba y <\/span><span lang=\"es-ES\">las primeras filas calmadas y valientes defendieron la manifestaci\u00f3n <\/span><span lang=\"es-ES\">de los ataques de polic\u00edas, recibiendo una <\/span><span lang=\"es-ES\">grave <\/span><span lang=\"es-ES\">paliza grave.<\/span><\/em><\/p>\n<p align=\"justify\"><em>La porra en la cara, la rodilla en tu cuello, la pimienta en el ojo est\u00e1n ah\u00ed para recordarte qui\u00e9n est\u00e1 al cargo en este mundo. Durante esos d\u00edas, les representantes y l\u00edderes de los 20 pa\u00edses m\u00e1s ricos de este mundo se encontraron para discutir el mantenimiento de este orden de miseria. Decenas de miles de polic\u00edas para proteger este espect\u00e1culo de aquelles que buscaban mostrar su rabia abierta, su odio y su resistencia hacia esas autoridades arrogantes.<\/em><\/p>\n<p align=\"justify\"><em>En la noche del jueves, un mont\u00f3n de gente escogi\u00f3 recuperar una parte de la dignidad que nos est\u00e1 siendo robada sobre una base diaria, atacando a la polic\u00eda en un mont\u00f3n de lugares diferentes en la ciudad. Se construyeron barricadas y con martillos, piedras y fuego la gente caus\u00f3 numerosas grietas en las fachadas de una sociedad en la cual s\u00f3lo aquelles que funcionan, consumen y obedecen encuentran su lugar.<\/em><\/p>\n<p align=\"justify\"><em>Las barricadas nocturnas aun no hab\u00edan sido completamente extinguidas, mientras los primeros coches de lujo prend\u00edan fuego en la ma\u00f1ana del viernes. En diferentes lugares a lo largo de la ciudad, los grupos estaban reuni\u00e9ndose para dejar claro que esos d\u00edas iban de mucho m\u00e1s all\u00e1 de un simple ataque a una reuni\u00f3n de jefes de Estado. Entre otros objetivos, agencias del Estado real, coches de lujo, el tribunal juvenil, bancos y las brillantes fachadas de las galer\u00edas comerciales fueron atacadas y tambi\u00e9n los primeros polic\u00edas tuvieron que huir bajo un torrente de piedras y botellas. En un mont\u00f3n de \u00e1reas diferentes de la ciudad, los grupos bloquearon las calles con sentadas y manifestaciones, sin gente que buscaba diferentes medios interponi\u00e9ndose en el camino de les dem\u00e1s.<\/em><\/p>\n<p align=\"justify\"><em>El viernes, la rabia estall\u00f3 con una fuerza disruptiva que desafortunadamente es muy rara en este contexto.<\/em><\/p>\n<p align=\"justify\"><em>Conquistar la tranquilidad mortal de la vida civil, romper la normalidad e interrumpir el funcionamiento de la ciudad de les riques y el consumo y mostrar claramente que el Estado policial no puede impedirnos vivir es una experiencia realmente fortalecedora.<\/em><\/p>\n<p align=\"justify\"><em>El viernes, una parte del espacio, que las autoridades hab\u00edan tomado con la fuerza bruta con el fin de performar este espect\u00e1culo de poder, hab\u00eda sido recuperado durante unas horas.<\/em><\/p>\n<p align=\"justify\"><em>Con barricadas ardientes y firmes ataques a la polic\u00eda, la gente cre\u00f3 un espacio en el cual podr\u00edan finalmente decidir lo que quer\u00edan hacer durante unas pocas horas, sin la fuerza de los Estados teniendo ning\u00fan control de influencia. Unas pocas tiendas y supermercados fueron saqueados, individues tomando lo que necesitaban o lo que quer\u00edan, otres decidieron destruir s\u00edmbolos de este mundo mort\u00edfero de consumo que mortifica todo sentido de una vida salvaje y libre y que fueron quemados en las calles. La diversidad de individues compartiendo las calles ese d\u00eda, atacando a la polic\u00eda, saqueando y construyendo barricadas fue impresionante, involucrando a un gran n\u00famero de individues que probablemente no son parte de alg\u00fan tipo de ambiente de protesta.<\/em><\/p>\n<p align=\"justify\"><em>Cuando algunes autoproclamades portavoces de qui\u00e9n sea dicen que la revuelta estaba desarticulada, que fue irresponsable y apol\u00edtica, une tiene que estar de acuerdo.<\/em><\/p>\n<p align=\"justify\"><em>A pesar del profundo asco por su oportunismo adulador, une tiene que decir que tiene raz\u00f3n: Arrebatar un espacio que no sea controlado por la polic\u00eda es un acto inevitablemente violento y una disrupci\u00f3n clara de lo que nos est\u00e1 siendo impuesto d\u00eda tras d\u00eda. Sin duda no tiene nada que ver con ninguna agenda pol\u00edtica o con el programa de cualquier movimiento u organizaci\u00f3n, sino con les individues, la reapropiaci\u00f3n total de nuestras vidas.<\/em><\/p>\n<p align=\"justify\"><em>Si esos momentos de disrupci\u00f3n crean una cierta incomodidad o incluso miedo de una situaci\u00f3n, en la cual el orden al que estamos acostumbrades est\u00e1 sin duda desarticulado, esto no es de extra\u00f1ar, estos sentimientos son una parte inherente e inevitable de la ruptura con esta realidad.<\/em><\/p>\n<p align=\"justify\"><em>Adem\u00e1s de reconocer esto, tenemos que preguntarnos a nosotres mismes, \u00bfqu\u00e9 o qui\u00e9nes son aquelles de cuyo miedo estamos hablando?<\/em><\/p>\n<p align=\"justify\"><em>Si<span lang=\"es-ES\"> se trata de una sociedad tan saciada y tan rica como la que est\u00e1 presente en esta ciudad del consumismo y del comercio, asustada por su propiedad y que encuentra el saqueo de bienes y el <\/span><span lang=\"es-ES\">alboroto en<\/span><span lang=\"es-ES\"> los barrios comerciales los momentos m\u00e1s terribles de nuestros d\u00edas, <\/span><span lang=\"es-ES\">entonces esta sociedad necesita<\/span><span lang=\"es-ES\"> ser destruid<\/span><span lang=\"es-ES\">a<\/span><span lang=\"es-ES\">. <\/span><span lang=\"es-ES\">Este miedo es una se\u00f1al clara de que estamos golpeando en el punto correcto.<\/span><\/em><\/p>\n<p align=\"justify\"><em><span lang=\"es-ES\">Nuestra domesticaci\u00f3n en este mundo de autoridad es muy extensa.<\/span><\/em><\/p>\n<p align=\"justify\"><em><span lang=\"es-ES\">El polic\u00eda en nuestra cabeza es muy persistente.<\/span><\/em><\/p>\n<p align=\"justify\"><em>S\u00f3lo unes poques pueden imaginar lo que la ausencia de autoridades significa realmente, por este motivo tenemos que crear momentos en los cuales podamos experimentar su ausencia.<\/em><\/p>\n<p align=\"justify\"><em>Que les individues tomen decisiones que a posteriori podr\u00edan parecer incorrectas o irresponsables no es ninguna sorpresa, ni en estas situaciones ni en ninguna otra situaci\u00f3n en la vida. Tendremos que hablar sobre estas cosas, no hay duda, si queremos acercarnos m\u00e1s a una idea de libertad. Pero tiene que estar claro que no hay objetividad, especialmente no en la revuelta. La responsabilidad y la iniciativa individual de aquelles que quieren mantenerla son partes inherentes de la revuelta.<\/em><\/p>\n<p align=\"justify\"><em>Es realmente f\u00e1cil caer en el discurso impuesto de las autoridades y conservadores de este orden. Aquelles que estuvieron <span lang=\"es-ES\">arriesgando viciosamente la vida de la gente en estos d\u00edas eran los polic\u00edas, no hay duda de eso.<\/span><\/em><\/p>\n<p align=\"justify\"><em><span lang=\"es-ES\">Caer en esta propaganda y revuelo y dejarles controlar el momento fortalecedor y liberador de estos d\u00edas ser\u00eda un gran error.<\/span><\/em><\/p>\n<p align=\"justify\"><em>Durante este fin de semana, la resistencia ha dejado el campo de la protesta orquestada pol\u00edticamente y de nuevo est\u00e1 claro que en la revuelta se trata de elegir lados.<\/em><\/p>\n<p align=\"justify\"><em>O est\u00e1s con aquelles que buscan ver esta sociedad, este orden, este sistema en ru\u00ednas con la idea de una vida en libertad y dignidad, abrazando todos los errores y triunfos que son inherentes a la revuelta, o est\u00e1s con aquelles que reconocen que se sienten m\u00e1s c\u00f3modes con un ambiente de protesta manso y calculado, que tiene lugar en el mismo marco del sistema totalitario, asustades de dar pasos que podr\u00edan realmente conducir hacia los fr\u00edos y vastos campos de la libertad.<\/em><\/p>\n<p align=\"justify\"><em><strong>Anarquistas por la revuelta social<\/strong><\/em><br \/>\n<em><strong> Hamburgo, Verano 2017<\/strong><\/em><\/p>\n<p align=\"justify\"><a href=\"https:\/\/vozcomoarma.noblogs.org\/files\/2017\/07\/g201.jpg\"><img loading=\"lazy\" decoding=\"async\" class=\"aligncenter wp-image-17512 size-full\" src=\"https:\/\/vozcomoarma.noblogs.org\/files\/2017\/07\/g201.jpg\" alt=\"\" width=\"640\" height=\"364\" srcset=\"https:\/\/vozcomoarma.noblogs.org\/files\/2017\/07\/g201.jpg 640w, https:\/\/vozcomoarma.noblogs.org\/files\/2017\/07\/g201-300x171.jpg 300w\" sizes=\"auto, (max-width: 640px) 100vw, 640px\" \/><\/a><\/p>\n","protected":false},"excerpt":{"rendered":"<p>A continuaci\u00f3n sigue una traducci\u00f3n que he realizado de un texto recogido (en ingl\u00e9s) de Insurrection News y titulado \u00abThese were days of revolt&#8230;\u00bb (Estos fueron d\u00edas de revuelta&#8230;) y que fue publicado por compa\u00f1eres de Hamburgo para compartir sus &hellip; <a href=\"https:\/\/vozcomoarma.noblogs.org\/?p=17511\">Sigue leyendo <span class=\"meta-nav\">&rarr;<\/span><\/a><\/p>\n","protected":false},"author":7045,"featured_media":0,"comment_status":"closed","ping_status":"open","sticky":false,"template":"","format":"standard","meta":{"footnotes":""},"categories":[9,20],"tags":[51,21,16,26,42,24,19,10,11],"class_list":["post-17511","post","type-post","status-publish","format-standard","hentry","category-noticias-y-comunicados","category-textos","tag-alemania","tag-disturbios","tag-guerra-social","tag-insurreccionalismo","tag-movimientos-sociales","tag-reflexion","tag-represion","tag-sabotaje","tag-solidaridad"],"_links":{"self":[{"href":"https:\/\/vozcomoarma.noblogs.org\/index.php?rest_route=\/wp\/v2\/posts\/17511","targetHints":{"allow":["GET"]}}],"collection":[{"href":"https:\/\/vozcomoarma.noblogs.org\/index.php?rest_route=\/wp\/v2\/posts"}],"about":[{"href":"https:\/\/vozcomoarma.noblogs.org\/index.php?rest_route=\/wp\/v2\/types\/post"}],"author":[{"embeddable":true,"href":"https:\/\/vozcomoarma.noblogs.org\/index.php?rest_route=\/wp\/v2\/users\/7045"}],"replies":[{"embeddable":true,"href":"https:\/\/vozcomoarma.noblogs.org\/index.php?rest_route=%2Fwp%2Fv2%2Fcomments&post=17511"}],"version-history":[{"count":1,"href":"https:\/\/vozcomoarma.noblogs.org\/index.php?rest_route=\/wp\/v2\/posts\/17511\/revisions"}],"predecessor-version":[{"id":17513,"href":"https:\/\/vozcomoarma.noblogs.org\/index.php?rest_route=\/wp\/v2\/posts\/17511\/revisions\/17513"}],"wp:attachment":[{"href":"https:\/\/vozcomoarma.noblogs.org\/index.php?rest_route=%2Fwp%2Fv2%2Fmedia&parent=17511"}],"wp:term":[{"taxonomy":"category","embeddable":true,"href":"https:\/\/vozcomoarma.noblogs.org\/index.php?rest_route=%2Fwp%2Fv2%2Fcategories&post=17511"},{"taxonomy":"post_tag","embeddable":true,"href":"https:\/\/vozcomoarma.noblogs.org\/index.php?rest_route=%2Fwp%2Fv2%2Ftags&post=17511"}],"curies":[{"name":"wp","href":"https:\/\/api.w.org\/{rel}","templated":true}]}}