{"id":17634,"date":"2017-08-01T12:24:13","date_gmt":"2017-08-01T10:24:13","guid":{"rendered":"https:\/\/vozcomoarma.noblogs.org\/?p=17634"},"modified":"2017-08-01T12:24:13","modified_gmt":"2017-08-01T10:24:13","slug":"chile-proyecto-nemesis-acto-v-%c2%b7-ataque-incendiarioexplosivo-contra-la-confederacion-nacional-de-duenos-de-camiones-santiago-de-chile","status":"publish","type":"post","link":"https:\/\/vozcomoarma.noblogs.org\/?p=17634","title":{"rendered":"Chile &#8211; Proyecto N\u00e9mesis Acto V \u00b7 Ataque incendiario\/explosivo contra la Confederaci\u00f3n Nacional de Due\u00f1os de Camiones (Santiago de Chile)"},"content":{"rendered":"<p align=\"justify\"><a href=\"https:\/\/vozcomoarma.noblogs.org\/files\/2017\/08\/18423901_10154426986851881_6885424832024576326_n.jpg\"><img loading=\"lazy\" decoding=\"async\" class=\"size-medium wp-image-17636 alignright\" src=\"https:\/\/vozcomoarma.noblogs.org\/files\/2017\/08\/18423901_10154426986851881_6885424832024576326_n-298x300.jpg\" alt=\"\" width=\"298\" height=\"300\" srcset=\"https:\/\/vozcomoarma.noblogs.org\/files\/2017\/08\/18423901_10154426986851881_6885424832024576326_n-298x300.jpg 298w, https:\/\/vozcomoarma.noblogs.org\/files\/2017\/08\/18423901_10154426986851881_6885424832024576326_n.jpg 691w\" sizes=\"auto, (max-width: 298px) 100vw, 298px\" \/><\/a>Recibo en el correo electr\u00f3nico y difundo el siguiente comunicado, reivindicando una nueva acci\u00f3n enmarcada en la campa\u00f1a denominada <strong>\u00abProyecto N\u00e9mesis\u00bb<\/strong>, que anteriormente ya tuvo eco con otros actos en Grecia y Chile (al final, se a\u00f1ade una lista de los 4 actos anteriores, con enlaces a cada uno de los comunicados):<\/p>\n<p align=\"justify\">&#8212;&#8212;&#8212;&#8212;&#8212;&#8212;&#8212;&#8212;&#8212;&#8212;&#8212;&#8212;-<\/p>\n<p align=\"justify\"><strong><em>PROYECTO N\u00c9MESIS ACTO V<\/em><\/strong><\/p>\n<p align=\"justify\"><em>La madrugada del 25 de julio atacamos con un artefacto incendiario\/explosivo el edificio perteneciente a la Confederaci\u00f3n Nacional de Due\u00f1os de Camiones de Chile, ubicado en calle Almirante Barroso en el centro de la ciudad de Santiago.<\/em><\/p>\n<p align=\"justify\"><em>La Confederaci\u00f3n Nacional de Due\u00f1os de Camiones de Chile es un eslab\u00f3n estructural en la cadena de dominaci\u00f3n y explotaci\u00f3n, tomando parte activa en el saqueo medioambiental y el transporte de mercanc\u00edas en territorio chileno y en Wallmapu.<\/em><\/p>\n<p align=\"justify\"><em>Son ellos uno de los principales beneficiarios del proyecto IIRSA, que tiene como uno de sus objetivos la \u00abmejora\u00bb de la infraestructura de carreteras para la circulaci\u00f3n de mercanc\u00edas en los pa\u00edses del Sur Latinoamericano.<\/em><\/p>\n<p align=\"justify\"><em>Son ellos tambi\u00e9n la primera l\u00ednea de empresarios que trabajan codo a codo con el Estado Chileno buscando intensificar la represi\u00f3n y la inteligencia policial en territorio mapuche, intentando frenar sin \u00e9xito la quema de camiones que forma parte de la subversi\u00f3n aut\u00f3noma mapuche en defensa de su territorio ancestral.<\/em><\/p>\n<p align=\"justify\"><em>Nuestro artefacto funcion\u00f3 a la perfecci\u00f3n da\u00f1ando la entrada del recinto, y aunque no fue consignado por la prensa, ellos saben que un atentado golpe\u00f3 las puertas de su guarida y nosotrxs sabemos que la peligrosidad de la ofensiva an\u00e1rquica no se mide ni por la cobertura medi\u00e1tica ni flashes period\u00edsticos.<\/em><\/p>\n<p align=\"justify\"><em>Esperamos que con preocupaci\u00f3n le hayan contado a la Presidenta Michelle Bachelet sobre nuestro ataque, en la reuni\u00f3n que tuvieron con ella al d\u00eda siguiente a las 8.15 hrs.<\/em><\/p>\n<p align=\"justify\"><em>Nosotrxs, an\u00e1rquicxs enemigxs de toda forma de autoridad y orden social, somos parte de la continuidad hist\u00f3rica de la insurgencia emancipadora, nunca pacificada en todo tiempo y en todo lugar.<\/em><\/p>\n<p align=\"justify\"><em>Somos los deseos de libertad armados de fuego y conciencia, demostrando una vez m\u00e1s que la insurgencia y el ataque armado son tan posibles como necesarios en un mundo dominado por el poder y el dinero que busca controlar y mercantilizar nuestras vidas y el planeta en que habitamos.<\/em><\/p>\n<p align=\"justify\"><em>Nuestra rebeli\u00f3n permanente prende el fuego de la liberaci\u00f3n total incendiando las ilusiones de la democracia, el reformismo y la via electoral, buscando agudizar la crisis en el orden imperante antes que salvarlo para darle nuevos aires de Capitalismo Verde o Estado Ciudadano.<\/em><\/p>\n<p align=\"justify\"><em>Cada atentado contra los responsables del dominio y sus defensores demuestra que siempre se puede pasar a la ofensiva, con mezclas incendiarias y explosivas que combinan la rabia, la cautela y la seguridad en nuestro accionar.<\/em><\/p>\n<p align=\"justify\"><em>Enviamos un saludo c\u00f3mplice a todxs lxs compa\u00f1erxs que a lo largo del mundo enfrentan juicios, encarcelamientos y clandestinidades, sobre todo a Juan, Nataly y Enrique en Chile, Fernando B\u00e1rcenas en M\u00e9xico, a Alfredo Cospito, Nicola Gai, Davide Delogu y lxs acusadxs en la operaci\u00f3n Scripta Manent en Italia, a lxs acusadxs en la operaci\u00f3n F\u00e9nix en Rep\u00fablica Checa, a Lisa en Alemania y a lxs miembros de Conspiraci\u00f3n de C\u00e9lulas del Fuego en Grecia.<\/em><\/p>\n<p align=\"justify\"><em>Enmarcamos esta acci\u00f3n dentro del \u00abProyecto N\u00e9mesis\u00bb, propuesta de compa\u00f1erxs de Conspiraci\u00f3n de Celulas del Fuego (Grecia) para atacar directamente los centros de reuni\u00f3n, trabajo y vivienda de lxs responsables del dominio. Dos acciones en Grecia y dos en Chile preceden a nuestro ataque, por eso la hemos denominado \u00abACTO V\u00bb.<\/em><\/p>\n<p align=\"justify\"><em>\u00a1PORQUE LA OFENSIVA AN\u00c1RQUICA SIGUE VIVA EN CADA ATENTADO POR LA LIBERACI\u00d3N TOTAL!<br \/>\n<\/em><em>\u00a1A MULTIPLICAR LOS ATAQUES CONTRA EL PODER, SUS C\u00d3MPLICES Y TODA AUTORIDAD!<\/em><\/p>\n<p align=\"justify\"><strong><em>Banda \u00c1crata por un Invierno de Fuego\u00bb &#8211; Federaci\u00f3n Anarquista Informal\/Frente Revolucionario Internacional.<\/em><\/strong><\/p>\n<p align=\"justify\"><a href=\"https:\/\/vozcomoarma.noblogs.org\/files\/2017\/08\/Imagen1.png\"><img loading=\"lazy\" decoding=\"async\" class=\"aligncenter wp-image-17637 size-full\" src=\"https:\/\/vozcomoarma.noblogs.org\/files\/2017\/08\/Imagen1.png\" alt=\"\" width=\"459\" height=\"269\" srcset=\"https:\/\/vozcomoarma.noblogs.org\/files\/2017\/08\/Imagen1.png 459w, https:\/\/vozcomoarma.noblogs.org\/files\/2017\/08\/Imagen1-300x176.png 300w\" sizes=\"auto, (max-width: 459px) 100vw, 459px\" \/><\/a><em>&#8212;<\/em><\/p>\n<p align=\"justify\"><em><strong>PROYECTO N\u00c9MESIS<\/strong><\/em><\/p>\n<p align=\"justify\"><em>Sobre el proyecto: <strong><a href=\"https:\/\/vozcomoarma.noblogs.org\/?p=14417\">Grecia \u2013 Conspiraci\u00f3n de las C\u00e9lulas del Fuego: \u201cProyecto N\u00e9mesis: Una propuesta abierta\u201d<\/a><\/strong><\/em><\/p>\n<p align=\"justify\"><em>Acto I: <strong><a href=\"https:\/\/vozcomoarma.noblogs.org\/?p=14188\">\u201cProyecto N\u00e9mesis: Primer acto\u201d (reivindicaci\u00f3n de responsabilidad por el ataque explosivo en la casa de la fiscal Georgia Tsatani)<\/a><\/strong><\/em><\/p>\n<p align=\"justify\"><em>Acto II: <strong><a href=\"https:\/\/vozcomoarma.noblogs.org\/?p=15541\">Grecia \u2013 Conspiraci\u00f3n de las C\u00e9lulas de Fuego reivindica el paquete bomba enviado al ministro de finanzas alem\u00e1n \u00b7 Proyecto N\u00e9mesis, Acto 2<\/a><\/strong><\/em><\/p>\n<p align=\"justify\"><em>Acto III: <strong><a href=\"https:\/\/vozcomoarma.noblogs.org\/?p=14578\">Chile \u2013 Proyecto N\u00e9mesis: Artefacto simulado en zona residencial militar en Santiago de Chile<\/a><\/strong><\/em><\/p>\n<p align=\"justify\"><em>Acto IV: <strong><a href=\"https:\/\/vozcomoarma.noblogs.org\/?p=14619\">Chile \u2013 Artefacto incendiario\/explosivo contra Asociaci\u00f3n Nacional de Funcionarios del Poder Judicial<\/a><\/strong><\/em><\/p>\n<p align=\"justify\">\n","protected":false},"excerpt":{"rendered":"<p>Recibo en el correo electr\u00f3nico y difundo el siguiente comunicado, reivindicando una nueva acci\u00f3n enmarcada en la campa\u00f1a denominada \u00abProyecto N\u00e9mesis\u00bb, que anteriormente ya tuvo eco con otros actos en Grecia y Chile (al final, se a\u00f1ade una lista de &hellip; <a href=\"https:\/\/vozcomoarma.noblogs.org\/?p=17634\">Sigue leyendo <span class=\"meta-nav\">&rarr;<\/span><\/a><\/p>\n","protected":false},"author":7045,"featured_media":0,"comment_status":"closed","ping_status":"open","sticky":false,"template":"","format":"standard","meta":{"footnotes":""},"categories":[58,84,226,295,211,232,206,215,83,61,9,272,7,33],"tags":[51,47,78,15,16,26,53,214,10,11],"class_list":["post-17634","post","type-post","status-publish","format-standard","hentry","category-acciones","category-alfredo-cospito","category-detenidxs-operacion-fenix-republica-checa","category-detenidxs-operacion-scripta-manent","category-enrique-guzman-amadeus","category-fernando-barcenas","category-juan-flores-riquelme","category-nataly-casanova","category-nicola-gai","category-noticias","category-noticias-y-comunicados","category-presa-15-de-abril-barcelona","category-presxs","category-presxs-de-la-conspiracion-de-celulas-del-fuego-presxs","tag-alemania","tag-anti-desarrollismo","tag-chile","tag-grecia","tag-guerra-social","tag-insurreccionalismo","tag-mexico","tag-republica-checa","tag-sabotaje","tag-solidaridad"],"_links":{"self":[{"href":"https:\/\/vozcomoarma.noblogs.org\/index.php?rest_route=\/wp\/v2\/posts\/17634","targetHints":{"allow":["GET"]}}],"collection":[{"href":"https:\/\/vozcomoarma.noblogs.org\/index.php?rest_route=\/wp\/v2\/posts"}],"about":[{"href":"https:\/\/vozcomoarma.noblogs.org\/index.php?rest_route=\/wp\/v2\/types\/post"}],"author":[{"embeddable":true,"href":"https:\/\/vozcomoarma.noblogs.org\/index.php?rest_route=\/wp\/v2\/users\/7045"}],"replies":[{"embeddable":true,"href":"https:\/\/vozcomoarma.noblogs.org\/index.php?rest_route=%2Fwp%2Fv2%2Fcomments&post=17634"}],"version-history":[{"count":3,"href":"https:\/\/vozcomoarma.noblogs.org\/index.php?rest_route=\/wp\/v2\/posts\/17634\/revisions"}],"predecessor-version":[{"id":17649,"href":"https:\/\/vozcomoarma.noblogs.org\/index.php?rest_route=\/wp\/v2\/posts\/17634\/revisions\/17649"}],"wp:attachment":[{"href":"https:\/\/vozcomoarma.noblogs.org\/index.php?rest_route=%2Fwp%2Fv2%2Fmedia&parent=17634"}],"wp:term":[{"taxonomy":"category","embeddable":true,"href":"https:\/\/vozcomoarma.noblogs.org\/index.php?rest_route=%2Fwp%2Fv2%2Fcategories&post=17634"},{"taxonomy":"post_tag","embeddable":true,"href":"https:\/\/vozcomoarma.noblogs.org\/index.php?rest_route=%2Fwp%2Fv2%2Ftags&post=17634"}],"curies":[{"name":"wp","href":"https:\/\/api.w.org\/{rel}","templated":true}]}}