{"id":17889,"date":"2017-09-05T19:36:07","date_gmt":"2017-09-05T17:36:07","guid":{"rendered":"https:\/\/vozcomoarma.noblogs.org\/?p=17889"},"modified":"2017-11-30T23:41:24","modified_gmt":"2017-11-30T22:41:24","slug":"sobre-its-y-las-amenazas-virtuales","status":"publish","type":"post","link":"https:\/\/vozcomoarma.noblogs.org\/?p=17889","title":{"rendered":"Sobre ITS y las amenazas virtuales"},"content":{"rendered":"<p align=\"justify\"><em>\u00abEl Viejo Mundo est\u00e1 muerto y el nuevo tarda en aparecer. En este claroscuro aparecen todos los monstruos&#8230;\u00bb<\/em><\/p>\n<ul>\n<li><strong>Antonio Gramsci<\/strong><\/li>\n<\/ul>\n<p align=\"justify\">Esto no es ni pretende ser una r\u00e9plica ni un intento de desarmar ning\u00fan discurso, ni tampoco una cr\u00edtica. Es una respuesta a una serie de amenazas recibidas en el correo electr\u00f3nico y que me parece que han hecho que esta gente toque fondo definitivamente y no puedan hacer m\u00e1s el rid\u00edculo.<\/p>\n<p align=\"justify\">Varios han sido los textos y reflexiones cr\u00edticas que desde distintos lugares del planeta se han levantado en los \u00faltimos meses contra las ITS en M\u00e9xico y en general contra toda la tendencia autodenominada \u00abeco-extremista\u00bb. Podemos leer las <strong><a href=\"https:\/\/vozcomoarma.noblogs.org\/?p=17406\">aportaciones de grupos anarquistas insurreccionales en M\u00e9xico<\/a><\/strong>, como tambi\u00e9n cr\u00edticas de otres compa\u00f1eres <strong><a href=\"https:\/\/vozcomoarma.noblogs.org\/?p=17481\">como Eat, en Indonesia<\/a><\/strong>, la <strong><a href=\"https:\/\/vozcomoarma.noblogs.org\/?p=16462\">cr\u00edtica realizada por una de las personas que administra el blog It&#8217;s Going Down! en Norteam\u00e9rica\u00a0<\/a><\/strong>, o los dos textos publicados desde Reino Unido, titulados <strong><a href=\"https:\/\/vozcomoarma.noblogs.org\/?p=17476\">\u201cEco-extremismo y el ataque indiscriminado \u2013 La Iglesia de ITS M\u00e9xico\u201d<\/a><\/strong> y <a href=\"https:\/\/vozcomoarma.noblogs.org\/?p=17887\"><strong>\u201cDarko Mathers no era eco-fascista\u201d<\/strong><\/a>. Resultaba bastante obvio que desde esa \u00abtendencia eco-extremista\u00bb se responder\u00eda. Al fin y al cabo, en los \u00faltimos a\u00f1os, la dial\u00e9ctica entre distintos grupos de acci\u00f3n directa contra la dominaci\u00f3n (se considerasen \u00e9stos anarquistas o no) ha sido una constante, aprovechando las acciones para establecer un di\u00e1logo fruct\u00edfero que afilase teor\u00eda y pr\u00e1ctica, mejorando los golpes de aquellas personas que fuese de manera puntual y estrat\u00e9gica o como una parte ya irrenunciable de sus vidas, hab\u00edan optado por pasar al ataque aqu\u00ed y ahora. Y por supuesto, las r\u00e9plicas de las ITR (Individualidades Tendiendo al Rid\u00edculo) no se hicieron esperar, aunque he de decir que resultaron todav\u00eda m\u00e1s decepcionantes de lo que en un principio habr\u00edamos imaginado (y eso que mis expectativas eran dif\u00edciles de superar).<\/p>\n<p align=\"justify\">Y es que varios blogs que estuvimos participando de un modo u otro en la difusi\u00f3n de esas cr\u00edticas (traduciendo, enviando, publicando), no tardamos en empezar a recibir amenazas rid\u00edculas de esta gente, en las que adem\u00e1s de revelar datos de compa\u00f1eres relacion\u00e1ndoles con espacios concretos de lucha (y comprometiendo su seguridad y la de esos espacios), tambi\u00e9n se alegran de los atentados del Estado Isl\u00e1mico en grandes ciudades europeas as\u00ed como tambi\u00e9n de la muerte de nuestres compa\u00f1eres, como por ejemplo Heather Heyer, cuyo atropello mortal a manos de neonazis durante una contramanifestaci\u00f3n en Charlottesville hace unas semanas celebraba un mail recibido recientemente.<\/p>\n<p align=\"justify\">A continuaci\u00f3n, transcribo un fragmento de uno de los mensajes&#8230; \u00bfintimidatorios? que me hicieron llegar, ya que me parece especialmente revelador. No lo transcribo entero porque en la parte no difundida esta pandilla de bocazas parapoliciales dan datos de compa\u00f1eros en concreto, informando de d\u00f3nde colaboran o dejan de colaborar en su acci\u00f3n pol\u00edtica, y de difundirlo, comprometer\u00eda a esas personas.<\/p>\n<p align=\"justify\"><em>\u00ab(&#8230;) a los humanistas an\u00e1rquicos\u00a0de Estados Unidos los atropellaron los neonazis (los dos bandos igual de\u00a0chupapollas), el Estado Isl\u00e1mico golpe\u00f3 por fin en Espa\u00f1a donde te\u00a0encuentras t\u00fa hijo de las mil putas!<\/em><\/p>\n<p align=\"justify\"><em>Si bien es cierto, ninguno de estos hechos fue perpetrado por\u00a0eco-extremistas, es se\u00f1al de la maldici\u00f3n salvaje que ha caido sobre\u00a0ustedes y sus seres amados por difamarnos.\u00a0Cuidado ateo de mierda, que los esp\u00edritus ancestrales andan sueltos y te\u00a0atormentar\u00e1n hasta tu muerte!\u00bb<\/em><\/p>\n<p align=\"justify\">Frente a \u00e9sto, no puedo sino soltar una carcajada, aunque amarga. No deja de ser curioso que la persona que me hizo llegar esta pataleta (y cuyo e-mail, por cierto, es \u00abagrio @ riseup.net\u00bb), lo hiciese desde una cuenta Riseup. \u00bfNo es acaso Riseup un servidor administrado precisamente por esos \u00abanarquistas humanistas\u00bb estadounidenses a les que comparan con neonazis y cuyo asesinato celebran tan alegremente? \u00bfQu\u00e9 pasa, acaso vuestros esp\u00edritus y vuestra brujer\u00eda de pijo universitario de clase media con \u00ednfulas de rebelde salvaje no os permiten desarrollar un servidor propio desde el que comunicaros?<\/p>\n<p align=\"justify\">Respecto a que celebren los atentados del ISIS, no tengo nada qu\u00e9 decir. Supongo que lo que empez\u00f3 como una exaltaci\u00f3n rid\u00edcula, adem\u00e1s de civilizatoria y completamente colonialista, de deidades y cultos paganos antiguos (buscando llamar la atenci\u00f3n clamando a Quetzalcoatl desde alg\u00fan centro universitario de la metr\u00f3polis hiperartificial del DF o desde casa con el ordenador de pap\u00e1) ahora se ha convertido en una alabanza a ciegas a cualquier forma de violencia indiscriminada. Qui\u00e9n sabe, quiz\u00e1 si alg\u00fan d\u00eda les compa\u00f1eres kurdes criticasen a ITS, \u00e9stas empiecen a celebrar los genocidios que all\u00ed cometen el ISIS, la OTAN o Turqu\u00eda. Al fin y al cabo, siguiendo su l\u00f3gica, como en Kurdist\u00e1n tambi\u00e9n conservan rastros de civilizaci\u00f3n todas las personas kurdas merecen morir.<\/p>\n<p align=\"justify\">Para terminar, se\u00f1alan que esta serie de desgracias tendr\u00edan un origen com\u00fan, ya que al parecer, ser\u00edan el resultado de las maldiciones y hechizos que esta gente habr\u00eda hecho recaer sobre nosotres y nuestros seres amados por ser<em> \u00abateos de mierda\u00bb<\/em> (\u00bf?). Supongo que no adorar a sus dioses de piedra tambi\u00e9n es motivo de asesinato.<\/p>\n<p align=\"justify\">Os voy a dar un consejo, leer a Ted Kaczynski mientras est\u00e1is bajo los efectos de alguna sustancia alucin\u00f3gena silvestre no es buena idea. Conduce a mezclar primitivismo con cultos a deidades antiguas, hechicer\u00eda con acci\u00f3n directa, terrorismo convencional e indiscriminado con defensa radical de la naturaleza, y vuestra pat\u00e9tica pataleta al estilo de Alex Supertramp (el joven cuya historia inspir\u00f3 la pel\u00edcula <em>\u00abHacia rutas salvajes\u00bb<\/em>) con alg\u00fan tipo de conflictividad digna de ser tomada en serio. Si tanto odiais a la humanidad y tan nula es vuestra esperanza, \u00bfpor qu\u00e9 no sois coherentes y os suicidais de una vez?<\/p>\n<p align=\"justify\">Decir, para finalizar, que en principio no entraba en mis planes seguir dando publicidad a este h\u00edbrido a medio camino entre un circo y una secta religiosa en el que al parecer se ha convertido ITS. Tampoco pretendo iniciar ning\u00fan di\u00e1logo y soy consciente de que, en gran medida, estoy entrando en su juego, pues al final todo lo que esta gente busca es que hablen de ellos (bien o mal, pero que hablen). \u00bfPor qu\u00e9 si no iban a molestarse tanto en que los blogs anarquistas (a los que tanto desprecian excepto cuando les conviene utilizarnos de meg\u00e1fono) demos cobertura a sus chorradas? Nos insultan y amenazan las mismas personas que no hace tanto nos enviaban sus noticias para publicarlas, los mismos que no han parado de buscar nuestra atenci\u00f3n ya fuese insult\u00e1ndonos con e-mails o en sus propios blogs. Por mi parte, esto es todo cuanto tengo que decir.<\/p>\n<p align=\"justify\">Hago m\u00edas las palabras finales de <strong><a href=\"https:\/\/vozcomoarma.noblogs.org\/?p=17476\">una de las cr\u00edticas lanzadas contra ITS por compas de Reino Unido&#8230;<\/a><\/strong> \u00a1Yo tambi\u00e9n me cago en todos vuestros dioses y esp\u00edritus paganos! Seguid amenaz\u00e1ndome con mal de ojo, vamos.<\/p>\n<p align=\"justify\">En una cosa ten\u00e9is raz\u00f3n, nunca estaremos del mismo lado&#8230;<\/p>\n<p align=\"justify\"><em>\u00abEl colectivismo est\u00e1 moribundo y el individualismo todav\u00eda no se ha consolidado;<\/em><br \/>\n<em>Ninguno sabe obedecer, ninguno sabe mandar.<\/em><br \/>\n<em>Pero de todo esto, a saber vivir libres, hay todav\u00eda de por medio un abismo.<\/em><br \/>\n<em>Abismo que podr\u00e1 ser rellenado s\u00f3lo con el cad\u00e1ver de la esclavitud y el de la a<\/em><em>utoridad.<\/em><br \/>\n<em>La guerra no pod\u00eda rellenar este abismo. Pod\u00eda solamente excavarlo m\u00e1s profundo.<\/em><br \/>\n<em>Pero eso que la guerra no pod\u00eda hacer, debe hacerlo la revoluci\u00f3n.<\/em><br \/>\n<em>La guerra ha hecho a los hombres m\u00e1s brutales y plebeyos.<\/em><br \/>\n<em>\u00a1M\u00e1s triviales y m\u00e1s feos!<\/em><br \/>\n<em>La revoluci\u00f3n debe volverlos mejores.<\/em><br \/>\n<em>\u00a1Debe ennoblecerlos!<\/em><em>\u00ab<\/em><\/p>\n<ul>\n<li><strong>Renzo Novatore \u00abHacia la Nada creadora\u00bb<\/strong><\/li>\n<\/ul>\n<p align=\"justify\">\u00a1Ni humanistas ingenuos ni mis\u00e1ntropos de pacotilla!<br \/>\n\u00a1Por la anarqu\u00eda, la liberaci\u00f3n total y la defensa de todo aquello que permanece libre y salvaje!<\/p>\n","protected":false},"excerpt":{"rendered":"<p>\u00abEl Viejo Mundo est\u00e1 muerto y el nuevo tarda en aparecer. En este claroscuro aparecen todos los monstruos&#8230;\u00bb Antonio Gramsci Esto no es ni pretende ser una r\u00e9plica ni un intento de desarmar ning\u00fan discurso, ni tampoco una cr\u00edtica. Es &hellip; <a href=\"https:\/\/vozcomoarma.noblogs.org\/?p=17889\">Sigue leyendo <span class=\"meta-nav\">&rarr;<\/span><\/a><\/p>\n","protected":false},"author":7045,"featured_media":0,"comment_status":"closed","ping_status":"open","sticky":false,"template":"","format":"standard","meta":{"footnotes":""},"categories":[61,9],"tags":[47,35,30,16,26,53,34,24,90,19,11],"class_list":["post-17889","post","type-post","status-publish","format-standard","hentry","category-noticias","category-noticias-y-comunicados","tag-anti-desarrollismo","tag-asesinato-de-estado","tag-critica-anti-industrial","tag-guerra-social","tag-insurreccionalismo","tag-mexico","tag-racismo","tag-reflexion","tag-reino-unido","tag-represion","tag-solidaridad"],"_links":{"self":[{"href":"https:\/\/vozcomoarma.noblogs.org\/index.php?rest_route=\/wp\/v2\/posts\/17889","targetHints":{"allow":["GET"]}}],"collection":[{"href":"https:\/\/vozcomoarma.noblogs.org\/index.php?rest_route=\/wp\/v2\/posts"}],"about":[{"href":"https:\/\/vozcomoarma.noblogs.org\/index.php?rest_route=\/wp\/v2\/types\/post"}],"author":[{"embeddable":true,"href":"https:\/\/vozcomoarma.noblogs.org\/index.php?rest_route=\/wp\/v2\/users\/7045"}],"replies":[{"embeddable":true,"href":"https:\/\/vozcomoarma.noblogs.org\/index.php?rest_route=%2Fwp%2Fv2%2Fcomments&post=17889"}],"version-history":[{"count":9,"href":"https:\/\/vozcomoarma.noblogs.org\/index.php?rest_route=\/wp\/v2\/posts\/17889\/revisions"}],"predecessor-version":[{"id":18793,"href":"https:\/\/vozcomoarma.noblogs.org\/index.php?rest_route=\/wp\/v2\/posts\/17889\/revisions\/18793"}],"wp:attachment":[{"href":"https:\/\/vozcomoarma.noblogs.org\/index.php?rest_route=%2Fwp%2Fv2%2Fmedia&parent=17889"}],"wp:term":[{"taxonomy":"category","embeddable":true,"href":"https:\/\/vozcomoarma.noblogs.org\/index.php?rest_route=%2Fwp%2Fv2%2Fcategories&post=17889"},{"taxonomy":"post_tag","embeddable":true,"href":"https:\/\/vozcomoarma.noblogs.org\/index.php?rest_route=%2Fwp%2Fv2%2Ftags&post=17889"}],"curies":[{"name":"wp","href":"https:\/\/api.w.org\/{rel}","templated":true}]}}