{"id":17901,"date":"2017-09-05T19:02:59","date_gmt":"2017-09-05T17:02:59","guid":{"rendered":"https:\/\/vozcomoarma.noblogs.org\/?p=17901"},"modified":"2017-09-05T19:02:59","modified_gmt":"2017-09-05T17:02:59","slug":"contrainformacion-en-las-calles-de-a-coruna-por-la-aparicion-con-vida-de-santiago-maldonado","status":"publish","type":"post","link":"https:\/\/vozcomoarma.noblogs.org\/?p=17901","title":{"rendered":"Contrainformaci\u00f3n en las calles de A Coru\u00f1a por la aparici\u00f3n con vida de Santiago Maldonado"},"content":{"rendered":"<p align=\"justify\">Recibo en el correo electr\u00f3nico y difundo la siguiente informaci\u00f3n de una acci\u00f3n de difusi\u00f3n realizada en las calles de la ciudad galega de A Coru\u00f1a por la aparici\u00f3n con vida del compa\u00f1ero Santiago Maldonado, desaparecido hace ya m\u00e1s de un mes en Argentina, cuando fue secuestrado por la Gendarmer\u00eda mientras participaba solidariamente en una tierra que les mapuches hab\u00edan recuperado en Cushamen, Chubut, y que los maderos asesinos del Estado argentino desalojaron con su brutalidad habitual, desapareciendo de paso a nuestro compa\u00f1ero Santiago.<\/p>\n<p align=\"justify\"><strong>El gobierno argentino as\u00ed como la multinacional textil italiana United Colors of Bennetton son los responsables directos del secuestro y desaparici\u00f3n de nuestro compa\u00f1ero.<\/strong><\/p>\n<p align=\"justify\">&#8212;&#8212;&#8212;&#8212;&#8212;&#8212;&#8212;&#8212;&#8212;&#8212;&#8212;&#8212;-<\/p>\n<p align=\"justify\"><strong><em>A Corunha: Galiza:<br \/>\n<\/em><em>Contrainformaci\u00f3n en las calles a un mes de la desaparici\u00f3n de Santiago Maldonado<\/em><\/strong><\/p>\n<p align=\"justify\"><em>A un mes de la desaparici\u00f3n del compa\u00f1ero Santiago Maldonado sacamos difusi\u00f3n a las calles, al noroeste de la pen\u00ednsula Ib\u00e9rica: a Corunha, ciudad portuaria desde la que partieron cientos de barcos de inmigrantes a Latinoam\u00e9rica. Pero practicamente nula es la informaci\u00f3n que a este lado del Atl\u00e1ntico cuentan los medios hegem\u00f3nicos. Tampoco esper\u00e1bamos que fuese diferente.<\/em><\/p>\n<p align=\"justify\"><em>La Europa colonizadora nunca ha dejado de serlo, pero poco y nada se habla aqu\u00ed de la devastaci\u00f3n que multinacionales europeas y sus aliados los Estados llevan a cabo en Sudam\u00e9rica: se oculta tras la careta de las ONG&#8217;s y la caridad m\u00e1s hip\u00f3crita y paternalista.<\/em><\/p>\n<p align=\"justify\"><em>Antes de que los servicios de limpieza de la ciudad silencien de nuevo las paredes, algo queda dicho sobre el pasado 1 de agosto en que la Gendarmer\u00eda argentina secuestr\u00f3 a Santiago \u201cEl Lechu\u201d en el Lof de Resistencia Cushamen, y sobre la represi\u00f3n y el expolio constante que enfrenta el pueblo Mapuche.<\/em><\/p>\n<p align=\"justify\"><em>En apoyo a la situaci\u00f3n que enfrentan lxs compa\u00f1erxs en toda la Argentina, y que se expande rechazando las fronteras; en solidaridad con la lucha del pueblo mapuche m\u00e1s all\u00e1 de ning\u00fan territorio delimitado por el Estado. Por el compa\u00f1ero \u201cLechuga\u201d y todxs los que luchan contra la dominaci\u00f3n.<\/em><\/p>\n<p align=\"justify\"><a href=\"https:\/\/vozcomoarma.noblogs.org\/files\/2017\/09\/B_Afiche-santiago.jpg\"><img loading=\"lazy\" decoding=\"async\" class=\"size-full wp-image-17902 aligncenter\" src=\"https:\/\/vozcomoarma.noblogs.org\/files\/2017\/09\/B_Afiche-santiago.jpg\" alt=\"\" width=\"452\" height=\"640\" srcset=\"https:\/\/vozcomoarma.noblogs.org\/files\/2017\/09\/B_Afiche-santiago.jpg 452w, https:\/\/vozcomoarma.noblogs.org\/files\/2017\/09\/B_Afiche-santiago-212x300.jpg 212w\" sizes=\"auto, (max-width: 452px) 100vw, 452px\" \/><\/a>\u00a0 <a href=\"https:\/\/vozcomoarma.noblogs.org\/files\/2017\/09\/CalleSantiagoVarios.jpg\"><img loading=\"lazy\" decoding=\"async\" class=\"alignnone size-full wp-image-17904\" src=\"https:\/\/vozcomoarma.noblogs.org\/files\/2017\/09\/CalleSantiagoVarios.jpg\" alt=\"\" width=\"3508\" height=\"2480\" srcset=\"https:\/\/vozcomoarma.noblogs.org\/files\/2017\/09\/CalleSantiagoVarios.jpg 3508w, https:\/\/vozcomoarma.noblogs.org\/files\/2017\/09\/CalleSantiagoVarios-300x212.jpg 300w, https:\/\/vozcomoarma.noblogs.org\/files\/2017\/09\/CalleSantiagoVarios-768x543.jpg 768w, https:\/\/vozcomoarma.noblogs.org\/files\/2017\/09\/CalleSantiagoVarios-1024x724.jpg 1024w\" sizes=\"auto, (max-width: 3508px) 100vw, 3508px\" \/><\/a><\/p>\n","protected":false},"excerpt":{"rendered":"<p>Recibo en el correo electr\u00f3nico y difundo la siguiente informaci\u00f3n de una acci\u00f3n de difusi\u00f3n realizada en las calles de la ciudad galega de A Coru\u00f1a por la aparici\u00f3n con vida del compa\u00f1ero Santiago Maldonado, desaparecido hace ya m\u00e1s de &hellip; <a href=\"https:\/\/vozcomoarma.noblogs.org\/?p=17901\">Sigue leyendo <span class=\"meta-nav\">&rarr;<\/span><\/a><\/p>\n","protected":false},"author":7045,"featured_media":0,"comment_status":"closed","ping_status":"open","sticky":false,"template":"","format":"standard","meta":{"footnotes":""},"categories":[58,61,9,7,329],"tags":[13,62,18,16,42,24,19,11],"class_list":["post-17901","post","type-post","status-publish","format-standard","hentry","category-acciones","category-noticias","category-noticias-y-comunicados","category-presxs","category-santiago-maldonado-desaparecido","tag-argentina","tag-desalojo","tag-galicia","tag-guerra-social","tag-movimientos-sociales","tag-reflexion","tag-represion","tag-solidaridad"],"_links":{"self":[{"href":"https:\/\/vozcomoarma.noblogs.org\/index.php?rest_route=\/wp\/v2\/posts\/17901","targetHints":{"allow":["GET"]}}],"collection":[{"href":"https:\/\/vozcomoarma.noblogs.org\/index.php?rest_route=\/wp\/v2\/posts"}],"about":[{"href":"https:\/\/vozcomoarma.noblogs.org\/index.php?rest_route=\/wp\/v2\/types\/post"}],"author":[{"embeddable":true,"href":"https:\/\/vozcomoarma.noblogs.org\/index.php?rest_route=\/wp\/v2\/users\/7045"}],"replies":[{"embeddable":true,"href":"https:\/\/vozcomoarma.noblogs.org\/index.php?rest_route=%2Fwp%2Fv2%2Fcomments&post=17901"}],"version-history":[{"count":1,"href":"https:\/\/vozcomoarma.noblogs.org\/index.php?rest_route=\/wp\/v2\/posts\/17901\/revisions"}],"predecessor-version":[{"id":17905,"href":"https:\/\/vozcomoarma.noblogs.org\/index.php?rest_route=\/wp\/v2\/posts\/17901\/revisions\/17905"}],"wp:attachment":[{"href":"https:\/\/vozcomoarma.noblogs.org\/index.php?rest_route=%2Fwp%2Fv2%2Fmedia&parent=17901"}],"wp:term":[{"taxonomy":"category","embeddable":true,"href":"https:\/\/vozcomoarma.noblogs.org\/index.php?rest_route=%2Fwp%2Fv2%2Fcategories&post=17901"},{"taxonomy":"post_tag","embeddable":true,"href":"https:\/\/vozcomoarma.noblogs.org\/index.php?rest_route=%2Fwp%2Fv2%2Ftags&post=17901"}],"curies":[{"name":"wp","href":"https:\/\/api.w.org\/{rel}","templated":true}]}}