{"id":17932,"date":"2017-09-06T16:04:23","date_gmt":"2017-09-06T14:04:23","guid":{"rendered":"https:\/\/vozcomoarma.noblogs.org\/?p=17932"},"modified":"2017-09-06T16:04:23","modified_gmt":"2017-09-06T14:04:23","slug":"ee-uu-carta-de-mumia-abu-jamal-sobre-los-hechos-tragicos-de-charlottesville","status":"publish","type":"post","link":"https:\/\/vozcomoarma.noblogs.org\/?p=17932","title":{"rendered":"EE.UU. &#8211; Carta de Mumia Abu Jamal sobre los hechos tr\u00e1gicos de Charlottesville"},"content":{"rendered":"<p align=\"justify\"><a href=\"https:\/\/vozcomoarma.noblogs.org\/files\/2017\/09\/charlottesville.jpg_1718483346.jpg\"><img loading=\"lazy\" decoding=\"async\" class=\"alignright wp-image-17933 size-medium\" src=\"https:\/\/vozcomoarma.noblogs.org\/files\/2017\/09\/charlottesville.jpg_1718483346-300x170.jpg\" alt=\"\" width=\"300\" height=\"170\" srcset=\"https:\/\/vozcomoarma.noblogs.org\/files\/2017\/09\/charlottesville.jpg_1718483346-300x170.jpg 300w, https:\/\/vozcomoarma.noblogs.org\/files\/2017\/09\/charlottesville.jpg_1718483346.jpg 600w\" sizes=\"auto, (max-width: 300px) 100vw, 300px\" \/><\/a>Hace unas semanas, una manifestaci\u00f3n antifascista protest\u00f3 contra un encuentro neonazi en Charlottesville, Virginia (EE.UU.). La protesta no tard\u00f3 en derivar en enfrentamientos con la basura fascista y sus guardaespaldas policiales. En medio del tumulto, un neonazi subi\u00f3 a su veh\u00edculo y embisti\u00f3 al grupo de antifascistas, atropellando a varias personas y acabando con la vida de una de ellas, la compa\u00f1era Heather Heyer, de 32 a\u00f1os.<\/p>\n<p align=\"justify\">Tras estos hechos, Donald Trump se atrevi\u00f3 a comparecer \u00abcondenando\u00bb el asesinato fascista mientras se llenaba la boca con discursos de equidistancia, poniendo a la misma altura a la escoria racista, hom\u00f3foba, mis\u00f3gina y ultranacionalista y a todas aquellas personas que desde su diversidad se organizaron para no permitir que esos discursos de odio tuviesen ni un s\u00f3lo mil\u00edmetro de espacio seguro. No sorprende, las l\u00e1grimas de cocodrilo de la \u00e9lite pol\u00edtica son habituales cuando uno de sus cachorritos neonazis \u00abse excede\u00bb y mata a alguien, y es necesario aparecer en las pantallas para lavarle la cara (y las manos) a la Democracia capitalista que usa al fascismo como avanzadilla. Pero est\u00e1 claro que Trump es en gran medida uno de les principales responsables de la muerte de Heather y de arengar el chovinismo supremacista.<\/p>\n<p align=\"justify\">Ahora, a continuaci\u00f3n, sigue un comunicado de Mumia Abu-Jamal reflexionando sobre este hecho, y que yo recojo de <strong><a href=\"https:\/\/publicacionrefractario.wordpress.com\/2017\/08\/17\/eeuu-palabras-de-mumia-sobre-trump-y-los-hechos-de-charlottesville\/\">Publicaci\u00f3n Refractario<\/a><\/strong>:<\/p>\n<p align=\"justify\">&#8212;&#8212;&#8212;&#8212;&#8212;&#8212;&#8212;&#8212;&#8212;-<\/p>\n<p align=\"justify\"><em>La conmoci\u00f3n de Charlottesville, Virginia, est\u00e1 resonando en todo el mundo. El turbulento r\u00edo de odio que retumb\u00f3 por la ciudad destac\u00f3 un panorama de paranoia: barras y estrellas, <\/em><em>e<\/em><em>s<\/em><em>v<\/em><em>\u00e1sticas, insignias <\/em><em>n<\/em><em>azi<\/em><em>s<\/em><em>, cruces del Ku Klux Klan y gorras con mensaje de Trump.<\/em><\/p>\n<p align=\"justify\"><em>Son la cara oculta de Estados Unidos\u2014ahora descubierta para que todos la vean. Son \u2018Am\u00e9rica.\u2019<\/em><\/p>\n<p align=\"justify\"><em>Son el filo de la navaja de los millones que escucharon a Trump decir que Obama naci\u00f3 en \u00c1frica. Esto es el trumpese que dice con un gui\u00f1o del ojo, \u201c\u00c9l no es de <\/em><em>los nuestros<\/em><em>. No es un americano de verdad, como nosotros. \u00bfComprenden?\u201d<\/em><\/p>\n<p align=\"justify\"><em>Caras apenas maduras de una generaci\u00f3n moribunda, la resaca inadvertida que llev\u00f3 a Trump a<\/em><em>l Despacho <\/em><em>Oval. Pedirle a Trump que renuncie o condene a estos racistas o sus opiniones, es como pedirles a las uvas que condenen la jalea. En realidad, no se puede hacer porque ellos son parte de \u00e9l, y \u00e9l es parte de ellos.<\/em><\/p>\n<p align=\"justify\"><em>Aqu\u00ed vemos el trumpismo desenmascarado. Hacer <\/em><em>a <\/em><em>\u2018Am\u00e9rica\u2019 grande de nuevo. No me digas.<\/em><\/p>\n<p align=\"justify\"><em>Charlottesville, Virginia, es el hijo ileg\u00edtimo de Charleston, Carolina del Sur, donde un joven neo-nazi asesin\u00f3 a nueve personas negras en una iglesia hace dos a\u00f1os. Dos ciudades, un ejemplo. La rabia blanca a punto de hervir. Visible y presente en los dos casos.<\/em><\/p>\n<p align=\"justify\"><em>Los agravios de personas traicionadas por el capitalismo, por la fuga del capital corporativo, por el TLCAN y por el reloj del cambio, siempre dando vueltas, se han vuelto el combustible para que ataquen al eterno \u201cotro\u201d \u2013 los negros, jud\u00edos, latinos, musulmanes, inmigrantes, entre otros \u2013, a cualquier persona considerada no verdaderamente blanca.<\/em><\/p>\n<p align=\"justify\"><em>Hacer <\/em><em>a <\/em><em>\u2018Am\u00e9rica\u2019 grande de nuevo. Hacer <\/em><em>a<\/em><em> \u2018Am\u00e9rica\u2019 odiar de nuevo. Hacer <\/em><em>a <\/em><em>\u2018Am\u00e9rica\u2019 blanca de nuevo. Es el trumpismo. \u00bfC\u00f3mo se puede esperar que Trump se denuncie a s\u00ed mismo?<\/em><\/p>\n<p align=\"justify\"><em>Desde la naci\u00f3n encarcelada, soy Mumia Abu-Jamal.<\/em><\/p>\n<p align=\"justify\"><em>13 de agosto de 2017<\/em><\/p>\n","protected":false},"excerpt":{"rendered":"<p>Hace unas semanas, una manifestaci\u00f3n antifascista protest\u00f3 contra un encuentro neonazi en Charlottesville, Virginia (EE.UU.). La protesta no tard\u00f3 en derivar en enfrentamientos con la basura fascista y sus guardaespaldas policiales. En medio del tumulto, un neonazi subi\u00f3 a su &hellip; <a href=\"https:\/\/vozcomoarma.noblogs.org\/?p=17932\">Sigue leyendo <span class=\"meta-nav\">&rarr;<\/span><\/a><\/p>\n","protected":false},"author":7045,"featured_media":0,"comment_status":"closed","ping_status":"open","sticky":false,"template":"","format":"standard","meta":{"footnotes":""},"categories":[140,61,9,7],"tags":[14,35,36,21,65,16,76,42,34,24,19,11],"class_list":["post-17932","post","type-post","status-publish","format-standard","hentry","category-mumia-abu-jamal","category-noticias","category-noticias-y-comunicados","category-presxs","tag-anti-fascismo","tag-asesinato-de-estado","tag-ataque-fascista","tag-disturbios","tag-ee-uu","tag-guerra-social","tag-migrantes","tag-movimientos-sociales","tag-racismo","tag-reflexion","tag-represion","tag-solidaridad"],"_links":{"self":[{"href":"https:\/\/vozcomoarma.noblogs.org\/index.php?rest_route=\/wp\/v2\/posts\/17932","targetHints":{"allow":["GET"]}}],"collection":[{"href":"https:\/\/vozcomoarma.noblogs.org\/index.php?rest_route=\/wp\/v2\/posts"}],"about":[{"href":"https:\/\/vozcomoarma.noblogs.org\/index.php?rest_route=\/wp\/v2\/types\/post"}],"author":[{"embeddable":true,"href":"https:\/\/vozcomoarma.noblogs.org\/index.php?rest_route=\/wp\/v2\/users\/7045"}],"replies":[{"embeddable":true,"href":"https:\/\/vozcomoarma.noblogs.org\/index.php?rest_route=%2Fwp%2Fv2%2Fcomments&post=17932"}],"version-history":[{"count":1,"href":"https:\/\/vozcomoarma.noblogs.org\/index.php?rest_route=\/wp\/v2\/posts\/17932\/revisions"}],"predecessor-version":[{"id":17934,"href":"https:\/\/vozcomoarma.noblogs.org\/index.php?rest_route=\/wp\/v2\/posts\/17932\/revisions\/17934"}],"wp:attachment":[{"href":"https:\/\/vozcomoarma.noblogs.org\/index.php?rest_route=%2Fwp%2Fv2%2Fmedia&parent=17932"}],"wp:term":[{"taxonomy":"category","embeddable":true,"href":"https:\/\/vozcomoarma.noblogs.org\/index.php?rest_route=%2Fwp%2Fv2%2Fcategories&post=17932"},{"taxonomy":"post_tag","embeddable":true,"href":"https:\/\/vozcomoarma.noblogs.org\/index.php?rest_route=%2Fwp%2Fv2%2Ftags&post=17932"}],"curies":[{"name":"wp","href":"https:\/\/api.w.org\/{rel}","templated":true}]}}