{"id":17961,"date":"2017-09-11T12:52:06","date_gmt":"2017-09-11T10:52:06","guid":{"rendered":"https:\/\/vozcomoarma.noblogs.org\/?p=17961"},"modified":"2017-09-11T12:52:06","modified_gmt":"2017-09-11T10:52:06","slug":"texto-nuevo-llamamiento-a-la-guerra-reflexiones-anarquicas-sobre-los-atentados-en-cataluna","status":"publish","type":"post","link":"https:\/\/vozcomoarma.noblogs.org\/?p=17961","title":{"rendered":"[Texto] Nuevo llamamiento a la guerra: Reflexiones an\u00e1rquicas sobre los atentados en Catalu\u00f1a"},"content":{"rendered":"<p align=\"justify\"><a href=\"https:\/\/vozcomoarma.noblogs.org\/files\/2017\/09\/todavia-estamos-en-guerra.jpg\"><img loading=\"lazy\" decoding=\"async\" class=\"alignright wp-image-17965 size-medium\" src=\"https:\/\/vozcomoarma.noblogs.org\/files\/2017\/09\/todavia-estamos-en-guerra-300x225.jpg\" alt=\"\" width=\"300\" height=\"225\" srcset=\"https:\/\/vozcomoarma.noblogs.org\/files\/2017\/09\/todavia-estamos-en-guerra-300x225.jpg 300w, https:\/\/vozcomoarma.noblogs.org\/files\/2017\/09\/todavia-estamos-en-guerra.jpg 500w\" sizes=\"auto, (max-width: 300px) 100vw, 300px\" \/><\/a>Recibo en el correo electr\u00f3nico y difundo este texto con reflexiones, desde un punto de vista anarquista y revolucionario, sobre los tr\u00e1gicos hechos de los atentados yihadistas en Catalu\u00f1a y las consecuencias sociales y pol\u00edticas de los mismos:<\/p>\n<p align=\"justify\">&#8212;&#8212;&#8212;&#8212;&#8212;&#8212;&#8212;&#8212;&#8212;&#8212;-<\/p>\n<p align=\"justify\"><strong><em>NUEVO\u00a0LLAMAMIENTO\u00a0A\u00a0LA\u00a0GUERRA<\/em><\/strong><br \/>\n<strong> <em>Reflexiones\u00a0an\u00e1rquicas\u00a0sobre\u00a0los\u00a0atentados\u00a0en\u00a0Catalu\u00f1a<\/em><\/strong><\/p>\n<p align=\"justify\"><strong><em>1.\u00a0\u00a1Viva\u00a0la\u00a0guerra\u00a0a\u00a0sus\u00a0guerras!<\/em><\/strong><\/p>\n<p align=\"justify\"><em>La oleada de atentados bajo signo yihadista, en la peculiar f\u00f3rmula del Estado Isl\u00e1mico, han segado multitud de vidas en todo el mundo (y no s\u00f3lo en pa\u00edses occidentales). De poco sirven las muchas llamadas de atenci\u00f3n sobre el origen y el auge del yihadismo moderno -patrocinados y financiados en un intento del occidente capitalista de desgastar los reg\u00edmenes nacionalistas afines a la extinta URSS- y las actuales fuente de financiaci\u00f3n del DAESH y sus pilares ideol\u00f3gicos cercanos a Estados como Arabia Saud\u00ed \u2013aliados de occidente-, los intereses en la venta de armas con procedencia occidental y por supuesto, los intereses del capitalismo en mantener regiones enteras bajo un estado de guerra permanente. No se trata s\u00f3lo ya de establecer reg\u00edmenes sat\u00e9lites a los EEUU como en la d\u00e9cada pasada, sino acostumbrar a las poblaciones a la muerte y a la tiran\u00eda para que los capitalistas occidentales hagan y desahagan a su antojo y mantengan su rol dominante a trav\u00e9s de una ocupaci\u00f3n militar tenue \u2013o subcontratada-.<\/em><\/p>\n<p align=\"justify\"><em>La guerra contra estos intereses es una guerra de los oprimidos de todo el planeta, no importando localizaciones geogr\u00e1ficas. Reconocernos como oprimidos y establecer lazos de solidaridad y apoyo mutuo en un conflicto permanente contra el capitalismo, el Estado, la autoridad, la religi\u00f3n y el nacionalismo como expresiones de nuestra dominaci\u00f3n, de nuestra miseria, de nuestra explotaci\u00f3n, de nuestros muertos, frente a su opulencia, sus intereses y las ansias del Poder de abarcar cada vez m\u00e1s y m\u00e1s sin importar cu\u00e1nta sangre se derrame.<\/em><\/p>\n<p align=\"justify\"><strong><em>2.\u00a0Guerra\u00a0a\u00a0la\u00a0democracia.\u00a0Guerra\u00a0a\u00a0toda forma\u00a0de\u00a0autoridad.<\/em><\/strong><\/p>\n<p align=\"justify\"><em>Los atentados de Catalu\u00f1a han servido para que toda la caterva medi\u00e1tica al servicio del poder se unan sin importar el signo ideol\u00f3gico: todas las voces afines al sistema se re\u00fanen bajo el estandarte de la democracia. Los dem\u00f3cratas se unen a la menor ocasi\u00f3n para evidenciar que en el fondo, todos defienden lo mismo: la Democracia como f\u00f3rmula bajo la cual someternos. La Democracia, ese falso espejismo de libertad donde elegimos a nuestros amos, la Democracia que genera guerras en el tercer mundo y control social y represi\u00f3n en el primero. Esa Democracia que gestiona las guerras, la maquinaria de expulsi\u00f3n racista, la explotaci\u00f3n laboral, la represi\u00f3n, la c\u00e1rcel y, en fin, la miseria en sus muchas expresiones.<\/em><\/p>\n<p align=\"justify\"><em>No se trata aqu\u00ed de hacer llamados a la tolerancia, al civismo, al respeto entre religiones y otra serie de libertades y valores democr\u00e1ticos, propios de la burgues\u00eda. Es sobre estas premisas sobre las que se asientan la persecuci\u00f3n contra aquellxs que no se arrodillan y no aceptan la negociaci\u00f3n con el Poder en sus t\u00e9rminos. Se trata de un llamamiento precisamente a la intolerancia y al rechazo absoluto de cualquier f\u00f3rmula bajo la cual la autoridad despliegue sus tent\u00e1culos, sea mediante la democracia o un Estado totalitario como el formulado por el ISIS. Son distintas maneras de ejercer el control, la explotaci\u00f3n y la muerte.<\/em><\/p>\n<p align=\"justify\"><strong><em>3.\u00a0Guerra\u00a0a\u00a0la\u00a0religi\u00f3n.\u00a0Guerra\u00a0al\u00a0nacionalismo.<\/em><\/strong><\/p>\n<p align=\"justify\"><em>Si algo evidencian los tiempos que corren, es la desesperada b\u00fasqueda de los oprimidos por agarrarse a identidades ficticias, creadas por los intereses del Poder a lo largo de historia: hablamos del nacionalismo y la religi\u00f3n. Estas identidades sirven de oportunidad para muchas personas que expulsados a la marginalidad, a una vida de miseria y tedio ingresar\u00e1n en las filas de aquellos que les prometan la grandeza a trav\u00e9s de la idea de Dios o de la Patria.<\/em><\/p>\n<p align=\"justify\"><em>La religi\u00f3n, bajo cualquier f\u00f3rmula, ha servido para edificar la autoridad y reforzar el Poder, dot\u00e1ndole de un aura divina y suprahumana, protegiendo el estatus quo de aquellos que lo ostentan. Esta alianza sirve para que las instituciones religiosas se perpet\u00faen en su propio rol social (enga\u00f1ar, manipular y sembrar el servilismo con el orden establecido) adquiriendo los miembros de cualquier jerarqu\u00eda religiosa un trocito del pastel del poder. La idea de Dios somete al individuo a la religi\u00f3n y se edifica en torno a aspirar al monopolio frente a los adeptos a otras religiones o aquellos que no se arrodillan. Homofobia, machismo, sometimiento, control\u2026 piezas indispensables en toda forma de religi\u00f3n. Las religiones de Jesucristo, Yahveh o Al\u00e1 son enemigas de la vida y de la libertad.<\/em><\/p>\n<p align=\"justify\"><em>El nacionalismo es un sentimiento inyectado por los Estados (o las clases burguesas que pretenden la formaci\u00f3n de un nuevo Estado) entre la gente, entre los oprimidos, para sumarles a sus causas y servirse de las \u201cmasas\u201d para legitimar sus intereses. Toda forma de naci\u00f3n implica la conformaci\u00f3n de un Estado, antes o despu\u00e9s; un Estado que se construya en torno a una cultura, una tradici\u00f3n y una serie de simbolog\u00edas que convierten toda forma de cultura en algo estancado, monol\u00edtico, cerrado que s\u00f3lo busca encerrar a los explotados y oprimidos en identidades ficticias que les vincule con los intereses del Poder y enfrentar a los oprimidos entre s\u00ed. Toda naci\u00f3n es enemiga de la libertad.<\/em><\/p>\n<p align=\"justify\"><strong><em>4.\u00a0Guerra\u00a0al\u00a0racismo<\/em>.<\/strong><\/p>\n<p align=\"justify\"><em>Los intereses del Poder a la hora de marcar las diferencias entre los explotados y explotadas, son un perfecto caldo de cultivo en tiempos de crisis para que la demagogia racista y xen\u00f3foba de los grupos de extrema derecha calen entre la poblaci\u00f3n. Aprovechar el dolor y el sufrimiento y la interesada campa\u00f1a medi\u00e1tica en generar una pol\u00edtica en torno al miedo, sirven de argumentos a los grup\u00fasculos nazis y fascistas para desplegar su basura racista y xenof\u00f3ba, en este caso concreto a trav\u00e9s de la conocida islamofobia.<\/em><\/p>\n<p align=\"justify\"><em>Sin embargo, no se puede separar la funci\u00f3n de los Estados (y su forma m\u00e1s com\u00fan en nuestra realidad, la Democracia) del fascismo y su pr\u00e1cticas racistas y xen\u00f3fobas. \u00bfQui\u00e9n reduce la cultura de otros pueblos a meras representaciones folkl\u00f3rikas convertidas en mercanc\u00eda para turistas? \u00bfQui\u00e9n gestiona los CIE&#8217;s, las leyes racistas de extranjer\u00eda, las fronteras o la doble explotaci\u00f3n de las personas trabajadoras inmigrantes? El Estado y el Capital. Acabar con el racismo sin acabar con el Estado y el capitalismo es imposible.<\/em><\/p>\n<p align=\"justify\"><strong><em>5.\u00a0Guerra\u00a0a\u00a0la\u00a0seguridad.<\/em><\/strong><\/p>\n<p align=\"justify\"><em>Los atentados en Catalu\u00f1a han servido para evidenciar que el futuro ya est\u00e1 aqu\u00ed en forma de presente: la militarizaci\u00f3n del espacio p\u00fablico en aras de la seguridad. Las leyes que buscan acotar aun m\u00e1s la libertad de las personas, el despliegue de cientos de efectivos armados a trav\u00e9s de polic\u00eda, militares y otros cuerpos de seguridad del Estado y la bater\u00eda de leyes que ahondan en el control social son las beneficiosas consecuencias que pol\u00edticos y altos mandos policiales y militares aprovechan en todo el mundo cada vez que el yihadismo hace su entrada en escena. Las medidas excepcionales de seguridad tienden a convertirse en norma una vez pasado el revuelo medi\u00e1tico.<\/em><\/p>\n<p align=\"justify\"><em>Y guerra tambi\u00e9n a las instituciones policiales, sean polic\u00edas o mossos. Guerra a estos cuerpos que s\u00f3lo sirven para proteger los intereses de las clases dirigentes y tienen en su historial la represi\u00f3n, la muerte y el encarcelamiento de aquellxs que decidieron y decidimos luchar con todos los medios a nuestro alcance contra los privilegios de la minor\u00eda opresora. Los medios de comunicaci\u00f3n no han dejado pasar la oportunidad de hacer ver a los torturadores como fervientes protectores de la poblaci\u00f3n y de paso, jugar a sus guerras de poder entre nacionalismos (catal\u00e1n y espa\u00f1ol).<\/em><\/p>\n<p align=\"justify\"><em>Frente\u00a0a\u00a0esto:<\/em><\/p>\n<p align=\"justify\"><em>\u00a1Guerra\u00a0a\u00a0sus\u00a0fronteras,\u00a0a\u00a0sus\u00a0guerras\u00a0y\u00a0a\u00a0sus\u00a0religiones!<\/em><br \/>\n<em>\u00a1Guerra\u00a0social\u00a0contra\u00a0el\u00a0Estado\u00a0y\u00a0el\u00a0Capital!<\/em><\/p>\n<p align=\"justify\"><strong><em>Algunxs\u00a0anarquistas<\/em><\/strong><\/p>\n","protected":false},"excerpt":{"rendered":"<p>Recibo en el correo electr\u00f3nico y difundo este texto con reflexiones, desde un punto de vista anarquista y revolucionario, sobre los tr\u00e1gicos hechos de los atentados yihadistas en Catalu\u00f1a y las consecuencias sociales y pol\u00edticas de los mismos: &#8212;&#8212;&#8212;&#8212;&#8212;&#8212;&#8212;&#8212;&#8212;&#8212;- NUEVO\u00a0LLAMAMIENTO\u00a0A\u00a0LA\u00a0GUERRA &hellip; <a href=\"https:\/\/vozcomoarma.noblogs.org\/?p=17961\">Sigue leyendo <span class=\"meta-nav\">&rarr;<\/span><\/a><\/p>\n","protected":false},"author":7045,"featured_media":0,"comment_status":"closed","ping_status":"open","sticky":false,"template":"","format":"standard","meta":{"footnotes":""},"categories":[20],"tags":[35,36,107,48,16,76,42,34,24,19,11],"class_list":["post-17961","post","type-post","status-publish","format-standard","hentry","category-textos","tag-asesinato-de-estado","tag-ataque-fascista","tag-barcelona","tag-cataluna","tag-guerra-social","tag-migrantes","tag-movimientos-sociales","tag-racismo","tag-reflexion","tag-represion","tag-solidaridad"],"_links":{"self":[{"href":"https:\/\/vozcomoarma.noblogs.org\/index.php?rest_route=\/wp\/v2\/posts\/17961","targetHints":{"allow":["GET"]}}],"collection":[{"href":"https:\/\/vozcomoarma.noblogs.org\/index.php?rest_route=\/wp\/v2\/posts"}],"about":[{"href":"https:\/\/vozcomoarma.noblogs.org\/index.php?rest_route=\/wp\/v2\/types\/post"}],"author":[{"embeddable":true,"href":"https:\/\/vozcomoarma.noblogs.org\/index.php?rest_route=\/wp\/v2\/users\/7045"}],"replies":[{"embeddable":true,"href":"https:\/\/vozcomoarma.noblogs.org\/index.php?rest_route=%2Fwp%2Fv2%2Fcomments&post=17961"}],"version-history":[{"count":1,"href":"https:\/\/vozcomoarma.noblogs.org\/index.php?rest_route=\/wp\/v2\/posts\/17961\/revisions"}],"predecessor-version":[{"id":17967,"href":"https:\/\/vozcomoarma.noblogs.org\/index.php?rest_route=\/wp\/v2\/posts\/17961\/revisions\/17967"}],"wp:attachment":[{"href":"https:\/\/vozcomoarma.noblogs.org\/index.php?rest_route=%2Fwp%2Fv2%2Fmedia&parent=17961"}],"wp:term":[{"taxonomy":"category","embeddable":true,"href":"https:\/\/vozcomoarma.noblogs.org\/index.php?rest_route=%2Fwp%2Fv2%2Fcategories&post=17961"},{"taxonomy":"post_tag","embeddable":true,"href":"https:\/\/vozcomoarma.noblogs.org\/index.php?rest_route=%2Fwp%2Fv2%2Ftags&post=17961"}],"curies":[{"name":"wp","href":"https:\/\/api.w.org\/{rel}","templated":true}]}}