{"id":17966,"date":"2017-09-11T13:18:34","date_gmt":"2017-09-11T11:18:34","guid":{"rendered":"https:\/\/vozcomoarma.noblogs.org\/?p=17966"},"modified":"2017-09-12T20:32:08","modified_gmt":"2017-09-12T18:32:08","slug":"texto-argentina-aun-podemos-ser-peores-consideraciones-y-reflexiones-a-un-mes-de-la-desaparicion-de-santiago-maldonado-por-algunxs-anarquicxs-de-buenos-aires","status":"publish","type":"post","link":"https:\/\/vozcomoarma.noblogs.org\/?p=17966","title":{"rendered":"[Texto] Argentina &#8211; \u00ab\u00a1Aun podemos ser peores! &#8211;  Consideraciones y reflexiones a un mes de la desaparici\u00f3n de Santiago Maldonado\u00bb, por \u00abAlgunxs an\u00e1rquicxs de Buenos Aires\u00bb"},"content":{"rendered":"<div id=\"attachment_17968\" style=\"width: 310px\" class=\"wp-caption alignright\"><a href=\"https:\/\/vozcomoarma.noblogs.org\/files\/2017\/09\/sept.jpg\"><img loading=\"lazy\" decoding=\"async\" aria-describedby=\"caption-attachment-17968\" class=\"wp-image-17968 size-medium\" src=\"https:\/\/vozcomoarma.noblogs.org\/files\/2017\/09\/sept-300x168.jpg\" alt=\"\" width=\"300\" height=\"168\" srcset=\"https:\/\/vozcomoarma.noblogs.org\/files\/2017\/09\/sept-300x168.jpg 300w, https:\/\/vozcomoarma.noblogs.org\/files\/2017\/09\/sept-768x429.jpg 768w, https:\/\/vozcomoarma.noblogs.org\/files\/2017\/09\/sept-1024x573.jpg 1024w, https:\/\/vozcomoarma.noblogs.org\/files\/2017\/09\/sept.jpg 1089w\" sizes=\"auto, (max-width: 300px) 100vw, 300px\" \/><\/a><p id=\"caption-attachment-17968\" class=\"wp-caption-text\">\u00abNadie est\u00e1 olvidado \/ Nada est\u00e1 saldado &#8211; Memoria a las ca\u00eddas\u00bb (pancarta realizada y colocada en Chile por les compa\u00f1eres de la Biblioteca Antiautoritaria Libertad)<\/p><\/div>\n<hr \/>\n<p align=\"justify\">Recibo en el correo electr\u00f3nico y difundo este texto firmado por \u00ab<em>Algunxs an\u00e1rquicxs de Buenos Aires\u00bb <\/em>y que contiene, adem\u00e1s de una cronolog\u00eda breve de las principales respuestas, tanto p\u00fablicas como con un car\u00e1cter m\u00e1s insurrecto, realizadas en solidaridad con el compa\u00f1ero Santiago Maldonado y en contra de su \u00abdesaparici\u00f3n\u00bb olidaridad con el compa\u00f1ero Santiago Maldonado y en contra de su desaparici\u00f3n(secuestro) a manos de la Gendarmer\u00eda mientras participaba solidariamente en la defensa del Lof mapuche en resistencia de Cushamen (Chubut, Argentina), tambi\u00e9n trae algunas reflexiones interesantes sobre el conflicto abierto y la lucha en general contra el Estado, en Argentina y m\u00e1s all\u00e1.<\/p>\n<p align=\"justify\">&#8212;&#8212;&#8212;&#8212;&#8212;&#8212;&#8212;&#8212;&#8212;&#8212;&#8212;&#8212;&#8212;&#8212;&#8211;<\/p>\n<p align=\"justify\"><em><strong>AUN PODEMOS SER PEORES<\/strong><\/em><br \/>\n<em> Consideraciones y reflexiones a un mes de la desaparici\u00f3n de Santiago Maldonado<\/em><\/p>\n<p align=\"justify\"><em>El 1 de agosto, en la Ruta Nacional N\u00b0 40, integrantes del Pu Lof en resistencia de Cushamen y algunxs solidarixs hacen una barricada cortando el tr\u00e1nsito en solidaridad con el proceso que afronta el Lonko Facundo Jones Huala (por segunda vez). Minutos despu\u00e9s llegar\u00edan camiones y camionetas con una treintena de gendarmes armadxs con escopetas. Lxs pe\u00f1is comienzan a tirar piedras respondiendo a la presencia de las bastardas fuerzas del orden. Gendarmer\u00eda avanza a los tiros, quemando las precarias viviendas y pertenencias de lxs habitantes del Lof, haci\u00e9ndolos retroceder atravesando un r\u00edo. Entre ellxs se queda retrasado Santiago Maldonado (\u201cEl lechuga\u201d o \u201cel brujo\u201d). Aqu\u00ed algunxs habitantes del Lof observan como Gendarmer\u00eda agarra a Santiago; otrxs afirman que se escucha como lxs gendarmes dec\u00edan que \u201cten\u00edan a uno\u201d.<\/em><\/p>\n<p align=\"justify\"><em>Despues de aquello, comienzan a circular im\u00e1genes y testimonios sobre que Santiago no aparec\u00eda y que Gendarmer\u00eda se lo hab\u00eda llevado en una camioneta unimog. Las autoridades hacen silencio de todo esto.<\/em><\/p>\n<p align=\"justify\"><em><strong><a href=\"https:\/\/vozcomoarma.noblogs.org\/?p=17797\">El viernes 4 de agosto,<\/a><\/strong> distintas individualidades anarquistas y solidarixs, ingresan a la casa de Chubut reclamando por la aparici\u00f3n de Santiago. El lugar fue propicio para la destrucci\u00f3n. Computadoras, cuadros, ventanas, decoraciones todo destruido con rabia. En el lugar se dejan pintadas y panfletos alusivos a la represi\u00f3n en Cushamen.<\/em><\/p>\n<p align=\"justify\"><em>El lunes 7 de agosto, se convocan entre varias organizaciones, grupos y la familia una concentraci\u00f3n en la Plaza de Congreso. Logra ser bastante numerosa, entre ellos, muchxs compa\u00f1erxs. Enojadxs no s\u00f3lo por lo sucedido, sino por el aparataje de lxs pol\u00edticxs que prontos a las elecciones repart\u00edan boleta de su Frente de Izquierda. Ese d\u00eda luego que terminara el acto, se cort\u00f3 la calle Entre R\u00edos y se arrojaron piedras, palazos, petardos contra la infanter\u00eda, dos polic\u00edas de la ciudad y un guardia del congreso nacional que estaban apostadxs en las cercan\u00edas. Despu\u00e9s ser\u00edan incendiadas dos motos de la yuta. Luego hubo dispersi\u00f3n, sin ning\u00fan detenido ni herido de nuestra parte.<\/em><\/p>\n<p align=\"justify\"><em>El viernes 11 de agosto, se coordinan marchas y actos en distintos puntos del pa\u00eds (Bols\u00f3n, Bariloche, Rosario, Buenos Aires). En Capital, lo organizan agrupaciones de DDHH (entre ellas una fracci\u00f3n de las madres de Plaza de Mayo), familiares y amigxs del lechuga, m\u00e1s organizaciones de izquierda convocando a una concentraci\u00f3n \u201cpacifica\u201d en la Plaza de Mayo, enfrente de la Casa Rosada. Siendo multitudinaria, uno de los hermanos del lechu lee un escrito de \u00e9l; dejando en claro su posicionamiento antiyuta y anarquista.<\/em><\/p>\n<p align=\"justify\"><em>Una de las cosas que nos causa mucha rabia, es la utilizaci\u00f3n de partidos pol\u00edticos (PO, MST, MAS Convergencia Socialista, partidos kirchneristas), ONG\u00b4s, sindicatos (La CGT cuenta con historias bastantes oscuras en tiempos peronistas, que involucra a la AAA y grupos parapoliciales) que utilizan la imagen y la historia a medias de nuestro compa\u00f1ero para sumarse (en medio de la campa\u00f1a electoral) unos porotitos m\u00e1s; el secuestro del lechuga NO ES CAMPA\u00d1A POL\u00cdTICA. Carro\u00f1erxs que nunca se molestaran en dejar de defender la propiedad privada, la gendarmer\u00eda e incluso los mismos gobiernos que lxs reprimen y lxs sumergen en una miseria cotidiana; porque ellxs mismxs desean llegar a ese poder y ejercer esa misma autoridad. Con ellxs y sus respuestas conciliadoras no tenemos absolutamente nada que ver\u2026<\/em><\/p>\n<p align=\"justify\"><em>El jueves 17 se convoca a una marcha en C\u00f3rdoba Capital, donde se ve una gran multitud pidiendo por la aparici\u00f3n de Santiago con vida. La polic\u00eda despleg\u00f3 un gran aparato para evitar disturbios. Esa misma noche, a la madrugada, an\u00f3nimxs dejan un artefacto rudimentario que incendia las puertas de entrada del C\u00edrculo de Suboficiales de Gendarmer\u00eda Nacional de C\u00f3rdoba. No hubo reivindicaci\u00f3n. D\u00edas despu\u00e9s, en una marcha nacional contra los casos de gatillo f\u00e1cil se producen enfrentamientos y destrozos en todo el centro de C\u00f3rdoba Capital. Posteriormente serian allanados distintos locales anarquistas, plataformistas y pol\u00edticos (entre ellos un comedor), adem\u00e1s de domicilios de madres que sus hijos fueros asesinados por la polic\u00eda. De aqu\u00ed s\u00f3lo se llevaron afiches, banderas y volantes que hablar\u00e1n sobre el caso de Santiago (m\u00e1s la leche del comedor). Quedaron algunas personas detenidas, pero las soltar\u00edan a las pocas horas.<\/em><\/p>\n<p align=\"justify\"><em>El jueves 24, la agrupaci\u00f3n H.I.J.O.S. y agrupaciones de izquierda convocan una concentraci\u00f3n y marcha en la Plaza San Mart\u00edn en la ciudad de La Plata. A ella concurren bastante gente e inclusive un bloque negro de anarquistas. Durante la marcha se producen algunos destrozos en las calles centrales de la ciudad. La marcha termina su recorrido en la misma plaza donde hab\u00eda salido. Enfrente de la misma se encontraba, mediante una calle, el Senado Bonaerense. Ante la mirada at\u00f3nita de algunxs ciudadanxs indignadxs, se corta la calle, se rompe una camioneta bien cotizada y se ataca el senado mediante piedras y un par de molotovs, logrando algunos destrozos y quemando un poco la fachada del senado mismo\u2026 Un par de horas despu\u00e9s, dos personas dejan dos bidones repletos de nafta que hacen arden dos coches del estacionamiento mismo del senado. Nadie se adjudic\u00f3 el ataque. D\u00edas despu\u00e9s despiden al jefe de inteligencia de la polic\u00eda bonaerense.<\/em><\/p>\n<p align=\"justify\"><em>En algunas de estas concentraciones y marchas, as\u00ed como en las calles o universidades y sobre todo en las redes sociales observamos que una gran parte de la opini\u00f3n p\u00fablica ha empatizado y se ha \u201csensibilizado\u201d con lo de Santiago\u00a0<\/em><em>(y una peque\u00f1a avala algunos hechos de violencia). Es verdad que en Argentina cuando se habla de desaparecidos se evocan a las dictaduras militares y a varios recuerdos que han quedados grabados en las memorias de la sensibilidad social. Lo que la gran mayor\u00eda de lxs politicxs intenta sepultar que es la continuaci\u00f3n del aparataje represivo y las similitudes que poseen tanto los gobiernos dictatoriales como los gobiernos democr\u00e1ticos. Las represiones, las torturas y las desapariciones forzadas nunca se fueron\u2026<\/em><\/p>\n<p align=\"justify\"><em>Creemos necesaria la expansi\u00f3n del conflicto. Desde un primer momento, compa\u00f1erxs y personas solidarias se manifestaron creativamente en distintos puntos del mundo. Al principio Uruguay, Chile, Bolivia y Per\u00fa, luego Estados Unidos, Espa\u00f1a, India, Francia, Siria, Colombia, M\u00e9xico y much\u00edsimos m\u00e1s rincones de este g<\/em><em>astado planeta. Todo esto ha difundido no s\u00f3lo lo que le ha sucedido al lechuga, sino que la solidaridad es internacionalista y no posee ninguna frontera m\u00e1s que los limites que nosotrxs mismxs nos ponemos.<\/em><\/p>\n<p align=\"justify\"><em>La prensa apunta, el Estado dispara<\/em><\/p>\n<p align=\"justify\"><em>\u00bfQu\u00e9 decir de las noticias y las investigaciones period\u00edsticas de mercenarios como Jorge Lanata, Mauro Viale, Eduardo Feinmann y demases lacayxs de la informaci\u00f3n? Levantan las siglas de la RAM adjudic\u00e1ndole de un d\u00eda para el otro m\u00e1s de una treintena de acciones que van desde pegada de afiches, quema de estancias, la muerte de un polic\u00eda fronterizo en San Martin de los Andes, venta de armas y drogas. Pasan im\u00e1genes de posibles Santiagos Maldonados en Mendoza, Entre R\u00edos, Buenos Aires; arman teor\u00edas de que Santiago era reh\u00e9n de lxs pe\u00f1is, que hab\u00eda muerto en un ataque a una estanc<\/em><em>ia, que nunca estuvo en el Lof o que era un simple artesano o un jippie viajero.<\/em><\/p>\n<p align=\"justify\"><em>Luego del ataque a la casa de Chubut, la prensa adjudica el ataque a una c\u00e9lula de la RAM que \u201calarmantemente\u201d actu\u00f3 a dos cuadras del obelisco y que entraron a los balazos; si observamos dos segundos el lugar a trav\u00e9s de las fotos vemos como claramente estaban escritas varias A dentro de un c\u00edrculo y que los da\u00f1os no fueron provocados por balas. La <\/em><em>exageraci\u00f3n nunca tuvo limite\u2026<\/em><\/p>\n<p align=\"justify\"><em> El Estado necesita revalidar su autoridad, necesita crear enemigxs internxs. La crisis econ\u00f3mica y de desempleo hace que surja un malestar bastante evidente en la calle; \u00bfQu\u00e9 mejor que echarle la culpa de la ca\u00edda de la econom\u00eda a lxs estudiantes que no son argentinos como el programa de Lanata afirmaba? \u00bfO de que lxs manterxs de descendencia africana destru\u00edan la econom\u00eda formal como declaraba Am\u00e9rica 24? \u00bfO de que el presidente Mauricio Macri dijera que lxs obrerxs se tienen que dejar de joder con eso de cortar calles, dejar de hacer juicios a lxs patrones porque eso desfavorec\u00eda a la inversi\u00f3n de d\u00f3lares de accionistas extranjeros?<\/em><\/p>\n<p align=\"justify\"><em>Las declaraciones de Patricia Bullrich (Ministra de seguridad de la Naci\u00f3n) dice que no va a dejar que crucifiquen a Gendarmer\u00eda (\u201c\u2026No voy a tirar un gendarme por la ventana\u2026\u201d), alegando que el caso Maldonado no es una desaparici\u00f3n forzada. Afirmando con los dientes apretados que ella ve\u00eda imposible que 30 gendarmes conspirasen para matar y desaparecer y que esta fuerza no es la misma que hace 40 a\u00f1os. Siempre jugando ese juego de dictadura mala, democracia buena.<\/em><\/p>\n<p align=\"justify\"><em>La familia Bullrich siempre ha sabido c\u00f3mo defender sus intereses tanto econ\u00f3micos como ideol\u00f3gicos. Adolfo Bullrich encabezaba una empresa que hacia remates de hect\u00e1reas luego de la nefasta Campa\u00f1a del Desierto (campa\u00f1a impulsada por el entonces presidente Avellaneda y continuada por Julio A. Roca, en la cual se buscaba aniquilar a los pueblos nativos que all\u00ed viv\u00edan, apropiarse de los inmensos terrenos, reafirmar la soberan\u00eda nacional y generar suculentos negociados con las empresas inglesas, galesas y todo aquel que quisiera invertir). Esteban Bullrich, hermano de Patricia, dejo su puesto de ministro de educaci\u00f3n para poder presentarse en las elecciones. Durante un spot, Esteban relataba los cambios positivos que ha generado el gobierno de Cambiemos en estos meses, en cuales dec\u00eda \u201c\u2026Hemos generado m\u00e1s chicos en las escuelas, mas asfalto en las calles y m\u00e1s pibes presos\u2026\u201d \u00bfGenera sorpresa esas palabras de alguien que en 2005 defend\u00eda al represor asesino Luis Patti para que pudiera ejercer su cargo de diputado? \u00c9l declaraba que en democracia hab\u00eda espacio para el debate de distintas ideolog\u00edas\u2026<\/em><\/p>\n<p align=\"justify\"><em>Mediante internet, sali\u00f3 la propuesta de una semana de agitaci\u00f3n por Santiago. Esto puso en alerta a las fuerzas de seguridad, tanto as\u00ed que un alto cargo de la inteligencia de la polic\u00eda federal mando un documento a la gobernadora Mar\u00eda Eugenia Vidal (PRO) para que ordenase el aumento de la seguridad y vigilancia en las calles. En tal documento habla sobre posibles ataques y atentados hacia individuxs pertenecientes a cuerpos de seguridad, infraestructura o edilicios\u2026 <\/em><\/p>\n<p align=\"justify\"><em>Esto dej\u00f3 ver un incremento no s\u00f3lo del n\u00famero de fuerzas (en plazas, terminales de tren, edificios de gendarmer\u00eda, comisar\u00edas y barrios conflictivos) sino adem\u00e1s sacaron a relucir un par de chiches que hac\u00eda rato no se ve\u00edan (tanquetitas de la polic\u00eda federal, carros hidrantes y camionetas de infanter\u00edas en todas partes). Otra que el ej\u00e9rcito en las calles.<\/em><\/p>\n<p align=\"justify\"><em>Esta nueva escalada represiva que se viene dando y se va a seguir dando en las calles de Capital, demuestra que tanto el ministerio de seguridad, como los jefes de \u201cinteligencia\u201d policiales intentan coartar toda la solidaridad, la rabia y las acciones que se desataron luego de la desaparici\u00f3n de Santiago. Tal vez estas chispas pueden llevarnos a romper nuevos l\u00edmites\u2026<\/em><\/p>\n<p align=\"justify\"><em>En algunos espacios de compa\u00f1erxs el hostigamiento se deja ver a cara de perro. Ya no s\u00f3lo pinchadas de tel\u00e9fono y algunos seguimientos; brigadas de investigaci\u00f3n sacando fotos, camionetas de infanter\u00eda en las esquinas, patrullas que van y vienen.<\/em><\/p>\n<p align=\"justify\"><em>Todo esto responde a un contexto claro. En algunos barrios de la provincia de Bs As, podemos encontrar a polic\u00edas bajando gente de colectivos para pedirles documentos y revisarle sus pertenencias; el aumento notable de patrullajes y de efectivos policiales (no s\u00f3lo es un intento de control y vigilancia, sino a su vez de intentar limpiar la imagen nefasta que posee tanto la polic\u00eda como la gendarmer\u00eda). Durante el d\u00eda del ni\u00f1o, gendarmer\u00eda hac\u00eda llegar camionetitas de juguete (id\u00e9nticas a sus m\u00f3viles) a distintas escuelas y comedores; o sea repart\u00eda descaradamente un slogan \u201csolidario\u201d a los mismos lugares donde hacen trabajos de inteligencia, entran a los tiros y reprimen ferozmente. Si antes sus trabajos de inteligencia estaban enmarcados en el Proyecto X en la \u00e9poca kirchnerista (en el cual se segu\u00eda de cerca a <\/em><em>militantes sociales u organizaciones generando base de datos) ahora han salido, m\u00e1s que nunca, a la cancha siendo otra fuerza de choque m\u00e1s que el Estado emplea a su favor.<\/em><\/p>\n<p align=\"justify\"><em>Por supuesto que las leyes no se quedan atr\u00e1s. No solo la reforma a la ley 24.660 (esta reforma niega casi todos los beneficios carcelarios y salidas transitorias d\u00e1ndoles m\u00e1s poder y decisi\u00f3n al Servicio Penitenciario); sino el aumento en penas (mejorando definiciones legales) tanto en asociaci\u00f3n il\u00edcita, como porte de arma y en da\u00f1os en la propiedad privada.<\/em><\/p>\n<p align=\"justify\"><strong><em>Relaci\u00f3n entre mapuches y anarquistas<\/em><\/strong><\/p>\n<p align=\"justify\"><em>Hemos visto como desde hace un par de a\u00f1os a esta parte algunas comunidades mapuches van dejado de lado algunos \u00e1ngulos legalistas y han decidido ocupar predios de grandes terratenientes o porciones de tierra estatales; quema de maquinaria, ataques coordinados en distintos puestos de estancia\u2026 similar a lo que sucede en el Wallmapu del lado chileno.<\/em><\/p>\n<p align=\"justify\"><em> Los medios se encarguen de declarar que todos los mapuches pertenecen al RAM o que lxs mapu que viven en el lof tambi\u00e9n pertenecen al RAM generando un enemigo interno perfecto. En realidad, la RAM (Resistencia Ancestral Mapuche) son las siglas con la cual algunos mapuches reivindican sus acciones en el Wallmapu en la regi\u00f3n argentina.<\/em><\/p>\n<p align=\"justify\"><em>El lonko Facundo Jones Huala, reconoci\u00f3 la pertenencia a este grupo mapuche. En este momento se encuentra detenido en el penal de Esquel, en el cual estuvo 18 d\u00edas en huelga de hambre, esperando una presunta extradici\u00f3n hacia Chile. \u00c9l ha reconocido un devenir hist\u00f3rico de enfrentamiento no s\u00f3lo con el Estado argentino, sino con el chileno y las empresas que devastan a mansalva los territorios con el argumento del progreso. Es una lucha ancestral que lleva m\u00e1s de 500 a\u00f1os. La RAM es s\u00f3lo una peque\u00f1a expresi\u00f3n de todo ese tiempo de lucha.<\/em><\/p>\n<p align=\"justify\"><em>El hostigamiento y la persecuci\u00f3n constante no s\u00f3lo de las fuerzas del orden, sino de lxs empresarixs y los medios de comunicaci\u00f3n es asqueante. Intentan justificar no s\u00f3lo la represi\u00f3n sino el avance neocolonial. Arrojan encabezados de que los mapuches poseen conexiones con las FARC, que posean armamento militar de asalto, que son \u201cindixs truchxs\u201d y cuantas estupideces m\u00e1s\u2026<\/em><\/p>\n<p align=\"justify\"><em>Unx como anarquista, le sigue produciendo bronca como hostigan, atacan y desaparecen a lxs mapu, como tambi\u00e9n a lxs qom, o a lxs wichi, o lxs guaran\u00ed o aquellas tribus que habitan en medio de las amazonas que resisten ante el avance de las maquinarias y el progreso del humano entendido como la civilizaci\u00f3n\u2026<\/em><\/p>\n<p align=\"justify\"><em>Muchas cosas son las que podemos compartir con lxs mapuches que combaten en el sur de la regi\u00f3n, como tambi\u00e9n muchas las que nos distancian como un abismo. Su forma de organizaci\u00f3n, las relaciones que poseen o el desenvolvimiento en la naturaleza son una demostraci\u00f3n de su propia cosmovisi\u00f3n. Querer avanzar y conseguir una naci\u00f3n mapuche es algo que como anarquistas nos produce rechazo. Respetamos su dignidad rebelde y seremos solidarixs pero no compartimos en una totalidad su lucha\u2026<\/em><\/p>\n<p align=\"justify\"><strong><em>NINGUNA EXIGENCIA AL ESTADO, CONFLICTO PERMANENTE CONTRA LA AUTORIDAD<\/em><\/strong><\/p>\n<p align=\"justify\"><em>Todxs quisi\u00e9ramos que nuestrx compa\u00f1erx apareciese con vida, que pudiese seguir recorriendo los caminos que quisiese. Sabemos que el Estado es responsable de la desaparici\u00f3n, porque esa es una de sus funciones la persecuci\u00f3n y el \u201cexterminio\u201d de los \u201celementos molestos\u201d para el normal funcionamiento de la sociedad. Por eso mismo, no podemos exigirle a nuestrxs verdugxs nada. Ellxs son responsables de las desapariciones para la trata, el movimiento de conexiones narco-policiales, el fusilamiento de lxs pibxs en los barrios en manos de las fuerzas del orden, la aprobaci\u00f3n de leyes que desean lanzar a\u00f1os de c\u00e1rcel jugando con las vidas de lxs presxs, de la aplicaci\u00f3n de nuevas tecnolog\u00edas para el control social, de la destrucci\u00f3n de territorio natural para levantar muros de hormig\u00f3n o plantaciones de soja o ma\u00edz transg\u00e9nico y muchas cosas que hacen girar la rueda del progreso del capital.<\/em><\/p>\n<p align=\"justify\"><em>Sentimos c\u00f3mo han intentado despolitizar a nuestro compa\u00f1ero. Han intentado negar sus convicciones anarquistas y han querido levantarlo como un slogan para una campa\u00f1a pol\u00edtica m\u00e1s. Por un lado, Cristina Kirchner y sus lamebotas que pareciera que tienen una memoria fr\u00e1gil, hablan de Santiago pero se le hace una nebulosa cuando hablamos de Julio L\u00f3pez (que aunque Hebe de Bonaffini diga que era un carcelero y el lechuga un militante social, lo dice para defender al kirchnerismo, aparte de ser mentira porque L\u00f3pez era un alba\u00f1il y fue desaparecido porque iba a declarar contra el represor Miguel Osvaldo Etchecolatz; demostrando que a pesar de m\u00e1s de 15 a\u00f1os de democracia el poder militar est\u00e1 bastante vigente a\u00fan ) o Luciano Arruga (un pibe que era de un barrio marginal de Lomas del Mirador y fue secuestrado, asesinado y enterrado como NN en el cementerio de la Chacarita porque se neg\u00f3 a robar para la polic\u00eda) o queremos recordar a Cristian Ib\u00e1\u00f1ez (detenido por la polic\u00eda para luego aparecer \u201csuicidado\u201d en los calabozos de una comisaria en Jujuy) y Marcelo Cuellar (en una protesta por el asesinato de su compa\u00f1ero Ib\u00e1\u00f1ez, es asesinado en la localidad de Libertador General San Mart\u00edn en 2003; ambxs eran militantes de Corriente Clasista Combativa); o a Carlos Fuentealba muerto por la represi\u00f3n policial en Neuqu\u00e9n d<\/em><em>urante un corte que realizaban trabajadores en la ruta 22 en 2007; o de Juan Carlos Erazo en Mendoza en 2008, muriendo de un absceso cerebral provocado por las lesiones que le dejaron las marcas de las balas de goma y los gases durante una toma de la planta donde \u00e9l trabajaba; o que el d\u00eda 17 de junio de 2010 fue asesinado en Bariloche el joven Diego Bonefoi, que hab\u00eda sido fusilado por la espalda por la gorra. Al d\u00eda siguiente los vecinos organizan una protesta, y en la represi\u00f3n policial mueren dos j\u00f3venes m\u00e1s: Nicol\u00e1s Carrasco y Sergio C\u00e1rdenas; o el 20 de octubre del mismo a\u00f1o en el marco de una protesta de trabajadores tercerizados del Ferrocarril Roca en Avellaneda que contaba con el apoyo de distintos grupos y partidos pol\u00edticos, Mariano Ferreyra, un militante del PO, es asesinado por los disparos de los rompe huelgas de la Uni\u00f3n Ferroviaria. Y en \u00e9pocas K, los pueblos nativos han corrido la misma suerte, el comunero ind\u00edgena Javier Chocobar, perteneciente a una comunidad diaguita en Tucum\u00e1n, resist\u00eda a los desalojos junto a otros miembros de la comunidad. Un ex polic\u00eda al servicio de los terrateniente<\/em><em>s irrumpe en su auto y empieza a los disparos, mat\u00e1ndolo e hiriendo a otros pobladores (12 de octubre de 2009). El 23 de noviembre de 2010, en Formosa, algunos qom de la comunidad La Primavera cortaban la ruta en reclamo de sus tierras. La polic\u00eda reprimi\u00f3 violentamente, asesinando dos miembros de esa comunidad, Sixto G\u00f3mez y Roberto L\u00f3pez\u2026<\/em><\/p>\n<p align=\"justify\"><em>Pero esto no ha ocurrido s\u00f3lo con el kirchnerismo, todos los gobiernos sean del color que sean tienen decenas de muertos en represiones. M\u00e1s atr\u00e1s esta V\u00edctor Choque, Teresa Rodr\u00edguez, Mauro Ojeda, Francisco Escobar, An\u00edbal Ver\u00f3n, Carlos Santill\u00e1n, Oscar Barrios, j\u00f3venes Maximiliano Tasca, Cristian G\u00f3mez, Adri\u00e1n Matassa, Miguel Bru, Javier Barrionuevo, Petete Almir\u00f3n, Dario Santill\u00e1n y Maximiliano Kosteki. Y tantxs y tantxs m\u00e1s que a manos de las fuerzas del orden son verdugueadxs, torturadxs, desaparecidxs, asesinadxs en los barrios, en las comisar\u00edas, en los psiqui\u00e1tricos, en los prost\u00edbulos o en las c\u00e1rceles.<\/em><\/p>\n<p align=\"justify\"><em>Sus manos est\u00e1n llenas de sangre, la sangre de los marginados, la sangre de los ilegales, la sangre de los rebeldes. La pasividad no es una opci\u00f3n, es hora de exigir venganza. Venganza hacia lxs verdugxs. Venganza hacia su imposici\u00f3n de una vida de miseria. Venganza contra su violencia constante. Nunca existi\u00f3 la paz para tantos muertxs, conocemos a lxs responsables, sus nombres, sus cargos y sus intenciones. Y aunque intenten tratarnos de infiltradxs y de violentxs, nosotrxs les decimos:<\/em><\/p>\n<p align=\"justify\"><strong><em>A\u00daN PODEMOS SER PEORES\u2026<\/em><\/strong><\/p>\n<p align=\"justify\"><strong><em>Algunxs an\u00e1rquicxs de Buenos Aires, Septiembre 2017<\/em><\/strong><\/p>\n","protected":false},"excerpt":{"rendered":"<p>Recibo en el correo electr\u00f3nico y difundo este texto firmado por \u00abAlgunxs an\u00e1rquicxs de Buenos Aires\u00bb y que contiene, adem\u00e1s de una cronolog\u00eda breve de las principales respuestas, tanto p\u00fablicas como con un car\u00e1cter m\u00e1s insurrecto, realizadas en solidaridad con &hellip; <a href=\"https:\/\/vozcomoarma.noblogs.org\/?p=17966\">Sigue leyendo <span class=\"meta-nav\">&rarr;<\/span><\/a><\/p>\n","protected":false},"author":7045,"featured_media":0,"comment_status":"closed","ping_status":"open","sticky":false,"template":"","format":"standard","meta":{"footnotes":""},"categories":[58,61,9,7,329],"tags":[47,13,35,78,21,16,26,42,34,24,19,10,11],"class_list":["post-17966","post","type-post","status-publish","format-standard","hentry","category-acciones","category-noticias","category-noticias-y-comunicados","category-presxs","category-santiago-maldonado-desaparecido","tag-anti-desarrollismo","tag-argentina","tag-asesinato-de-estado","tag-chile","tag-disturbios","tag-guerra-social","tag-insurreccionalismo","tag-movimientos-sociales","tag-racismo","tag-reflexion","tag-represion","tag-sabotaje","tag-solidaridad"],"_links":{"self":[{"href":"https:\/\/vozcomoarma.noblogs.org\/index.php?rest_route=\/wp\/v2\/posts\/17966","targetHints":{"allow":["GET"]}}],"collection":[{"href":"https:\/\/vozcomoarma.noblogs.org\/index.php?rest_route=\/wp\/v2\/posts"}],"about":[{"href":"https:\/\/vozcomoarma.noblogs.org\/index.php?rest_route=\/wp\/v2\/types\/post"}],"author":[{"embeddable":true,"href":"https:\/\/vozcomoarma.noblogs.org\/index.php?rest_route=\/wp\/v2\/users\/7045"}],"replies":[{"embeddable":true,"href":"https:\/\/vozcomoarma.noblogs.org\/index.php?rest_route=%2Fwp%2Fv2%2Fcomments&post=17966"}],"version-history":[{"count":3,"href":"https:\/\/vozcomoarma.noblogs.org\/index.php?rest_route=\/wp\/v2\/posts\/17966\/revisions"}],"predecessor-version":[{"id":18000,"href":"https:\/\/vozcomoarma.noblogs.org\/index.php?rest_route=\/wp\/v2\/posts\/17966\/revisions\/18000"}],"wp:attachment":[{"href":"https:\/\/vozcomoarma.noblogs.org\/index.php?rest_route=%2Fwp%2Fv2%2Fmedia&parent=17966"}],"wp:term":[{"taxonomy":"category","embeddable":true,"href":"https:\/\/vozcomoarma.noblogs.org\/index.php?rest_route=%2Fwp%2Fv2%2Fcategories&post=17966"},{"taxonomy":"post_tag","embeddable":true,"href":"https:\/\/vozcomoarma.noblogs.org\/index.php?rest_route=%2Fwp%2Fv2%2Ftags&post=17966"}],"curies":[{"name":"wp","href":"https:\/\/api.w.org\/{rel}","templated":true}]}}