{"id":1804,"date":"2013-11-24T22:07:10","date_gmt":"2013-11-24T21:07:10","guid":{"rendered":"http:\/\/vozcomoarma.noblogs.org\/?p=1804"},"modified":"2013-11-24T22:56:47","modified_gmt":"2013-11-24T21:56:47","slug":"concentracion-anarquista-delante-de-la-sede-del-deleznable-medio-burgues-el-pais-en-barcelona","status":"publish","type":"post","link":"https:\/\/vozcomoarma.noblogs.org\/?p=1804","title":{"rendered":"Concentraci\u00f3n anarquista delante de la sede del deleznable medio burgu\u00e9s El Pa\u00eds en Barcelona."},"content":{"rendered":"<p style=\"text-align: justify\">Un compa de Barcelona, al que env\u00edo un abrazo, me mand\u00f3 al correo una noticia acerca de una concentraci\u00f3n realizada ante la sede de El Pa\u00eds, despreciable peri\u00f3dico que pese a su maquillaje izquierdista cumple la misma funci\u00f3n que los dem\u00e1s, manipulando, criminalizando y funcionando como altavoz para el Estado y sus fuerzas de represi\u00f3n.<\/p>\n<p style=\"text-align: justify\">En concreto, este acto tiene lugar para denunciar y se\u00f1alar el papel que este peri\u00f3dico tuvo en la justificaci\u00f3n de la represi\u00f3n a lxs 5 anarquistas detenidxs en Barcelona y acusadxs de uno de los dos bombazos reivindicados por el Comando Mateo Morral.<\/p>\n<p style=\"text-align: justify\">Agradezco al compa la traducci\u00f3n de la noticia y de la octavilla al castellano y el hab\u00e9rmela enviado.<\/p>\n<p style=\"text-align: justify\">Aqu\u00ed os la dejo, junto al cartel utilizado para encartelar la zona.<\/p>\n<p style=\"text-align: justify\">Rodr\u00edguez Arroyo, \u00a1\u00a1mu\u00e9rete!!<\/p>\n<p style=\"text-align: justify\">&#8212;&#8212;&#8212;&#8212;-<\/p>\n<p align=\"JUSTIFY\"><em>CONCENTRACI\u00d3N DELANTE DE LA SEDE DE \u201cEL PA\u00cdS\u201d EN BARCELONA EN SOLIDARIDAD CON LXS ANARQUISTAS REPRESALIADXS<\/em><\/p>\n<p align=\"JUSTIFY\"><em>Hoy a las 8.30 de la ma\u00f1ana hemos ido a encartelar y repartir octavillas a la sede del peri\u00f3dico burgu\u00e9s \u201cEl Pa\u00eds\u201d en la calle Casp de Barcelona para se\u00f1alar a este medio como uno de los responsables de crear la alarma social que ha contribuido a apresar a nuestras compa\u00f1eras anarquistas. Se ha hecho una manifestaci\u00f3n espont\u00e1nea en las cercan\u00edas de la Plaza Urquinaona.<\/em><\/p>\n<p>&#8212;&#8212;&#8212;&#8212;-<\/p>\n<p align=\"JUSTIFY\">La octavilla dec\u00eda:<\/p>\n<p align=\"JUSTIFY\">&#8212;&#8212;&#8212;&#8212;-<\/p>\n<p align=\"JUSTIFY\"><strong><em>EL GOBIERNO SE\u00d1ALA, \u201cEL PA\u00cdS\u201d APUNTA Y LA POLIC\u00cdA DETIENE<\/em><\/strong><\/p>\n<p align=\"JUSTIFY\"><em>Hemos venido a la sede de \u201cEl Pa\u00eds\u201d para denunciar el asqueroso papel que este medio de comunicaci\u00f3n ha tenido en la reciente detenci\u00f3n de 5 compa\u00f1eras anarquistas y el posterior aprisionamiento de 2 de ellas. Todas ellas han quedado con cargos asociados con terrorismo y las dos presas se encuentran en aislamiento bajo el r\u00e9gimen FIES II, en espera de juicio. Que la justicia las considere culpables o inocentes nos da igual, ya sabemos de qu\u00e9 lado est\u00e1n ellos y de cual nosotras. Para las compa\u00f1eras va todo nuestro apoyo, \u00a1\u00a1fuerza y solidaridad incondicional!!<\/em><\/p>\n<p align=\"JUSTIFY\"><em>Ya conocemos de sobra cual es la funci\u00f3n de los medios de comunicaci\u00f3n en esta sociedad, por muy \u201cprogres\u201d que se pinten como estos de \u201cEl Pa\u00eds\u201d\u2026 Tanto los considerados de derechas como los de izquierdas, b\u00e1sicamente, defienden ferozmente el orden sobre el cual se asienta la sociedad capitalista. As\u00ed, mediante la creaci\u00f3n de la opini\u00f3n p\u00fablica y la difusi\u00f3n de los valores y las ideas de la clase dominante buscan extender entre la sociedad la sumisi\u00f3n y la aceptaci\u00f3n a la vida que nos imponen desde arriba. Obviamente, los democr\u00e1ticos c\u00f3mplices del Estado como \u201cEl Pa\u00eds\u201d son enemigos declarados de cualquiera que se enfrente al sistema y a sus instituciones \u2013especialmente si, adem\u00e1s, pasa de las palabras a los hechos-.<\/em><\/p>\n<p align=\"JUSTIFY\"><em>Aunque no nos sorprenda nada la forma de proceder de estos mercenarios de la pluma, s\u00ed que queremos resaltar y evidenciar un par de cosas: Desde un primer momento \u201cEl Pa\u00eds\u201d ha funcionado como correa de transmisi\u00f3n del Ministerio de Interior y se ha abanderado de ser la m\u00e1s directa voz de la Polic\u00eda Nazional, reproduciendo y repitiendo informaciones sesgadas y falsas para crear deliberadamente el clima adecuado para el encarcelamiento de las compa\u00f1eras. Por otro lado, han incrementado el ya generalizado linchamiento medi\u00e1tico difundiendo los nombres completos y las fotograf\u00edas de las arrestadas, cosa considerada ilegal (a pesar de ser tan dem\u00f3cratas se saltan sus propias leyes) y en ning\u00fan momento han dejado de intoxicar constantemente con la vinculaci\u00f3n entre anarquismo y terror, entre anarquismo y violencia, llegando al extremo de afirmar que el movimiento anarquista copia de Al Qaeda su forma organizativa, cosa rid\u00edcula y absurda para cualquiera que conozca m\u00ednimamente el funcionamiento sin jerarqu\u00edas y en red que propugna el ideal an\u00e1rquico desde hace m\u00e1s de un siglo.<\/em><\/p>\n<p align=\"JUSTIFY\"><em>La creaci\u00f3n del enemigo interno (las anarquistas, en este caso) ha sido una estrategia hist\u00f3rica del poder pol\u00edtico para criminalizar y reprimir cualquier disidencia y asegurar la gobernabilidad social. En este clima social y pol\u00edtico cada vez m\u00e1s crispado por la mal llamada crisis, es seguro que tienen miedo de que las pr\u00e1cticas e ideas anarquistas se extiendan cada vez a m\u00e1s gente y a m\u00e1s sectores, como de hecho hace un tiempo que est\u00e1 sucediendo.<\/em><\/p>\n<p align=\"JUSTIFY\"><em>Que los esbirros del poder y c\u00f3mplices de la represi\u00f3n, como \u201cEl Pa\u00eds\u201d, sepan que nosotras tambi\u00e9n tenemos medios y capacidad para se\u00f1alarlos y que no desaprovacharemos ninguna oportunidad para hacerlo. \u00a1\u00a1Que no lo olviden!!<\/em><\/p>\n<p align=\"JUSTIFY\"><em>\u00a1CONTRA TODA AUTORIDAD!<\/em><\/p>\n<p align=\"JUSTIFY\"><em>\u00a1LA REPRESI\u00d3N NO NOS PARAR\u00c1!<\/em><\/p>\n<p align=\"JUSTIFY\"><em>\u00a1SOLIDARIDAD Y FUERZA PARA LAS ANARQUISTAS PRESAS!<\/em><\/p>\n<p align=\"JUSTIFY\">&#8212;&#8212;&#8212;&#8212;-<\/p>\n<p align=\"JUSTIFY\">Traducido, el cartel dice:<\/p>\n<p align=\"JUSTIFY\"><em>\u00a1\u00a1A LOS BUITRES QUE SE ALIMENTAN DE DESPOJARNOS DE NUESTROS SUE\u00d1OS Y DE NUESTRA LIBERTAD&#8230;<\/em><\/p>\n<p align=\"JUSTIFY\"><em>Jorge A. Rodr\u00edguez Arroyo.<br \/>\nJefe de la secci\u00f3n de Pol\u00edtica en Espa\u00f1a de El Pa\u00eds.<br \/>\nEspecializado en terrorismo de Estado.<br \/>\nResponsable de la difamaci\u00f3n de todxs aquellxs que deciden plantarle cara a la opresi\u00f3n y a la autoridad.<\/em><\/p>\n<p align=\"JUSTIFY\">&#8230; <em>TODO NUESTRO ODIO<\/em>!!<\/p>\n<p align=\"JUSTIFY\"><a href=\"https:\/\/vozcomoarma.noblogs.org\/files\/2013\/11\/Sin-t\u00edtulo1.png\"><img loading=\"lazy\" decoding=\"async\" class=\"aligncenter size-full wp-image-1805\" alt=\"Periolistillo de El Pa\u00eds\" src=\"https:\/\/vozcomoarma.noblogs.org\/files\/2013\/11\/Sin-t\u00edtulo1.png\" width=\"879\" height=\"625\" srcset=\"https:\/\/vozcomoarma.noblogs.org\/files\/2013\/11\/Sin-t\u00edtulo1.png 879w, https:\/\/vozcomoarma.noblogs.org\/files\/2013\/11\/Sin-t\u00edtulo1-300x213.png 300w\" sizes=\"auto, (max-width: 879px) 100vw, 879px\" \/><\/a><\/p>\n","protected":false},"excerpt":{"rendered":"<p>Un compa de Barcelona, al que env\u00edo un abrazo, me mand\u00f3 al correo una noticia acerca de una concentraci\u00f3n realizada ante la sede de El Pa\u00eds, despreciable peri\u00f3dico que pese a su maquillaje izquierdista cumple la misma funci\u00f3n que los &hellip; <a href=\"https:\/\/vozcomoarma.noblogs.org\/?p=1804\">Sigue leyendo <span class=\"meta-nav\">&rarr;<\/span><\/a><\/p>\n","protected":false},"author":7045,"featured_media":0,"comment_status":"closed","ping_status":"open","sticky":false,"template":"","format":"standard","meta":{"footnotes":""},"categories":[58,132,9,7],"tags":[107,48,16,42,24,19,11],"class_list":["post-1804","post","type-post","status-publish","format-standard","hentry","category-acciones","category-acusadxs-comando-mateo-morral","category-noticias-y-comunicados","category-presxs","tag-barcelona","tag-cataluna","tag-guerra-social","tag-movimientos-sociales","tag-reflexion","tag-represion","tag-solidaridad"],"_links":{"self":[{"href":"https:\/\/vozcomoarma.noblogs.org\/index.php?rest_route=\/wp\/v2\/posts\/1804","targetHints":{"allow":["GET"]}}],"collection":[{"href":"https:\/\/vozcomoarma.noblogs.org\/index.php?rest_route=\/wp\/v2\/posts"}],"about":[{"href":"https:\/\/vozcomoarma.noblogs.org\/index.php?rest_route=\/wp\/v2\/types\/post"}],"author":[{"embeddable":true,"href":"https:\/\/vozcomoarma.noblogs.org\/index.php?rest_route=\/wp\/v2\/users\/7045"}],"replies":[{"embeddable":true,"href":"https:\/\/vozcomoarma.noblogs.org\/index.php?rest_route=%2Fwp%2Fv2%2Fcomments&post=1804"}],"version-history":[{"count":4,"href":"https:\/\/vozcomoarma.noblogs.org\/index.php?rest_route=\/wp\/v2\/posts\/1804\/revisions"}],"predecessor-version":[{"id":1813,"href":"https:\/\/vozcomoarma.noblogs.org\/index.php?rest_route=\/wp\/v2\/posts\/1804\/revisions\/1813"}],"wp:attachment":[{"href":"https:\/\/vozcomoarma.noblogs.org\/index.php?rest_route=%2Fwp%2Fv2%2Fmedia&parent=1804"}],"wp:term":[{"taxonomy":"category","embeddable":true,"href":"https:\/\/vozcomoarma.noblogs.org\/index.php?rest_route=%2Fwp%2Fv2%2Fcategories&post=1804"},{"taxonomy":"post_tag","embeddable":true,"href":"https:\/\/vozcomoarma.noblogs.org\/index.php?rest_route=%2Fwp%2Fv2%2Ftags&post=1804"}],"curies":[{"name":"wp","href":"https:\/\/api.w.org\/{rel}","templated":true}]}}