{"id":18062,"date":"2017-09-18T17:18:43","date_gmt":"2017-09-18T15:18:43","guid":{"rendered":"https:\/\/vozcomoarma.noblogs.org\/?p=18062"},"modified":"2017-09-18T17:25:37","modified_gmt":"2017-09-18T15:25:37","slug":"ee-uu-no-son-nuestros-companeros-its-ataca-al-anarquismo","status":"publish","type":"post","link":"https:\/\/vozcomoarma.noblogs.org\/?p=18062","title":{"rendered":"EE.UU. &#8211; \u00abNo son nuestros compa\u00f1eros: ITS ataca al anarquismo\u00bb, por Scott Campbell"},"content":{"rendered":"<p align=\"JUSTIFY\">En este blog ya hab\u00eda sido publicado el comunicado titulado\u00a0<strong><a href=\"https:\/\/www.google.es\/url?sa=t&amp;rct=j&amp;q=&amp;esrc=s&amp;source=web&amp;cd=1&amp;cad=rja&amp;uact=8&amp;ved=0ahUKEwjjgJ_cga_WAhXEVhQKHYPwD60QFggmMAA&amp;url=https%3A%2F%2Fvozcomoarma.noblogs.org%2F%3Fp%3D16462&amp;usg=AFQjCNF8Pu_NaaU53ZbFeMvYOQRApw6aKg\"><em>\u00abNo hay nada anarquista en el eco-fascismo: Una condena a ITS\u00bb<\/em><\/a><\/strong>, escrito por una de las personas al cargo del portal anarquista norteamericano <strong><a href=\"https:\/\/itsgoingdown.org\">It&#8217;s Going Down!<\/a><\/strong> como una cr\u00edtica a las ITS despu\u00e9s de que \u00e9stos reivindicasen la responsabilidad por una serie de asesinatos completamente arbitrarios y sin m\u00e1s motivo que el hecho de que las v\u00edctimas pertenec\u00edan a la especie humana.<\/p>\n<p align=\"JUSTIFY\">El mes pasado <strong><a href=\"https:\/\/vozcomoarma.noblogs.org\/?p=18056\">se produjo un altercado durante la Feria del Libro Anarquista de Seattle<\/a><\/strong>\u00a0entre dos anarquistas y unos miembros de la editorial y distribuidora Little Black Cart que comenz\u00f3 cuando los anarquistas pidieron explicaciones a los miembros de Little Black Cart por la publicaci\u00f3n y difusi\u00f3n en su puesto de la revista<em> \u00abAtassa: Lecturas sobre eco-extremismo\u00bb <\/em>y ante la falta de razones decidieron actuar y romper la publicaci\u00f3n por dar soporte a ideas eco-extremistas, provocando que los miembros de Little Black Cart atacasen f\u00edsicamente a estos anarquistas por romper su material, una reacci\u00f3n razonable (cualquiera habr\u00edamos hecho lo mismo si alguien aparece y rompe nuestro material), aunque tambi\u00e9n es razonable pensar que despu\u00e9s de meses de escritos eco-extremistas cargados de amenazas, de ataques directos de eco-extremistas contra colectivos y personas anarquistas, de textos eco-extremistas burl\u00e1ndose de anarquistas asesinades o en prisi\u00f3n, celebrando atentados del ISIS o humillando a v\u00edctimas de terremotos e inundaciones, la difusi\u00f3n de propaganda eco-extremista no ser\u00eda bien recibida en espacios anarquistas.<\/p>\n<p align=\"JUSTIFY\">Para quienes todav\u00eda no tengan claros los motivos para rechazar a esta tendencia y a sus defensores y no darles el menor soporte, dejo a continuaci\u00f3n, tras traducirlo a castellano desde el ingl\u00e9s, otro texto del mismo compa\u00f1ero de <strong><a href=\"https:\/\/itsgoingdown.org\/its-attacks-anarchists\/\">It&#8217;s Going Down!<\/a><\/strong> que escribi\u00f3\u00a0<strong><a href=\"https:\/\/vozcomoarma.noblogs.org\/?p=16462\"><em>\u00abNo hay nada anarquista en el eco-fascismo\u00bb<\/em><\/a><\/strong>, y que en este caso se centra en los ataques que ITS lanz\u00f3 en particular contra espacios y personas anarquistas en M\u00e9xico, llegando a reivindicar la colocaci\u00f3n de un artefacto explosivo\/incendiario con clavos como metralla en la puerta de la Okupa Che, el auditorio que permanece okupado por colectivos y grupos anarquistas dentro del campus de la UNAM, en Ciudad de M\u00e9xico.<\/p>\n<p align=\"JUSTIFY\">Decir, a prop\u00f3sito de este asunto, que tambi\u00e9n hay eco-extremistas que han enviado sus amenazas rid\u00edculas dirigidas a m\u00ed. No voy a darles m\u00e1s espacio porque al final, como ya se ha dicho muchas otras veces, lo que esta pandilla de eco-payasos m\u00e1s desea es estar en boca de todas esas personas anarquistas que tanto odian pero sin cuya atenci\u00f3n parecen no poder vivir. No obstante, debo decir que, dado que el principal veh\u00edculo de su amenaza son los \u00abesp\u00edritus ancestrales\u00bb cuya maldici\u00f3n parece haber reca\u00eddo sobre m\u00ed, creo que, en caso de querer cumplirla (ya que enviar cacareos amenazantes desde el otro lado del charco es muy c\u00f3modo, lo complicado es hacerlos realidad) tal vez tengamos que recurrir a un tablero de Ouija. Tambi\u00e9n han amenazado con seguir envi\u00e1ndome mails insultantes, pero tranquilos, creo que podr\u00e9 seguir con mi vida aunque tenga que gastar un minuto de mi precioso tiempo en mandar a la papelera todas esas tonter\u00edas.<\/p>\n<p align=\"JUSTIFY\">&#8212;&#8212;&#8212;&#8212;&#8212;&#8212;&#8212;&#8212;&#8212;&#8212;&#8212;&#8212;&#8211;<\/p>\n<p align=\"JUSTIFY\"><strong><em>\u00abNo son nuestros compa\u00f1eros: ITS ataca al anarquismo\u00bb<\/em><\/strong><\/p>\n<p align=\"JUSTIFY\"><em>En mayo de este a\u00f1o, el grupo eco-extremista Individualistas Tendiendo a lo Salvaje (ITS) public\u00f3 un comunicado asumiendo la responsabilidad por el asesinato de dos senderistas en el Estado de M\u00e9xico y el feminicidio de Lesvy Rivera en la Universidad Nacional Aut\u00f3noma de M\u00e9xico (UNAM) en Ciudad de M\u00e9xico, justificando estos actos con su creencia de que \u00abtodo ser humano merece la extinci\u00f3n\u00bb. En respuesta, escrib\u00ed <strong><a href=\"https:\/\/vozcomoarma.noblogs.org\/?p=16462\">\u201cNo hay nada anarquista en el eco-fascismo: Una condena a ITS\u201d<\/a>\u00a0<\/strong>para It&#8217;s Going Down, denunciando tanto a ITS como a las plataformas anarquistas con base en EE.UU. que difunden y promueven las actividades del grupo.<\/em><\/p>\n<p align=\"JUSTIFY\"><em><a name=\"tw-target-text\"><\/a><span lang=\"es-ES\">Aunque de ninguna manera fue la primera condena anarquista de los ITS, obtuvo un poco de atenci\u00f3n, facilitada en parte por las respuestas de los ITS y sus partidarios, a los que nos referiremos en un momento. Poco despu\u00e9s, surgieron fuertes cr\u00edticas de otros sectores, en particular de anarquistas insurrectos como L del Reino Unido (<\/span><strong><a href=\"https:\/\/vozcomoarma.noblogs.org\/?p=17476\"><span lang=\"es-ES\">aqu\u00ed<\/span><\/a><\/strong> <span lang=\"es-ES\">y <\/span><strong><a href=\"https:\/\/vozcomoarma.noblogs.org\/?p=17887\"><span lang=\"es-ES\">aqu\u00ed<\/span><\/a><\/strong><span lang=\"es-ES\">), Eat desde Indonesia (<\/span><strong><a href=\"https:\/\/vozcomoarma.noblogs.org\/?p=17481\"><span lang=\"es-ES\">aqu\u00ed<\/span><\/a><\/strong><span lang=\"es-ES\">), y una declaraci\u00f3n conjunta de antiguos miembros de Acci\u00f3n Anarquista An\u00f3nima, Conspiraci\u00f3n de C\u00e9lulas del Fuego, C\u00e9lula Insurreccional Mariano S\u00e1nchez A\u00f1on y otros en M\u00e9xico (<\/span><strong><a href=\"https:\/\/vozcomoarma.noblogs.org\/?p=17406\"><span lang=\"es-ES\">aqu\u00ed<\/span><\/a><\/strong><span lang=\"es-ES\">).<\/span><\/em><\/p>\n<p align=\"JUSTIFY\"><em><a name=\"tw-target-text1\"><\/a><span lang=\"es-ES\">En conjunto, estas declaraciones ofrecen un distanciamiento robusto de los ITS de les anarquistas y de la pr\u00e1ctica anarquista a trav\u00e9s de diversas tendencias. Ninguna se escribi\u00f3 con la esperanza de cambiar realmente el comportamiento de los ITS, sino para clarificar inequ\u00edvocamente la distinci\u00f3n entre anarquismo e ITS. De hecho, desde mayo, ITS ha continuado su camino terrorista. Lo m\u00e1s notable es que la franquicia ITS en Chile afirma haber colocado dos veces bombas en los autobuses p\u00fablicos de Transantiago (<\/span><strong><a href=\"http:\/\/maldicionecoextremista.altervista.org\/chile-trigesimo-comunicado-individualistas-tendiendo-a-lo-salvaje\/\"><span lang=\"es-ES\">uno<\/span><\/a><\/strong><span lang=\"es-ES\">, <\/span><strong><a href=\"https:\/\/atassa.wordpress.com\/2017\/08\/11\/thirty-seventh-communique-of-the-individualists-tending-toward-the-wild\/\"><span lang=\"es-ES\">dos<\/span><\/a><\/strong><span lang=\"es-ES\">). Al hacerlo, siguen los pasos de ITS en M\u00e9xico que <\/span><strong><a href=\"http:\/\/maldicionecoextremista.altervista.org\/mexico-decimo-octavo-comunicado-de-itsgrupusculo-indiscriminado\/\"><span lang=\"es-ES\">afirmaron<\/span><\/a><\/strong> <span lang=\"es-ES\">haber colocado una bomba en autobuses p\u00fablicos en la Ciudad de M\u00e9xico en octubre y noviembre pasado y en Brasil que en enero <\/span><strong><a href=\"http:\/\/maldicionecoextremista.altervista.org\/es-brasil-vigesimo-comunicado-de-individualistas-tendiendo-lo-salvaje-sociedad-secreta-silvestre\/\"><span lang=\"es-ES\">afirm\u00f3<\/span><\/a><\/strong> <span lang=\"es-ES\">haber colocado una bomba llena de metralla en una estaci\u00f3n de autobuses llena de gente en Brasilia. De hecho, la t\u00e1ctica favorita de ITS en estos d\u00edas parece ser poner bombas en las \u00e1reas p\u00fablicas con la esperanza de que exploten y mutilen o maten a tantas personas aleatorias (u \u00abovejas hiper-civilizadas\u00bb en sus palabras) como sea posible.<\/span><\/em><\/p>\n<p align=\"JUSTIFY\"><em>Mientras volar por los aires indiscriminadamente a civiles bas\u00e1ndose en una ideolog\u00eda retorcida y autoritaria sit\u00faa al ISIS en alianza con el ISIS, al-Qaeda y el Estado, debe ser <span lang=\"es-ES\">de particular preocupaci\u00f3n para les anarquistas la especial vehemencia de sus reservas para nosotres y la amenaza que representan para les anarquistas. Con tediosa previsibilidad, ITS <\/span><strong><a href=\"https:\/\/www.google.es\/url?sa=t&amp;rct=j&amp;q=&amp;esrc=s&amp;source=web&amp;cd=7&amp;cad=rja&amp;uact=8&amp;ved=0ahUKEwjN-5vw7a7WAhWGfxoKHbadDHEQFghKMAY&amp;url=http%3A%2F%2Ftocaiaecoextremista.altervista.org%2F2016%2F09%2F26%2Famerica-decimo-quinto-comunicado-de-individualistas-tendendo-ao-selvagem%2F&amp;usg=AFQjCNFCOKrAqAUGTWd2EeyPqghOCjX0ww\"><span lang=\"es-ES\">sigue<\/span><\/a><\/strong> <span lang=\"es-ES\">y <\/span><strong><a href=\"http:\/\/maldicionecoextremista.altervista.org\/mexico-vigesimo-sexto-comunicado-individualistas-tendiendo-a-lo-salvaje\/\"><span lang=\"es-ES\">sigue<\/span><\/a><\/strong> <span lang=\"es-ES\">sobre lo equivocados y malos que los anarquistas son (indudablemente, este art\u00edculo recibir\u00e1 una respuesta.) A veces no est\u00e1 claro a qui\u00e9n odian m\u00e1s, toda la civilizaci\u00f3n o s\u00f3lo nosotres. Pero en un extra\u00f1o giro, junto con las difamaciones implacables, ITS tambi\u00e9n gasta una notable cantidad de energ\u00eda <\/span><strong><a href=\"http:\/\/nechayevshchinaed.altervista.org\/2016\/09\/02\/palabras-duras-conversacion-eco-extremista\/\"><span lang=\"es-ES\">tratando de recuperar la historia anarquista selecta<\/span><\/a><\/strong> <span lang=\"es-ES\">en su ideolog\u00eda eco-extremista, en particular los pocos ataques de anarquistas en los que varies civiles fueron asesinades a finales de 1800 y principios de los a\u00f1os 1900. Como un amante despechado, ITS no puede aceptar que el anarquismo no es s\u00f3lo eso. Por lo tanto, adopta una posici\u00f3n defensiva de odio proyectado, mientras contin\u00faa buscando al anarquismo como si dijera suplicante: \u00ab\u00bfVes lo que algunos de vosotres hicieron hace m\u00e1s de 100 a\u00f1os? Eres como nosotros. Deber\u00edamos estar juntes, incluso a pesar de que te odiemos\u00bb. Sin embargo, en su revisionismo anarquista, ITS no entiende que incluso en la rara acci\u00f3n anarquista que result\u00f3 en la p\u00e9rdida de la vida civil, nunca ha sido la praxis anarquista matar a la gente por el placer de matar gente.<\/span><\/em><\/p>\n<p align=\"JUSTIFY\"><em>Es \u00fatil para entender este comportamiento la cuesti\u00f3n de la fragilidad ideol\u00f3gica (o teol\u00f3gica) de ITS. Aunque han existido durante alrededor de seis a\u00f1os, esos seis a\u00f1os han estado marcados por razones, creencias y an\u00e1lisis frecuentemente cambiantes e inconsistentes, presentados por el grupo para explicar lo que hacen y por qu\u00e9. Ahora han buscado la resoluci\u00f3n a su incoherencia existencial recurriendo a las premisas m\u00e1s b\u00e1sicas: \u00abmatarles a todes\u00bb. Esta postura de oposici\u00f3n crea un mundo maniqueo sin ning\u00fan matiz y por tanto no requiere de ninguna explicaci\u00f3n o matiz de su parte. Proclamando que todos son el enemigo, se proveen de un refugio impenetrable de toda cr\u00edtica y tambi\u00e9n de cualquier necesidad de consistencia interna.<\/em><\/p>\n<p align=\"JUSTIFY\"><em>Al existir puramente como una oposici\u00f3n a todo, sin nada salvo desd\u00e9n hacia todas las propuestas de aspiraci\u00f3n, se reducen a s\u00ed mismos a meros activistas. Sus acciones no buscan cambiar nada, son simb\u00f3licas y simplemente son hechas para hacerles sentirse mejor. Son como un graffitero que sale a poner su firma en tantos muros como sea posible y luego se van a casa, se dan palmaditas en la espalda a s\u00ed mismos y mandan un comunicado. La parte tr\u00e1gica, por supuesto, es que la firma ITS de activismo f\u00fatil implica asesinar y herir a la gente.<\/em><\/p>\n<p align=\"JUSTIFY\"><em>Al crear una ideolog\u00eda contra el anarquismo y blindar sus acciones frente a cr\u00edticas al afirmar que creen que nunca van a cambiar nada, ITS pueden llegar a ser inventivos y reaccionarios al mismo tiempo. Los pocos anarquistas siguiendo lo que ITS genera son tambi\u00e9n reveladores, en la medida en que son personas que ya son hostiles a la lucha social y ven a ITS como si desarrollasen una cr\u00edtica de corrientes dentro del anarquismo que elles tambi\u00e9n desean atacar. En resumen, mientras ITS es un instrumento con el que se nos dice que \u00abtengamos una conversaci\u00f3n\u00bb y \u00abhagamos preguntas\u00bb, en realidad ITS es simplemente un medio para un fin para aquelles que desean librar una \u00abguerra de culturas\u00bb dentro del anarquismo. Ayudan a normalizar y popularizar a ITS mientras todav\u00eda siguen manteni\u00e9ndose a distancia como un modo de divorciarse de cualquier responsabilidad. Esto es algo que quieren tanto ITS como las personas que ganan dinero vendiendo sus comunicados y usan a ITS para construir sus personalidades como podcasters y editores de revistas. Mientras tanto, el propio grupo que estes anarquistas usan para recoger capital social, amenaza con matarnos e intentar volar por los aires a nuestros amigos y espacios.<\/em><\/p>\n<p align=\"JUSTIFY\"><em>Que les anarquistas no quieran tener nada que ver con esto no es sorprendente. Es por tanto previsible que a medida que el rechazo anarquista a ITS se ha vuelto m\u00e1s estridente, la reacci\u00f3n de ITS haya alcanzado nuevos niveles de vitrificaci\u00f3n descompuesta. En noviembre del a\u00f1o pasado, publicaron un comunicado <strong><a href=\"http:\/\/maldicionecoextremista.altervista.org\/america-decimo-quinto-comunicado-de-individualistas-tendiendo-lo-salvaje\/\">quej\u00e1ndose de la \u00abcensura\u00bb de Noblogs<\/a><\/strong> despu\u00e9s de que el sitio tirase su p\u00e1gina. En marzo, despu\u00e9s de que el preso anarquista insurreccional chileno Joaqu\u00edn Garc\u00eda criticase a ITS, <strong><a href=\"http:\/\/maldicionecoextremista.altervista.org\/mexico-vigesimo-sexto-comunicado-individualistas-tendiendo-a-lo-salvaje\/\">se burlaron de \u00e9l<\/a><\/strong> y en el mismo aliento pidieron un ataque contra \u00abel hippie senil de Zerzan\u00bb. El art\u00edculo que yo escrib\u00ed en mayo aparentemente toc\u00f3 la fibra nerviosa e ITS respondieron con las \u00fanicas herramientas a su disposici\u00f3n &#8211; rabia y violencia &#8211; <strong><a href=\"http:\/\/maldicionecoextremista.altervista.org\/mexico-trigesimo-primer-comunicado-individualistas-tendiendo-a-lo-salvaje\/\">amenazando con matarme<\/a><\/strong>.<\/em><\/p>\n<p align=\"JUSTIFY\"><em>\u00abSe\u00f1or Campbell, deber\u00eda de valorar m\u00e1s su vida, est\u00e1 dirigi\u00e9ndose a personas peligrosas que han matado personas indiscriminadamente por m\u00e1s de 6 a\u00f1os, seguimos libres, no nos han podido detener, \u00bfqu\u00e9 seguridad tiene ustedes de que sepamos en qu\u00e9 lugar de M\u00e9xico anda \u201cvacacionando\u201d y lo encaremos como acostumbramos hacerlo? Deber\u00eda de relajarse porque en un pa\u00eds en donde matar periodistas es muy com\u00fan, no es muy conveniente que vaya con su c\u00e1mara para todos lados, o terminar\u00e1 como su colega Bradley Will, \u00bflo recuerda? Solo que esta vez las balas no vendr\u00e1n de los priistas.\u00bb<\/em><\/p>\n<p align=\"JUSTIFY\"><em>En buena medida, en el mismo comunicado tambi\u00e9n lanzan algo de homofobia, refiri\u00e9ndose a m\u00ed y a otres como \u00abpinches putos maricones de cagada\u00bb y algo de sexismo al denunciar a los \u00abperkin culiaos reconchasumare hijos de Contrainfo\u00bb.<\/em><\/p>\n<p align=\"JUSTIFY\"><em>Despu\u00e9s de que saliesen a la luz m\u00e1s condenas anarquistas a ITS, respondieron con <strong><a href=\"http:\/\/maldicionecoextremista.altervista.org\/mexico-trigesimo-tercer-comunicado-its-los-insurreccionales-mexicanos\/\">otro comunicado<\/a><\/strong> persiguiendo a les anarquistas insurreccionales en M\u00e9xico adem\u00e1s de acusar de chivato al principal individuo tras la biblioteca anarquista y centro social Biblioteca Social Reconstruir. Trat\u00e1ndose de un comunicado de ITS, por supuesto hay de nuevo una justa cantidad de homofobia y sexismo contenida en \u00e9l. Sin embargo, en este caso tambi\u00e9n aclar\u00f3 el incidente que ocurri\u00f3 el a\u00f1o pasado en la Okupa Che, la okupaci\u00f3n en el Auditorio Che Guevara del campus de la UNAM.<\/em><\/p>\n<p align=\"JUSTIFY\"><em><a href=\"https:\/\/itsgoingdown.org\/wp-content\/uploads\/2017\/08\/okupache-tweets.png\"><span style=\"color: #000080\"><img loading=\"lazy\" decoding=\"async\" src=\"https:\/\/itsgoingdown.org\/wp-content\/uploads\/2017\/08\/okupache-tweets.png\" width=\"490\" height=\"784\" align=\"BOTTOM\" border=\"1\" \/><\/span><\/a><\/em><\/p>\n<p align=\"JUSTIFY\"><em>Okupa Che es un espacio aut\u00f3nomo para una variedad de colectivos e individualidades que <strong><a href=\"https:\/\/subversiones.org\/archivos\/122493\">durante a\u00f1os ha estado bajo amenazas y ataques de la polic\u00eda y de la administraci\u00f3n de la universidad<\/a><\/strong>. En diciembre de 2014, tras un pulso creciente por el desalojo de la okupa, hubo una gran asamblea estudiantil como primer punto en la agenda. En alg\u00fan punto durante la noche antes de la asamblea, un artefacto explosivo fue abandonado en el exterior junto a la puerta del auditorio. Fue descrito como un paquete hecho de material inflamable y clavos, suficientemente potente para haber iniciado un fuego y herido a la gente en el espacio as\u00ed como tambi\u00e9n a quienes pasasen por all\u00ed. Pensando inicialmente que era parte del pulso para desalojar la Okupa Che, en marzo un grupo de ITS <strong><a href=\"http:\/\/maldicionecoextremista.altervista.org\/mexico-comunicado-del-grupo-indiscriminado-tendiendo-a-lo-salvaje\/\">mencion\u00f3 <\/a><\/strong>\u00abel artefacto pedorro que dejamos en la ratonera llamada che\u00bb. En el comunicado m\u00e1s reciente, ITS elabora, regurgitando sin iron\u00eda los puntos de vista del gobierno sobre el espacio:<\/em><\/p>\n<p align=\"JUSTIFY\"><em>\u00a0\u00ab\u00bfSaben por qu\u00e9 uno de nuestros grupos puso una bomba en el \u201cOkupa Che\u201d? aparte porque nos estaban difamando y porque nos cagan esos anarco-rockstar ex-presos pol\u00edticos y drogadictos que ah\u00ed se esconden, porque ese auditorio tan legendario, s\u00edmbolo de la \u201cautonom\u00eda\u201d y del movimiento estudiantil \u201ccombativo\u201d de los 90\u2019s, se ha vuelto cueva de periodistas ignominiosos, lugar en donde miembros del Cisen y de la Polic\u00eda de Investigaci\u00f3n de la Ciudad de M\u00e9xico plantan a sus informantes para sacar informaci\u00f3n por m\u00e1s irrelevante que sea.\u00bb<\/em><\/p>\n<p align=\"JUSTIFY\"><em>As\u00ed, junto con sus diatribas y amenazas de muerte contra individualidades anarquistas, se puede ver que realmente han intentado matar o herir a les anarquistas en masa y causar da\u00f1o a los espacios anarquistas. En preparaci\u00f3n para este art\u00edculo, me dirig\u00ed a los anarquistas de M\u00e9xico para tratar de documentar otras amenazas de ITS. Indicaron que numerosas amenazas de los ITS han sido dirigidas contra individues y proyectos anarquistas, pero nadie se sinti\u00f3 c\u00f3modo al registrarlo.<\/em><\/p>\n<p lang=\"es-ES\" align=\"JUSTIFY\"><em>En caso de que sus acciones reprobables, junto con amenazar e intentar matar a les anarquistas, no sea suficiente motivo para la disociaci\u00f3n anarquista de los ITS, hay otra causa de preocupaci\u00f3n anarquista. Su orgullo proclama que nunca ha sido capturado, a pesar de que \u00abInterpol ya ha recopilado toda la informaci\u00f3n que pudo de Internet sobre nuestra mafia\u00bb. \u00bfEs cierto? Si ITS est\u00e1 colocando bombas en autobuses en tres pa\u00edses, \u00bfpor qu\u00e9 la reacci\u00f3n moderada del Estado a un movimiento terrorista internacional? El portavoz de ITS en lengua inglesa se llama Abe Cabrera. Abe es una figura desconocida entre los radicales pero ha sido bien recibida en algunos c\u00edrculos debido a su defensa del eco-extremismo. No oculta d\u00f3nde vive, pero permanece sin ser molestado por el Estado. Esto es extra\u00f1o si Interpol est\u00e1 involucrada, comparado con el tratamiento recibido por les miembros de la oficina de prensa del FLT por los actos menos graves que reportaron. Ciertamente, yo no estoy abogando porque el Estado les apunte e intentar responder a por qu\u00e9 no lo ha hecho ser\u00eda pura especulaci\u00f3n. Pero como con muchas de las propias afirmaciones de ITS, las cosas no cuadran.<\/em><\/p>\n<div style=\"width: 1010px\" class=\"wp-caption alignnone\"><img loading=\"lazy\" decoding=\"async\" src=\"https:\/\/itsgoingdown.org\/wp-content\/uploads\/2017\/08\/atassa-anews-its.jpg\" alt=\"\" width=\"1000\" height=\"848\" align=\"BOTTOM\" border=\"1\" \/><p class=\"wp-caption-text\"><em>Aragorn, un miembro del colectivo Anarchist News, ri\u00e9ndose en Facebook en respuesta a la amenaza de muerte de ITS contra un anarquista, junto a la publicaci\u00f3n de esa amenaza en Anarchist News, antes de que fuese retirada.<\/em><\/p><\/div>\n<p align=\"JUSTIFY\"><em>A pesar de todo lo anterior, el hecho inquietante sigue siendo que varies anarquistas y proyectos anarquistas en los EE.UU. contin\u00faan proporcionando una plataforma a ITS. Al transmitir este hecho tanto a anarquistas sociales como insurreccionales en M\u00e9xico, respondieron con desconcierto, rabia y decepci\u00f3n de que un grupo que est\u00e1 poni\u00e9ndoles bombas y amenaz\u00e1ndoles est\u00e9 siendo aupado en los EE.UU. por algunes anarquistas. Esto habla de nuevo del privilegio del que disfrutan eses anarquistas estadounidenses en tratar a ITS como un ejercicio intelectual mientras les compa\u00f1eres en M\u00e9xico est\u00e1n bajo su ataque. Desde mayo, estas plataformas han publicado un mont\u00f3n de <strong><a href=\"http:\/\/anarchistnews.org\/tags\/its\">art\u00edculos<\/a><\/strong>\u00a0y <strong><a href=\"http:\/\/thebrilliant.org\/\">podcasts<\/a>\u00a0<\/strong>sobre ITS y atacando personalmente a anarquistas que critican a ITS.\u00a0<span lang=\"es-ES\">En respuesta al comunicado de ITS amenazando con matarme, un prominente anarquista en esta l\u00ednea escribi\u00f3: \u00abOMG esta mierda es tan hist\u00e9rica. Wow.\u00bb y luego r\u00e1pidamente lo public\u00f3 en su sitio web.\u00a0<\/span><\/em><em>Recientemente, este mismo grupo public\u00f3 <strong><a href=\"http:\/\/littleblackcart.com\/journals\/black-seed-5\/\">Black Seed<\/a><\/strong>, una revista que se distribuye a nivel nacional y que en parte busca incorporar el eco-extremismo, entre ellos el de los anarquistas. ITS, en el anarquismo verde. <strong><a href=\"https:\/\/atassa.wordpress.com\/2017\/08\/29\/call-for-submissions-sort-of\/\">Una segunda edici\u00f3n de la revista eco-extremista Atassa<\/a><\/strong> est\u00e1 programada para ser publicada alrededor de fin de a\u00f1o, presumiblemente de nuevo por Little Black Cart.<\/em><\/p>\n<p align=\"JUSTIFY\"><em>Esto no se se\u00f1ala con la expectativa de que estes individues y proyectos dejar\u00e1n de apoyar a ITS. M\u00e1s bien, se se\u00f1ala para que anarquistas<span lang=\"es-ES\">. M\u00e1s bien, es as\u00ed que les anarquistas son conscientes de aquelles en nuestros c\u00edrculos que est\u00e1n proporcionando legitimidad y cobertura para un grupo cuyo \u00fanico prop\u00f3sito es asesinar a la gente y que tienen una historia de atacar a les anarquistas en particular. ITS se ha proclamado enemigo de les anarquistas. Sus palabras y hechos reafirman eso. \u00bfPor qu\u00e9, entonces, nuestros enemigos deben ser bienvenidos o tolerados en nuestros espacios?<\/span><\/em><\/p>\n","protected":false},"excerpt":{"rendered":"<p>En este blog ya hab\u00eda sido publicado el comunicado titulado\u00a0\u00abNo hay nada anarquista en el eco-fascismo: Una condena a ITS\u00bb, escrito por una de las personas al cargo del portal anarquista norteamericano It&#8217;s Going Down! como una cr\u00edtica a las &hellip; <a href=\"https:\/\/vozcomoarma.noblogs.org\/?p=18062\">Sigue leyendo <span class=\"meta-nav\">&rarr;<\/span><\/a><\/p>\n","protected":false},"author":7045,"featured_media":0,"comment_status":"closed","ping_status":"open","sticky":false,"template":"","format":"standard","meta":{"footnotes":""},"categories":[58,61,9,20],"tags":[78,65,16,53,42,24,19,11],"class_list":["post-18062","post","type-post","status-publish","format-standard","hentry","category-acciones","category-noticias","category-noticias-y-comunicados","category-textos","tag-chile","tag-ee-uu","tag-guerra-social","tag-mexico","tag-movimientos-sociales","tag-reflexion","tag-represion","tag-solidaridad"],"_links":{"self":[{"href":"https:\/\/vozcomoarma.noblogs.org\/index.php?rest_route=\/wp\/v2\/posts\/18062","targetHints":{"allow":["GET"]}}],"collection":[{"href":"https:\/\/vozcomoarma.noblogs.org\/index.php?rest_route=\/wp\/v2\/posts"}],"about":[{"href":"https:\/\/vozcomoarma.noblogs.org\/index.php?rest_route=\/wp\/v2\/types\/post"}],"author":[{"embeddable":true,"href":"https:\/\/vozcomoarma.noblogs.org\/index.php?rest_route=\/wp\/v2\/users\/7045"}],"replies":[{"embeddable":true,"href":"https:\/\/vozcomoarma.noblogs.org\/index.php?rest_route=%2Fwp%2Fv2%2Fcomments&post=18062"}],"version-history":[{"count":8,"href":"https:\/\/vozcomoarma.noblogs.org\/index.php?rest_route=\/wp\/v2\/posts\/18062\/revisions"}],"predecessor-version":[{"id":18074,"href":"https:\/\/vozcomoarma.noblogs.org\/index.php?rest_route=\/wp\/v2\/posts\/18062\/revisions\/18074"}],"wp:attachment":[{"href":"https:\/\/vozcomoarma.noblogs.org\/index.php?rest_route=%2Fwp%2Fv2%2Fmedia&parent=18062"}],"wp:term":[{"taxonomy":"category","embeddable":true,"href":"https:\/\/vozcomoarma.noblogs.org\/index.php?rest_route=%2Fwp%2Fv2%2Fcategories&post=18062"},{"taxonomy":"post_tag","embeddable":true,"href":"https:\/\/vozcomoarma.noblogs.org\/index.php?rest_route=%2Fwp%2Fv2%2Ftags&post=18062"}],"curies":[{"name":"wp","href":"https:\/\/api.w.org\/{rel}","templated":true}]}}