{"id":18168,"date":"2017-10-04T16:01:37","date_gmt":"2017-10-04T14:01:37","guid":{"rendered":"https:\/\/vozcomoarma.noblogs.org\/?p=18168"},"modified":"2017-10-04T16:02:04","modified_gmt":"2017-10-04T14:02:04","slug":"lucha-antitaurina-es-lucha-antiespecista-recopilatorio-de-acciones-y-aportaciones-a-la-lucha-contra-la-tauromaquia-en-ciudad-real","status":"publish","type":"post","link":"https:\/\/vozcomoarma.noblogs.org\/?p=18168","title":{"rendered":"Lucha antitaurina es lucha antiespecista: Recopilatorio de acciones y aportaciones a la lucha contra la tauromaquia en Ciudad Real"},"content":{"rendered":"<p align=\"justify\">Recibo en el correo electr\u00f3nico y difundo una recopilaci\u00f3n de las acciones y aportaciones realizadas en Ciudad Real contra la tauromaquia, en clave antiespecista y aut\u00f3noma, dentro de la campa\u00f1a de este a\u00f1o. Sigue primero un recopilatorio de acciones y luego a mayores dos textos, uno de ellos tratando de contextualizar la tauromaquia y la lucha contra ella dentro de Ciudad Real y otro con reflexiones sobre dicho conflicto y la necesidad de no limitarlo a las fechas se\u00f1aladas en el calendario por los \u00abfestejos\u00bb, que es donde este tipo de protestas se suelen concentrar.<\/p>\n<p align=\"justify\">Porque ninguna lucha contra la tauromaquia deber\u00eda empezar ni terminar en las instituciones que validan y se aprovechan econ\u00f3mica y pol\u00edticamente de otras formas de especismo y esclavitud animal, y de la explotaci\u00f3n y opresi\u00f3n humana en su conjunto. Sus valores, incluso si intervienen para acabar con la tauromaquia, siguen siendo totalmente incompatibles con cualquier noci\u00f3n de libertad sea para les humanes o para el resto de especies. No se trata de que detengan la barbarie las mismas \u00e9lites que nos dominan, explotan y asesinan, que agreden al medio natural del que depende el bienestar de todes y que justifican todas sus atrocidades con las fr\u00edas matem\u00e1ticas de su econom\u00eda. Si eso ocurre, y las instituciones proh\u00edben la tauromaquia, tampoco nos vamos a disgustar, pero ni es nuestro objetivo ni deber\u00edamos tener nada que ver con quienes quieren seguir esa v\u00eda.\u00a0Aun con toda nuestra autocr\u00edtica (puesto que, conscientes de las contradicciones que nos supone hacerlo, tambi\u00e9n hemos formado y seguimos formando puntualmente frentes comunes con personas y colectivos \u00abanimalistas\u00bb que participan dentro de los mecanismos parlamentarios e institucionales), es importante dejar claro y no dilu\u00edr el hecho de que la lucha por la liberaci\u00f3n animal est\u00e1 en la calle y no en las urnas o en los parlamentos. Est\u00e1 en las acciones desde la base, en la propaganda, el boicot, el sabotaje y la movilizaci\u00f3n sin representantes, ni l\u00edderes, hasta que se abra la \u00faltima jaula y caigan los muros de la \u00faltima prisi\u00f3n.<\/p>\n<p align=\"justify\">Por mi parte, aplaudir y enviar un saludo a les compa\u00f1eres del blog Ofensiva Antitaurina por su trabajo reuniendo esta informaci\u00f3n, y a las individualidades an\u00f3nimas activas en Ciudad Real contra la tauromaquia y que de un modo u otro hicieron patente su rechazo en la calle.<\/p>\n<p align=\"justify\">&#8212;&#8212;&#8212;&#8212;&#8212;&#8212;&#8212;&#8212;&#8212;&#8212;&#8212;&#8212;-<\/p>\n<p align=\"justify\"><em><strong><a href=\"https:\/\/ofensivaantitaurinacr.noblogs.org\/post\/2017\/07\/22\/carteles-contra-la-tauromaquia-y-eliminacion-de-su-publicidad\/\">Carteles contra la tauromaquia y eliminaci\u00f3n de su publicidad.<\/a><\/strong><\/em><\/p>\n<p>&nbsp;<\/p>\n<p><a href=\"https:\/\/vozcomoarma.noblogs.org\/files\/2017\/10\/1312.jpg\"><img loading=\"lazy\" decoding=\"async\" class=\"alignnone size-full wp-image-18174\" src=\"https:\/\/vozcomoarma.noblogs.org\/files\/2017\/10\/1312.jpg\" alt=\"\" width=\"3648\" height=\"2736\" srcset=\"https:\/\/vozcomoarma.noblogs.org\/files\/2017\/10\/1312.jpg 3648w, https:\/\/vozcomoarma.noblogs.org\/files\/2017\/10\/1312-300x225.jpg 300w, https:\/\/vozcomoarma.noblogs.org\/files\/2017\/10\/1312-768x576.jpg 768w, https:\/\/vozcomoarma.noblogs.org\/files\/2017\/10\/1312-1024x768.jpg 1024w\" sizes=\"auto, (max-width: 3648px) 100vw, 3648px\" \/><\/a><\/p>\n<p><a href=\"https:\/\/vozcomoarma.noblogs.org\/files\/2017\/10\/1312b.jpg\"><img loading=\"lazy\" decoding=\"async\" class=\"alignnone size-full wp-image-18175\" src=\"https:\/\/vozcomoarma.noblogs.org\/files\/2017\/10\/1312b.jpg\" alt=\"\" width=\"3648\" height=\"2736\" srcset=\"https:\/\/vozcomoarma.noblogs.org\/files\/2017\/10\/1312b.jpg 3648w, https:\/\/vozcomoarma.noblogs.org\/files\/2017\/10\/1312b-300x225.jpg 300w, https:\/\/vozcomoarma.noblogs.org\/files\/2017\/10\/1312b-768x576.jpg 768w, https:\/\/vozcomoarma.noblogs.org\/files\/2017\/10\/1312b-1024x768.jpg 1024w\" sizes=\"auto, (max-width: 3648px) 100vw, 3648px\" \/><\/a><\/p>\n<p align=\"justify\"><em>En las partes m\u00e1s c\u00e9ntricas de la ciudad cuelgan carteles m\u00e1s peque\u00f1os en planchas de cart\u00f3n pluma, uno en cada cara. A los dos d\u00edas de instalarlos la Plaza del Pilar ten\u00eda este aspecto.<\/em><\/p>\n<p align=\"justify\"><a href=\"https:\/\/vozcomoarma.noblogs.org\/files\/2017\/10\/1312c.jpg\"><img loading=\"lazy\" decoding=\"async\" class=\"alignnone size-full wp-image-18176\" src=\"https:\/\/vozcomoarma.noblogs.org\/files\/2017\/10\/1312c.jpg\" alt=\"\" width=\"3648\" height=\"2736\" srcset=\"https:\/\/vozcomoarma.noblogs.org\/files\/2017\/10\/1312c.jpg 3648w, https:\/\/vozcomoarma.noblogs.org\/files\/2017\/10\/1312c-300x225.jpg 300w, https:\/\/vozcomoarma.noblogs.org\/files\/2017\/10\/1312c-768x576.jpg 768w, https:\/\/vozcomoarma.noblogs.org\/files\/2017\/10\/1312c-1024x768.jpg 1024w\" sizes=\"auto, (max-width: 3648px) 100vw, 3648px\" \/><\/a><\/p>\n<p align=\"justify\"><a href=\"https:\/\/ofensivaantitaurinacr.noblogs.org\/post\/2017\/07\/30\/pancartas-contra-la-tauromaquia\/\"><em><strong>Pancartas contra la tauromaquia.<\/strong><\/em><\/a><\/p>\n<div class=\"entry-content\">\n<p align=\"justify\"><em>Hemos recibido varias fotos de dos pancartas que alguien colg\u00f3 en una de las entradas del parque de Gasset y en uno de los paseos que llevan a la zona donde ayer se celebraba un festival de m\u00fasica al que acudieron cientos de personas.<\/em><\/p>\n<p align=\"justify\"><em>La primera foto la sacamos de un peri\u00f3dico digital local que la ha <a href=\"http:\/\/www.miciudadreal.es\/2017\/07\/30\/ni-matadores-ni-mataderos\/\" target=\"_blank\" rel=\"noopener\">publicado<\/a>. La otras son dos de las muchas que distintas personas nos han enviado al correo (\u00a1gracias!).<\/em><\/p>\n<p align=\"justify\"><a href=\"https:\/\/vozcomoarma.noblogs.org\/files\/2017\/10\/pancarta-antitaurina-1.jpg\"><img loading=\"lazy\" decoding=\"async\" class=\"size-full wp-image-18177 aligncenter\" src=\"https:\/\/vozcomoarma.noblogs.org\/files\/2017\/10\/pancarta-antitaurina-1.jpg\" alt=\"\" width=\"550\" height=\"365\" srcset=\"https:\/\/vozcomoarma.noblogs.org\/files\/2017\/10\/pancarta-antitaurina-1.jpg 550w, https:\/\/vozcomoarma.noblogs.org\/files\/2017\/10\/pancarta-antitaurina-1-300x199.jpg 300w\" sizes=\"auto, (max-width: 550px) 100vw, 550px\" \/><\/a> <a href=\"https:\/\/vozcomoarma.noblogs.org\/files\/2017\/10\/pct8-768x569.jpg\"><img loading=\"lazy\" decoding=\"async\" class=\"wp-image-18178 size-full aligncenter\" src=\"https:\/\/vozcomoarma.noblogs.org\/files\/2017\/10\/pct8-768x569.jpg\" alt=\"\" width=\"768\" height=\"569\" srcset=\"https:\/\/vozcomoarma.noblogs.org\/files\/2017\/10\/pct8-768x569.jpg 768w, https:\/\/vozcomoarma.noblogs.org\/files\/2017\/10\/pct8-768x569-300x222.jpg 300w\" sizes=\"auto, (max-width: 768px) 100vw, 768px\" \/><\/a> <a href=\"https:\/\/vozcomoarma.noblogs.org\/files\/2017\/10\/pt5-e1501433950491-768x544.jpg\"><img loading=\"lazy\" decoding=\"async\" class=\"alignnone size-full wp-image-18179\" src=\"https:\/\/vozcomoarma.noblogs.org\/files\/2017\/10\/pt5-e1501433950491-768x544.jpg\" alt=\"\" width=\"768\" height=\"544\" srcset=\"https:\/\/vozcomoarma.noblogs.org\/files\/2017\/10\/pt5-e1501433950491-768x544.jpg 768w, https:\/\/vozcomoarma.noblogs.org\/files\/2017\/10\/pt5-e1501433950491-768x544-300x213.jpg 300w\" sizes=\"auto, (max-width: 768px) 100vw, 768px\" \/><\/a><\/p>\n<\/div>\n<p><a href=\"https:\/\/ofensivaantitaurinacr.noblogs.org\/post\/2017\/07\/31\/art-attack-con-los-carteles-de-la-feria\/\"><strong>Art Attack con los carteles de la feria.<\/strong><\/a><\/p>\n<p><a href=\"https:\/\/vozcomoarma.noblogs.org\/files\/2017\/10\/limp6-300x225.jpg\"><img loading=\"lazy\" decoding=\"async\" class=\"alignnone size-full wp-image-18173\" src=\"https:\/\/vozcomoarma.noblogs.org\/files\/2017\/10\/limp6-300x225.jpg\" alt=\"\" width=\"300\" height=\"225\" \/><\/a> <a href=\"https:\/\/vozcomoarma.noblogs.org\/files\/2017\/10\/limp5-300x225.jpg\"><img loading=\"lazy\" decoding=\"async\" class=\"alignnone size-full wp-image-18172\" src=\"https:\/\/vozcomoarma.noblogs.org\/files\/2017\/10\/limp5-300x225.jpg\" alt=\"\" width=\"300\" height=\"225\" \/><\/a> <a href=\"https:\/\/vozcomoarma.noblogs.org\/files\/2017\/10\/limp4-300x225.jpg\"><img loading=\"lazy\" decoding=\"async\" class=\"alignnone size-full wp-image-18171\" src=\"https:\/\/vozcomoarma.noblogs.org\/files\/2017\/10\/limp4-300x225.jpg\" alt=\"\" width=\"300\" height=\"225\" \/><\/a> <a href=\"https:\/\/vozcomoarma.noblogs.org\/files\/2017\/10\/limp2-300x225.jpg\"><img loading=\"lazy\" decoding=\"async\" class=\"alignnone size-full wp-image-18170\" src=\"https:\/\/vozcomoarma.noblogs.org\/files\/2017\/10\/limp2-300x225.jpg\" alt=\"\" width=\"300\" height=\"225\" \/><\/a><\/p>\n<p><a href=\"https:\/\/vozcomoarma.noblogs.org\/files\/2017\/10\/limp1-e1501455007954-768x375.jpg\"><img loading=\"lazy\" decoding=\"async\" class=\"alignnone size-full wp-image-18169\" src=\"https:\/\/vozcomoarma.noblogs.org\/files\/2017\/10\/limp1-e1501455007954-768x375.jpg\" alt=\"\" width=\"768\" height=\"375\" srcset=\"https:\/\/vozcomoarma.noblogs.org\/files\/2017\/10\/limp1-e1501455007954-768x375.jpg 768w, https:\/\/vozcomoarma.noblogs.org\/files\/2017\/10\/limp1-e1501455007954-768x375-300x146.jpg 300w\" sizes=\"auto, (max-width: 768px) 100vw, 768px\" \/><\/a><\/p>\n<p><a href=\"https:\/\/ofensivaantitaurinacr.noblogs.org\/post\/2017\/08\/08\/rodillazo-contra-su-publicidad\/\"><strong> Rodillazo contra su publicidad<\/strong><\/a><\/p>\n<p><a href=\"https:\/\/vozcomoarma.noblogs.org\/files\/2017\/10\/r1-768x576.jpg\"><img loading=\"lazy\" decoding=\"async\" class=\"size-full wp-image-18180 aligncenter\" src=\"https:\/\/vozcomoarma.noblogs.org\/files\/2017\/10\/r1-768x576.jpg\" alt=\"\" width=\"768\" height=\"576\" srcset=\"https:\/\/vozcomoarma.noblogs.org\/files\/2017\/10\/r1-768x576.jpg 768w, https:\/\/vozcomoarma.noblogs.org\/files\/2017\/10\/r1-768x576-300x225.jpg 300w\" sizes=\"auto, (max-width: 768px) 100vw, 768px\" \/><\/a><br \/>\n<a href=\"https:\/\/ofensivaantitaurinacr.noblogs.org\/post\/2017\/08\/13\/pintada-y-pintura-contra-la-sede-del-pseo-en-c-real\/\"><strong>Pintada y pintura en la sede del PSOE en Ciudad Real.<\/strong><\/a><\/p>\n<p align=\"justify\"><em>Seg\u00fan una noticia de un per\u00f3dico local la sede del PSOE en la capital ha aparecido con una pintada en la que puede leerse Tauromaquia abolici\u00f3n y una A y V circulada y con la luna manchada con pintura roja.<\/em><\/p>\n<p align=\"justify\"><em>Tambi\u00e9n explica que desde que el PSOE asumi\u00f3 la alcald\u00eda con el apoyo de Ganemos todos los a\u00f1os por estas fechas se han sucedido estas \u201cacciones de protesta.\u201d<\/em><\/p>\n<p align=\"justify\"><em>Ponemos la foto y m\u00e1s abajo enlazamos la noticia.<\/em><\/p>\n<p align=\"justify\"><em>La noticia se puede leer <strong><a href=\"http:\/\/www.miciudadreal.es\/2017\/08\/13\/antitaurinos-manchan-de-pintura-roja-y-realizan-una-pintada-en-la-sede-del-psoe-de-ciudad-real\/\">aqu\u00ed<\/a><\/strong>.<\/em><\/p>\n<p class=\"entry-content\"><a href=\"https:\/\/vozcomoarma.noblogs.org\/files\/2017\/10\/pintadas-sede-del-psoe.jpg\"><img loading=\"lazy\" decoding=\"async\" class=\"size-full wp-image-18181 aligncenter\" src=\"https:\/\/vozcomoarma.noblogs.org\/files\/2017\/10\/pintadas-sede-del-psoe.jpg\" alt=\"\" width=\"550\" height=\"413\" srcset=\"https:\/\/vozcomoarma.noblogs.org\/files\/2017\/10\/pintadas-sede-del-psoe.jpg 550w, https:\/\/vozcomoarma.noblogs.org\/files\/2017\/10\/pintadas-sede-del-psoe-300x225.jpg 300w\" sizes=\"auto, (max-width: 550px) 100vw, 550px\" \/><\/a><strong><a href=\"https:\/\/ofensivaantitaurinacr.noblogs.org\/post\/2017\/08\/21\/cronica\/\">Cr\u00f3nica de la concentraci\u00f3n contra la tauromaquia.<\/a><\/strong><\/p>\n<p align=\"justify\"><em><strong>Pasamos a compartir una cr\u00f3nica que alg\u00fan\/a colaborador\/a nos ha enviado al mail. Desde aqu\u00ed agradecemos mucho el esfuerzo y el tiempo invertido a la gente que nos manda \u00e9ste y otros textos.<\/strong><\/em><\/p>\n<p align=\"justify\"><em>Sabiendo como trabajan normalmente los periodistas en esta ciudad [1] (\u00a1y en todas!) y tambi\u00e9n para empezar a trabajar en crear nuestros propios relatos y no dejar en manos de otras contar algo de lo que nosotras somos las protagonistas nos hemos animado a hacer una peque\u00f1a cr\u00f3nica de la concentraci\u00f3n que ayer s\u00e1bado 19 se llev\u00f3 a cabo frente a la plaza de toros de Ciudad Real.<\/em><\/p>\n<p align=\"justify\"><em>Ya antes de la hora a la que ten\u00eda previsto empezar, las 18:15, hab\u00eda gente concentrada y prepar\u00e1ndola. La polic\u00eda hab\u00eda colocado vallas que delimitaban el espacio en el que se supon\u00eda que ten\u00edamos que juntarnos pero mucha gente tambi\u00e9n se concentr\u00f3 fuera del lugar marcado. No sabemos si por casualidad o con intenci\u00f3n pero pasamos la hora y media larga al sol con temperaturas de m\u00e1s de 38 grados. Seis personas se tumbaron durante todo el tiempo que dur\u00f3 la protesta manchadas de \u201csangre\u201d y con una banderillas mientras se desplegaban varias pancartas y se gritaba contra la tortura que es la tauromaquia: \u201cyo no me divierto con el sufrimiento\u201d, \u201ctauromaqu\u00eda abolici\u00f3n\u201d, \u201casesinos\u201d y varias consignas m\u00e1s no pararon de escucharse mientras dur\u00f3 la concentraci\u00f3n.<\/em><\/p>\n<p align=\"justify\"><em>Es de justicia agradecer a subdelegaci\u00f3n de gobierno [2] su p\u00e9sima gesti\u00f3n de todo esto porque gracias a ella se ha pudo reventar el acto de homenaje que se le estaba haciendo al asesino Reina Rinc\u00f3n que tiene una estatua a pocos mentros de d\u00f3nde nos concentr\u00e1bamos nosotros. Acto por cierto p\u00e9simamente organizado pues hab\u00eda cientos de personas entrando a la plaza a muy poca distancia de donde iba a ser el homenaje que ni se acercaron, no llevaron ning\u00fan tipo de megafon\u00eda as\u00ed que apenas se oy\u00f3 lo que ten\u00edan que decir sobre este matarife y sus aplausos al terminarlo quedaron anulados por gritos de \u201c\u00a1asesino!\u201d.<\/em><\/p>\n<p align=\"justify\"><em>Durante la concentraci\u00f3n, que dur\u00f3 m\u00e1s all\u00e1 del inicio de la corrida, las 19:30, no faltaron los ya habituales insultos machistas, clasistas, hom\u00f3fobos y especistas. Esto no lo decimos en tono victimista sino simplemente para intentar enteder qu\u00e9 tipo de gente es a la que nos enfrentamos y como otro ejemplo m\u00e1s de como las diferentes opresiones est\u00e1n relacionadas entre s\u00ed al sustentarse en lo mismo.<\/em><\/p>\n<p align=\"justify\"><em>Para nosotros la concentraci\u00f3n es una m\u00e1s de las diferentes maneras en las que la lucha contra la tauromaqu\u00eda se expresa en esta ciudad pero intentamos no dejar de ver que no es la culminaci\u00f3n de nada, que aqu\u00ed nada acaba. Tampoco que la mayor o menos asistencia a la misma sea el \u00fanico indicador de lo fuerte que est\u00e1 la lucha. Por supuesto es ilusinante encontrarte con m\u00e1s de 150 personas sobre todo porque demuestra que muchas estamos por acabar cuanto antes con la tauromaquia a pesar de todos los impedimentos.<\/em><\/p>\n<p align=\"justify\"><em>Nos queda mucho por hacer.<\/em><\/p>\n<p align=\"justify\"><i>[1] Por ejemplo el periodista del Lanza Carlos Monteagudo, aficionado reconocido a la tauromaquia y a la caza titulaba as\u00ed la noticia: \u201c120 antitaurinos y 3600 afinicionados en la concentraci\u00f3n antitaurina de Ciudad Real\u201d. Este mismo personaje escribi\u00f3 una noticia sobre una convocatoria programada para protestar contra el circo con animales que es digna de estudio por descarada y tendenciosa: \u201c[\u2026]han organizado una concentraci\u00f3n \u201d pac\u00edfica y legal\u201d para mostrar por cuarta vez, su rechazo a la instalaci\u00f3n de circos de animales en la capital. Recordamos que el pasado mes de febrero, un grupo de cuatro personas \u201cpac\u00edficas\u00a0 y legales\u201d logr\u00f3 colarse\u00a0 en el Circo Continental de Ciudad Real y liberar a dos toros y unos ponis al grito de \u2018Liberaci\u00f3n animal\u2019. La noticia entera <a href=\"http:\/\/www.lanzadigital.com\/provincia\/ciudad-real\/los-animalistas-volveran-concentrarse-ciudad-real-la-llegada-circo\/\" target=\"_blank\" rel=\"noopener\">aqu\u00ed.<\/a><\/i><\/p>\n<p align=\"justify\"><i>Tampoco olvidamos como el diario digital Miciudadreal hizo un art\u00edculo en el que expon\u00edan lo \u201cbien que estaban los animales del circo\u201d al visitar sus jaulas acompa\u00f1ados por los mismos que los explotan y encierran.<\/i><\/p>\n<p align=\"justify\"><i>[2] De la Tribuna de Ciudad Real: [\u2026] momentos de tensi\u00f3n al coincidir con la entrada de los aficionados taurinas a la segunda corrida de feria y con el homenaje a Reina Rinc\u00f3n. Por este segundo motivo, el Ateneo Taurino de Ciudad Real ha pedido hoy la dimisi\u00f3n del subdelegado del Gobierno al no comprender c\u00f3mo se pod\u00edan haber autorizado la protesta a la misma hora y lugar.<\/i><\/p>\n<p align=\"justify\"><a href=\"https:\/\/vozcomoarma.noblogs.org\/files\/2017\/10\/cln-768x510.jpg\"><img loading=\"lazy\" decoding=\"async\" class=\"size-full wp-image-18182 aligncenter\" src=\"https:\/\/vozcomoarma.noblogs.org\/files\/2017\/10\/cln-768x510.jpg\" alt=\"\" width=\"768\" height=\"510\" srcset=\"https:\/\/vozcomoarma.noblogs.org\/files\/2017\/10\/cln-768x510.jpg 768w, https:\/\/vozcomoarma.noblogs.org\/files\/2017\/10\/cln-768x510-300x199.jpg 300w\" sizes=\"auto, (max-width: 768px) 100vw, 768px\" \/><\/a> <a href=\"https:\/\/vozcomoarma.noblogs.org\/files\/2017\/10\/clnn-768x510.jpg\"><img loading=\"lazy\" decoding=\"async\" class=\"size-full wp-image-18183 aligncenter\" src=\"https:\/\/vozcomoarma.noblogs.org\/files\/2017\/10\/clnn-768x510.jpg\" alt=\"\" width=\"768\" height=\"510\" srcset=\"https:\/\/vozcomoarma.noblogs.org\/files\/2017\/10\/clnn-768x510.jpg 768w, https:\/\/vozcomoarma.noblogs.org\/files\/2017\/10\/clnn-768x510-300x199.jpg 300w\" sizes=\"auto, (max-width: 768px) 100vw, 768px\" \/><\/a> <a href=\"https:\/\/ofensivaantitaurinacr.noblogs.org\/post\/2017\/08\/25\/tenidas-de-rojo-dos-fuentes-en-ciudad-real\/\"><strong>Te\u00f1idas de rojo dos fuentes en Ciudad Real.<\/strong><\/a><\/p>\n<p align=\"justify\"><i>La \u00faltima noche de ferias despues de tres d\u00edas de asesinatos aplaudidos de toros y uno m\u00e1s de juegos humillantes con vaquillas en la plaza de Ciudad Real, echamos varios productos que ti\u00f1ieron de rojo dos fuentes del Parque de Gasset: la m\u00edtica Talaverana y la que est\u00e1 junto al paseo central.<\/i><\/p>\n<p align=\"justify\"><i>Elegimos estas dos fuentes porque a ellas no van a beber los p\u00e1jaros debido a que son poco accesibles para ellos, desprenden un fuerte olor por la cantidad de productos que se les echan para tratar el agua (numerosas pastillas de cloro y alguicidas) y sobre todo porque en el mismo parque hay estanques de aguas sin tratar donde s\u00ed beben. Adem\u00e1s lo que usamos no llevaba disolventes, esmaltes o barnices.<\/i><\/p>\n<p align=\"justify\"><i>Estamos seguras\/os que a aquellas\/os que pagan por ver sufrir, agonizar y morir a un animal que siente todos y cada uno de los golpes, punzadas, rajas y desgarros les gustar\u00e1n m\u00e1s como quedan ahora, rojo \u201csangre\u201d. A las\/os responsables de la matanza (promotores, empresas patrocinadoras, administraci\u00f3n\u2026) les deber\u00eda servir para saber que la lucha no parar\u00e1 hasta que la tauromaquia desaparezca y al resto nos recuerda que 18 toros y dos vaquillas fueron torturados\/as, humillados\/as y asesinados\/as en nuestra ciudad y que solo de nosotras\/os depende que no vuelva a pasar.<\/i><\/p>\n<p align=\"justify\"><strong><i>Contra la sangre convertida en negocio y espect\u00e1culo.<br \/>\n<\/i><\/strong><strong><i>No pararemos hasta la abolici\u00f3n.<\/i><\/strong><\/p>\n<p><a href=\"https:\/\/vozcomoarma.noblogs.org\/files\/2017\/10\/fclean-300x225.jpg\"><img loading=\"lazy\" decoding=\"async\" class=\"wp-image-18184 size-full aligncenter\" src=\"https:\/\/vozcomoarma.noblogs.org\/files\/2017\/10\/fclean-300x225.jpg\" alt=\"\" width=\"300\" height=\"225\" \/><\/a><i><\/i><\/p>\n<p align=\"justify\"><i>Durante todo este tiempo adem\u00e1s de acciones como las que hemos pasado hemos recibido varios textos que han tratado desde la <strong><a href=\"https:\/\/ofensivaantitaurinacr.noblogs.org\/post\/2017\/07\/23\/70\/\">situaci\u00f3n y contextualizaci\u00f3n de la tauromaquia en esta ciudad<\/a><\/strong> a la <strong><a href=\"https:\/\/ofensivaantitaurinacr.noblogs.org\/post\/2017\/09\/07\/invierno\/\">necesidad de no limitar la lucha contra la tauromaquia a las fechas<\/a><\/strong> <strong><a href=\"https:\/\/ofensivaantitaurinacr.noblogs.org\/post\/2017\/09\/07\/invierno\/\">cercanas a la celebraci\u00f3n de las torturas<\/a><\/strong>. Tambi\u00e9n desde el blog hemos querido compartir material de otros proyectos para difundir ideas y maneras de actuar con las que nos sentimos afines y que pensamos puede ayudar a hacer m\u00e1s eficiente y tambi\u00e9n m\u00e1s justa la lucha contra la tauromaquia (click <strong><a href=\"https:\/\/ofensivaantitaurinacr.noblogs.org\/post\/2017\/09\/21\/policia\/\">aqu\u00ed<\/a><\/strong> y <strong><a href=\"https:\/\/ofensivaantitaurinacr.noblogs.org\/post\/2017\/08\/06\/deslio-y-feten-los-dos-toros-que-consiguieron-que-se-suspendiera-la-corrida\/\">aqu\u00ed<\/a><\/strong>).<\/i><\/p>\n<p align=\"justify\"><em>Para cualquier pregunta o cr\u00edtica escribir a la direcci\u00f3n de correo <\/em><em>electr\u00f3nico: notortura[arroba]riseup.net<\/em><\/p>\n<p><em><strong> <a href=\"http:\/\/www.ofensivaantitaurinacr.noblogs.org\" target=\"_blank\" rel=\"noreferrer noopener\">www.ofensivaantitaurinacr.noblogs.org<\/a><\/strong><\/em><br \/>\n<em><strong> Blog de lucha contra la tauromaquia en Ciudad Real<\/strong><\/em><br \/>\n<em><strong> Se acab\u00f3 la fiesta.<\/strong><\/em><\/p>\n","protected":false},"excerpt":{"rendered":"<p>Recibo en el correo electr\u00f3nico y difundo una recopilaci\u00f3n de las acciones y aportaciones realizadas en Ciudad Real contra la tauromaquia, en clave antiespecista y aut\u00f3noma, dentro de la campa\u00f1a de este a\u00f1o. Sigue primero un recopilatorio de acciones y &hellip; <a href=\"https:\/\/vozcomoarma.noblogs.org\/?p=18168\">Sigue leyendo <span class=\"meta-nav\">&rarr;<\/span><\/a><\/p>\n","protected":false},"author":7045,"featured_media":0,"comment_status":"closed","ping_status":"open","sticky":false,"template":"","format":"standard","meta":{"footnotes":""},"categories":[58,61,9],"tags":[39,332,16,42],"class_list":["post-18168","post","type-post","status-publish","format-standard","hentry","category-acciones","category-noticias","category-noticias-y-comunicados","tag-anti-especismo","tag-ciudad-real","tag-guerra-social","tag-movimientos-sociales"],"_links":{"self":[{"href":"https:\/\/vozcomoarma.noblogs.org\/index.php?rest_route=\/wp\/v2\/posts\/18168","targetHints":{"allow":["GET"]}}],"collection":[{"href":"https:\/\/vozcomoarma.noblogs.org\/index.php?rest_route=\/wp\/v2\/posts"}],"about":[{"href":"https:\/\/vozcomoarma.noblogs.org\/index.php?rest_route=\/wp\/v2\/types\/post"}],"author":[{"embeddable":true,"href":"https:\/\/vozcomoarma.noblogs.org\/index.php?rest_route=\/wp\/v2\/users\/7045"}],"replies":[{"embeddable":true,"href":"https:\/\/vozcomoarma.noblogs.org\/index.php?rest_route=%2Fwp%2Fv2%2Fcomments&post=18168"}],"version-history":[{"count":2,"href":"https:\/\/vozcomoarma.noblogs.org\/index.php?rest_route=\/wp\/v2\/posts\/18168\/revisions"}],"predecessor-version":[{"id":18186,"href":"https:\/\/vozcomoarma.noblogs.org\/index.php?rest_route=\/wp\/v2\/posts\/18168\/revisions\/18186"}],"wp:attachment":[{"href":"https:\/\/vozcomoarma.noblogs.org\/index.php?rest_route=%2Fwp%2Fv2%2Fmedia&parent=18168"}],"wp:term":[{"taxonomy":"category","embeddable":true,"href":"https:\/\/vozcomoarma.noblogs.org\/index.php?rest_route=%2Fwp%2Fv2%2Fcategories&post=18168"},{"taxonomy":"post_tag","embeddable":true,"href":"https:\/\/vozcomoarma.noblogs.org\/index.php?rest_route=%2Fwp%2Fv2%2Ftags&post=18168"}],"curies":[{"name":"wp","href":"https:\/\/api.w.org\/{rel}","templated":true}]}}