{"id":18202,"date":"2017-10-07T13:52:16","date_gmt":"2017-10-07T11:52:16","guid":{"rendered":"https:\/\/vozcomoarma.noblogs.org\/?p=18202"},"modified":"2017-10-07T17:35:33","modified_gmt":"2017-10-07T15:35:33","slug":"chile-incendiado-bus-del-transantiago-en-solidaridad-con-preses-anarquistas","status":"publish","type":"post","link":"https:\/\/vozcomoarma.noblogs.org\/?p=18202","title":{"rendered":"Chile &#8211; Incendiado bus del TranSantiago en solidaridad con preses anarquistas"},"content":{"rendered":"<p align=\"justify\"><a href=\"https:\/\/vozcomoarma.noblogs.org\/files\/2017\/10\/2.jpg\"><img loading=\"lazy\" decoding=\"async\" class=\"alignleft wp-image-18203 size-medium\" src=\"https:\/\/vozcomoarma.noblogs.org\/files\/2017\/10\/2-300x168.jpg\" alt=\"\" width=\"300\" height=\"168\" srcset=\"https:\/\/vozcomoarma.noblogs.org\/files\/2017\/10\/2-300x168.jpg 300w, https:\/\/vozcomoarma.noblogs.org\/files\/2017\/10\/2.jpg 636w\" sizes=\"auto, (max-width: 300px) 100vw, 300px\" \/><\/a>Recibo en el correo electr\u00f3nico y difundo el siguiente comunicado reivindicando el incendio de un bus del TranSantiago en Santiago de Chile en solidaridad con les preses anarquistas:<\/p>\n<p align=\"justify\">&#8212;&#8212;&#8212;&#8212;&#8212;&#8212;&#8212;&#8212;&#8212;&#8212;-<\/p>\n<p align=\"justify\"><em>Como ayer y hoy, al igual que ma\u00f1ana, y t\u00e9nganlo m\u00e1s que claro <strong>TODA LA VIDA<\/strong>, nos posicionamos en guerra constante contra el poder, sus sistemas, su estado y toda autoridad.<\/em><\/p>\n<p align=\"justify\"><em>En las afueras del Liceo de Aplicaci\u00f3n, Stgo., $hile la ma\u00f1ana del 2 de Octubre decidimos solidarizar con todxs lxs presxs de la Guerra Social de manera activa y conflictiva, teniendo claro que la palabra va junto con la acci\u00f3n. Alrededor de las 8:15hrs.am. salimos a la calle con un claro objetivo, la quema de un bus del transporte p\u00fablico, aludiendo el control policial de la zona, con esto demostramos que estas acciones se pueden llevar a cabo, refregando en su cara al poder que nada ni nadie detendr\u00e1 el avance de la insurrecci\u00f3n an\u00e1rquica y la Guerra Social.<\/em><\/p>\n<p align=\"justify\"><em>Mediante esta acci\u00f3n mandamos un fraterno y calido abrazo a todxs lxs compa\u00f1erxs que se encuentran enjauladxs en las c\u00e1rceles de la democracia, sinti\u00e9ndonos hermanadxs con su fiero arrojo.<\/em><\/p>\n<p align=\"justify\"><em>Hacemos el llamado a todas las individualidades an\u00e1rquicas e insurrectas a la\u00a0<strong>\u201cSOLIDARIDAD INTERNACIONAL CON TODXS LXS PRESXS DEL MUNDO\u201d<\/strong>\u00a0y a la vez que se multiplique el conflicto multiforme y activamente.<\/em><\/p>\n<p align=\"justify\"><em>Mandamos fuerza al pe\u00f1i que mantuvo la huelga de hambre mientras se comet\u00eda la acci\u00f3n, as\u00ed tambi\u00e9n a lxs pe\u00f1is del caso Luchsinger-Mackay, caso Iglesia y de la Operaci\u00f3n Hurac\u00e1n.<\/em><\/p>\n<p><em><strong>RECORDAMOS EN CADA ACCION A TODXS NUESTRXS COMPA\u00d1ERXS MUERTXS CON EL CALOR DEL FUEGO. MAURICIO MORALES, CLAUDIA LOPEZ, SEBASTIAN OVERSLUIJ, JHONY CARIQUEO, MATIAS CATRILEO, MAURICIO MIRANDA SIEMPRE PRESENTES!!!<\/strong><\/em><\/p>\n<p><em><strong>\u00a1\u00a1\u00a1Procuremos que viva la Anarkia!!!<\/strong><\/em><\/p>\n<p><em><strong>B.A.I<\/strong><\/em><\/p>\n<p><em><strong>\u201cBanda Anarquista Informal\u201d<\/strong><\/em><\/p>\n<p><a href=\"https:\/\/vozcomoarma.noblogs.org\/files\/2017\/10\/11.jpg\"><img loading=\"lazy\" decoding=\"async\" class=\"alignnone size-full wp-image-18215\" src=\"https:\/\/vozcomoarma.noblogs.org\/files\/2017\/10\/11.jpg\" alt=\"\" width=\"730\" height=\"410\" srcset=\"https:\/\/vozcomoarma.noblogs.org\/files\/2017\/10\/11.jpg 730w, https:\/\/vozcomoarma.noblogs.org\/files\/2017\/10\/11-300x168.jpg 300w\" sizes=\"auto, (max-width: 730px) 100vw, 730px\" \/><\/a><\/p>\n","protected":false},"excerpt":{"rendered":"<p>Recibo en el correo electr\u00f3nico y difundo el siguiente comunicado reivindicando el incendio de un bus del TranSantiago en Santiago de Chile en solidaridad con les preses anarquistas: &#8212;&#8212;&#8212;&#8212;&#8212;&#8212;&#8212;&#8212;&#8212;&#8212;- Como ayer y hoy, al igual que ma\u00f1ana, y t\u00e9nganlo m\u00e1s &hellip; <a href=\"https:\/\/vozcomoarma.noblogs.org\/?p=18202\">Sigue leyendo <span class=\"meta-nav\">&rarr;<\/span><\/a><\/p>\n","protected":false},"author":7045,"featured_media":0,"comment_status":"closed","ping_status":"open","sticky":false,"template":"","format":"standard","meta":{"footnotes":""},"categories":[58,61,9,7],"tags":[47,78,16,26,10,11],"class_list":["post-18202","post","type-post","status-publish","format-standard","hentry","category-acciones","category-noticias","category-noticias-y-comunicados","category-presxs","tag-anti-desarrollismo","tag-chile","tag-guerra-social","tag-insurreccionalismo","tag-sabotaje","tag-solidaridad"],"_links":{"self":[{"href":"https:\/\/vozcomoarma.noblogs.org\/index.php?rest_route=\/wp\/v2\/posts\/18202","targetHints":{"allow":["GET"]}}],"collection":[{"href":"https:\/\/vozcomoarma.noblogs.org\/index.php?rest_route=\/wp\/v2\/posts"}],"about":[{"href":"https:\/\/vozcomoarma.noblogs.org\/index.php?rest_route=\/wp\/v2\/types\/post"}],"author":[{"embeddable":true,"href":"https:\/\/vozcomoarma.noblogs.org\/index.php?rest_route=\/wp\/v2\/users\/7045"}],"replies":[{"embeddable":true,"href":"https:\/\/vozcomoarma.noblogs.org\/index.php?rest_route=%2Fwp%2Fv2%2Fcomments&post=18202"}],"version-history":[{"count":4,"href":"https:\/\/vozcomoarma.noblogs.org\/index.php?rest_route=\/wp\/v2\/posts\/18202\/revisions"}],"predecessor-version":[{"id":18217,"href":"https:\/\/vozcomoarma.noblogs.org\/index.php?rest_route=\/wp\/v2\/posts\/18202\/revisions\/18217"}],"wp:attachment":[{"href":"https:\/\/vozcomoarma.noblogs.org\/index.php?rest_route=%2Fwp%2Fv2%2Fmedia&parent=18202"}],"wp:term":[{"taxonomy":"category","embeddable":true,"href":"https:\/\/vozcomoarma.noblogs.org\/index.php?rest_route=%2Fwp%2Fv2%2Fcategories&post=18202"},{"taxonomy":"post_tag","embeddable":true,"href":"https:\/\/vozcomoarma.noblogs.org\/index.php?rest_route=%2Fwp%2Fv2%2Ftags&post=18202"}],"curies":[{"name":"wp","href":"https:\/\/api.w.org\/{rel}","templated":true}]}}